{"id":60134,"date":"2024-11-06T17:43:48","date_gmt":"2024-11-06T16:43:48","guid":{"rendered":"https:\/\/imagazine.it\/home_desk\/?p=60134"},"modified":"2024-11-07T12:59:30","modified_gmt":"2024-11-07T11:59:30","slug":"palmanova-riaprono-le-gallerie-sotterranee","status":"publish","type":"post","link":"https:\/\/imagazine.it\/home_desk\/palmanova-riaprono-le-gallerie-sotterranee\/","title":{"rendered":"Palmanova: riaprono le Gallerie sotterranee"},"content":{"rendered":"<p><span style=\"font-size: 10pt;\"><em>Gallerie di Contromina (ph. Comune di Palmanova)<\/em><\/span><\/p>\n<p>PALMANOVA \u2013 Da\u00a0<strong>sabato 9 novembre<\/strong>\u00a0riapriranno al pubblico le\u00a0<strong>gallerie sotterranee di Contromina del Rivellino R2 di Palmanova<\/strong>.<\/p>\n<p>Erano state chiuse per consentirne ampliamento e restauro.<strong>\u00a0<\/strong><\/p>\n<p>Assieme a queste torna visitabile anche\u00a0<strong>Baluardo Donato<\/strong>, uno dei meglio conservati della Fortezza.<\/p>\n<h3>Le novit\u00e0<\/h3>\n<p>Il percorso di visita \u00e8 stato raddoppiato\u00a0<strong>da 250 a 500 metri<\/strong>, grazie alla realizzazione di un\u00a0<strong>sistema di drenaggio dell\u2019acqua piovana<\/strong>.<\/p>\n<p>Completamente riqualificato l\u2019<strong>impianto elettrico\u00a0<\/strong>e di<strong>\u00a0illuminazione<\/strong>, sono state inserite\u00a0<strong>reti anti-animale<\/strong>\u00a0e restaurato l\u2019<strong>ingresso<\/strong>.<\/p>\n<p>Sono state inoltre\u00a0<strong>risanate le murature<\/strong>\u00a0tra gli elementi lapidei, consolidati paramenti e volte in corrispondenza delle principali lesioni, secondo la prassi del restauro conservativo.<\/p>\n<p>All\u2019opera di recupero di questi spazi, si affiancher\u00e0 l\u2019installazione di esperienze di visita interattive, al momento ancora in fase di completamento.<\/p>\n<p>Un sistema di colonnine attrezzate fornir\u00e0 una\u00a0<strong>connessione wi-fi<\/strong>\u00a0all\u2019interno delle gallerie e verr\u00e0 installato anche un sistema di\u00a0<strong>allarme con videosorveglianza<\/strong>\u00a0su pi\u00f9 punti.<\/p>\n<p>L\u2019offerta turistica sar\u00e0 implementata con un sistema di\u00a0<strong>audioguide,\u00a0<\/strong>video immersivi e<strong>\u00a0proiezioni multimediali<\/strong>.<\/p>\n<p>\u201cSiamo felici \u2013 le parole del sindaco <strong>Giuseppe Tellini<\/strong> \u2013 di aver portato a compimento un progetto che mira a far emergere il valore storico della citt\u00e0 fortezza attraverso un luogo ricco di fascino e mistero\u201d.<\/p>\n<p>\u201cLa Palmanova Underground, in questi anni, sta ottenendo un grande successo in termini di affluenza. Ora il percorso \u00e8 stato rinnovato affinch\u00e8 possa diventare ancor pi\u00f9 immersivo e coinvolgente anche grazie all\u2019utilizzo delle nuove tecnologie\u201d, commenta il vicesindaco con delega ai Bastioni,\u00a0<strong>Luca Piani<\/strong>.<\/p>\n<h3>Costi e orari<\/h3>\n<p>Gallerie del Rivellino e Baluardo Donato saranno visitabili\u00a0<strong>tutti i sabati e le domeniche<\/strong>\u00a0<strong>dalle 10 alle 13 e dalle 14 alle 16.30\u00a0<\/strong>(o su prenotazione per gruppi). Il costo del biglietto per le\u00a0<strong>gallerie<\/strong>\u00a0\u00e8 di\u00a0<strong>5 euro.<\/strong><\/p>\n<p>A questa visita si pu\u00f2 affiancare quella della\u00a0<strong>Sala Video Multimediale di Borgo Udine 4<\/strong>, vicino a Piazza Grande (biglietto d\u2019ingresso 3 euro).<\/p>\n<p>\u00c8 possibile acquistare un\u00a0<strong>biglietto unico<\/strong>\u00a0per entrambi gli ingressi al costo di\u00a0<strong>6 euro<\/strong>. Ingresso gratuito per ragazzi under 14, un capogruppo ogni 25 paganti, guide turistiche, giornalisti, possessori di Fvg Card, disabili e accompagnatori di persone non autosufficienti.<\/p>\n<p>Per info e prenotazioni:\u00a0<strong>Infopoint Turistico PromoTurismo FVG<\/strong>\u00a0Borgo Udine, 4 &#8211; Tel. 0432 924815\u00a0<a href=\"mailto:info.palmanova@promoturismo.fvg.it\">info.palmanova@promoturismo.fvg.it<\/a><\/p>\n","protected":false},"excerpt":{"rendered":"<p>Completato il restauro e l&#8217;ampliamento dei percorsi di visita. Da sabato nuovamente visitabili dal pubblico<\/p>\n","protected":false},"author":28,"featured_media":60135,"comment_status":"closed","ping_status":"closed","sticky":false,"template":"","format":"image","meta":{"dwc-title":[""],"dwc-content":[""],"footnotes":""},"categories":[8],"tags":[2576,154,1828],"class_list":["post-60134","post","type-post","status-publish","format-image","has-post-thumbnail","hentry","category-turismo","tag-gallerie","tag-palmanova","tag-visite","post_format-post-format-image"],"rttpg_featured_image_url":{"full":["https:\/\/imagazine.it\/wp-content\/uploads\/2024\/11\/Gallerie-di-Contromina-foto-Comune-di-Palmanova-Large.jpg",1366,807,false],"landscape":["https:\/\/imagazine.it\/wp-content\/uploads\/2024\/11\/Gallerie-di-Contromina-foto-Comune-di-Palmanova-Large.jpg",1366,807,false],"portraits":["https:\/\/imagazine.it\/wp-content\/uploads\/2024\/11\/Gallerie-di-Contromina-foto-Comune-di-Palmanova-Large.jpg",1366,807,false],"thumbnail":["https:\/\/imagazine.it\/wp-content\/uploads\/2024\/11\/Gallerie-di-Contromina-foto-Comune-di-Palmanova-Large-150x150.jpg",150,150,true],"medium":["https:\/\/imagazine.it\/wp-content\/uploads\/2024\/11\/Gallerie-di-Contromina-foto-Comune-di-Palmanova-Large-300x177.jpg",300,177,true],"large":["https:\/\/imagazine.it\/wp-content\/uploads\/2024\/11\/Gallerie-di-Contromina-foto-Comune-di-Palmanova-Large-1024x605.jpg",640,378,true],"thumblist":["https:\/\/imagazine.it\/wp-content\/uploads\/2024\/11\/Gallerie-di-Contromina-foto-Comune-di-Palmanova-Large-300x300.jpg",300,300,true],"thumbrelated":["https:\/\/imagazine.it\/wp-content\/uploads\/2024\/11\/Gallerie-di-Contromina-foto-Comune-di-Palmanova-Large-500x500.jpg",500,500,true],"meccarouselthumb":["https:\/\/imagazine.it\/wp-content\/uploads\/2024\/11\/Gallerie-di-Contromina-foto-Comune-di-Palmanova-Large-474x324.jpg",474,324,true],"gridsquare":["https:\/\/imagazine.it\/wp-content\/uploads\/2024\/11\/Gallerie-di-Contromina-foto-Comune-di-Palmanova-Large-391x260.jpg",391,260,true],"tileview":["https:\/\/imagazine.it\/wp-content\/uploads\/2024\/11\/Gallerie-di-Contromina-foto-Comune-di-Palmanova-Large-300x400.jpg",300,400,true],"1536x1536":["https:\/\/imagazine.it\/wp-content\/uploads\/2024\/11\/Gallerie-di-Contromina-foto-Comune-di-Palmanova-Large.jpg",1366,807,false],"2048x2048":["https:\/\/imagazine.it\/wp-content\/uploads\/2024\/11\/Gallerie-di-Contromina-foto-Comune-di-Palmanova-Large.jpg",1366,807,false],"newsup-slider-full":["https:\/\/imagazine.it\/wp-content\/uploads\/2024\/11\/Gallerie-di-Contromina-foto-Comune-di-Palmanova-Large-1280x720.jpg",1280,720,true],"newsup-featured":["https:\/\/imagazine.it\/wp-content\/uploads\/2024\/11\/Gallerie-di-Contromina-foto-Comune-di-Palmanova-Large-1024x605.jpg",1024,605,true],"newsup-medium":["https:\/\/imagazine.it\/wp-content\/uploads\/2024\/11\/Gallerie-di-Contromina-foto-Comune-di-Palmanova-Large-720x380.jpg",720,380,true],"tptn_thumbnail":["https:\/\/imagazine.it\/wp-content\/uploads\/2024\/11\/Gallerie-di-Contromina-foto-Comune-di-Palmanova-Large-250x210.jpg",250,210,true],"sow-carousel-default":["https:\/\/imagazine.it\/wp-content\/uploads\/2024\/11\/Gallerie-di-Contromina-foto-Comune-di-Palmanova-Large-272x182.jpg",272,182,true]},"rttpg_author":{"display_name":"redazione","author_link":"https:\/\/imagazine.it\/home_desk\/author\/redazione\/"},"rttpg_comment":0,"rttpg_category":"<a href=\"https:\/\/imagazine.it\/home_desk\/category\/turismo\/\" rel=\"category tag\">TURISMO<\/a>","rttpg_excerpt":"Completato il restauro e l'ampliamento dei percorsi di visita. Da sabato nuovamente visitabili dal pubblico","_links":{"self":[{"href":"https:\/\/imagazine.it\/home_desk\/wp-json\/wp\/v2\/posts\/60134","targetHints":{"allow":["GET"]}}],"collection":[{"href":"https:\/\/imagazine.it\/home_desk\/wp-json\/wp\/v2\/posts"}],"about":[{"href":"https:\/\/imagazine.it\/home_desk\/wp-json\/wp\/v2\/types\/post"}],"author":[{"embeddable":true,"href":"https:\/\/imagazine.it\/home_desk\/wp-json\/wp\/v2\/users\/28"}],"replies":[{"embeddable":true,"href":"https:\/\/imagazine.it\/home_desk\/wp-json\/wp\/v2\/comments?post=60134"}],"version-history":[{"count":0,"href":"https:\/\/imagazine.it\/home_desk\/wp-json\/wp\/v2\/posts\/60134\/revisions"}],"wp:featuredmedia":[{"embeddable":true,"href":"https:\/\/imagazine.it\/home_desk\/wp-json\/wp\/v2\/media\/60135"}],"wp:attachment":[{"href":"https:\/\/imagazine.it\/home_desk\/wp-json\/wp\/v2\/media?parent=60134"}],"wp:term":[{"taxonomy":"category","embeddable":true,"href":"https:\/\/imagazine.it\/home_desk\/wp-json\/wp\/v2\/categories?post=60134"},{"taxonomy":"post_tag","embeddable":true,"href":"https:\/\/imagazine.it\/home_desk\/wp-json\/wp\/v2\/tags?post=60134"}],"curies":[{"name":"wp","href":"https:\/\/api.w.org\/{rel}","templated":true}]}}