{"id":60014,"date":"2024-10-31T14:13:14","date_gmt":"2024-10-31T13:13:14","guid":{"rendered":"https:\/\/imagazine.it\/home_desk\/?p=60014"},"modified":"2024-11-05T12:43:15","modified_gmt":"2024-11-05T11:43:15","slug":"sotto-il-segno-del-drago","status":"publish","type":"post","link":"https:\/\/imagazine.it\/home_desk\/sotto-il-segno-del-drago\/","title":{"rendered":"Sotto il segno del drago"},"content":{"rendered":"<p><span style=\"font-size: 10pt;\"><em>Da sinistra l&#8217;artista Alessandro De ioannon, l&#8217;assessore comunale Andrea Bruscia e Paola Bristot<\/em><\/span><\/p>\n<p>SAN VITO AL TAGLIAMENTO &#8211; Torna\u00a0il <strong>Piccolo Festival dell&#8217;Animazione<\/strong>, la rassegna dedicata all\u2019illustrazione e all&#8217;animazione d&#8217;autore organizzata dall&#8217;<strong>Associazione Viva Comix<\/strong> con la direzione artistica di <strong>Paola Bristot<\/strong>.<\/p>\n<p>La 17^ edizione \u00e8 in programma\u00a0<strong>dal 9 al 17 novembre <\/strong>con il titolo<strong> &#8220;<em>Nel segno del drago<\/em>&#8220;<\/strong>, come suggerisce la sigla del festival che passa sulle veloci ruote di uno skateboard, disegnata in stile nipponico da\u00a0<strong>Elisa Menini<\/strong>.<\/p>\n<p>Proprio l\u2019artista ospite parteciper\u00e0 al festival con le sue immagini &#8220;statiche&#8221;, per modo di dire, ovvero disegni e stampe che saranno in\u00a0esposizione nella Chiesa di San Lorenzo di San Vito al Tagliamento e che\u00a0per l&#8217;occasione\u00a0diventa <em>PFA HUB<\/em>.<\/p>\n<p>L&#8217;apertura del PFA HUB, il 9 novembre, alle 17, inaugura con le sue mostre ufficialmente l&#8217;inizio del Piccolo Festival dell&#8217;Animazione.<\/p>\n<p>In esposizione anche opere di\u00a0Viola Mancini, Veronica Martiradonna, Ahmed Ben Nessib, Jure Engelberger, Tam\u00e1s Patrovits. Ma soprattutto saranno esposte le acquaforti di\u00a0Alexandre Alexe\u00efeff, tratte dal libro &#8220;Images de la lune&#8221;.<\/p>\n<p>Il festival si terr\u00e0 principalmente a San Vito al Tagliamento ma spazier\u00e0 anche nelle vicine province di Pordenone, Udine, Gorizia, Staranzano e Trieste, portando con s\u00e9 <strong>80 animazioni<\/strong> tra cortometraggi e mediometraggi animati d&#8217;autore selezionati tra gli oltre 1.000 visionati e pervenuti da tutto il mondo.<\/p>\n<p>Non mancheranno, oltre alle proiezioni e ai disegni e alle tavole in mostra, anche\u00a0incontri con gli autori,\u00a0focus e approfondimenti come quello sull&#8217;intelligenza artificiale e su alcune tecniche analogiche ancora molto in voga come il Pinscreen, Dj Set e spettacoli come ad esempio l&#8217;Evento\u00a0<strong>Nevermind,\u00a0<\/strong>la\u00a0versione musicata e cantata del celebre\u00a0libro di Tuono Pettinato, una delle pi\u00f9 rilevanti figure del fumetto contemporaneo con\u00a0Paulonia Zumo, Davide Toffolo, Marco Gortana e Paola Bistrot,\u00a0ma anche una sorpresa domenica 10 con i Ronfi di Adriano Carnevali e, laboratori di animazione <em>stop motion<\/em> e masterclass.<\/p>\n<p>Sono 80 i cortometraggi provenienti da Estonia, Messico, Giappone, Finlandia, Svizzera, Belgio, Canada, Slovenia, Germania, Polonia, Francia, Croazia, Sud Corea, Latvia, Inghilterra, Spagna, Portogallo, Cile, Iran, Repubblica Ceca, India, Russia, Serbia, Brasile, Ungheria, Georgia, Paesi Bassi e naturalmente dall&#8217;Italia.<\/p>\n<p>Suddivisi per sezione, dalla Competizione principale a Visual&amp;Music alla selezione per Green Animation, saranno proiettati in pi\u00f9 occasioni sul territorio regionale.<\/p>\n<p><span style=\"text-decoration: underline;\"><strong><a href=\"https:\/\/www.piccolofestivalanimazione.it\/wordpress\/\" target=\"_blank\" rel=\"noopener\">Clicca qui per il programma completo dell\u2019evento<\/a><\/strong><\/span><\/p>\n","protected":false},"excerpt":{"rendered":"<p>Torna il Piccolo Festival dell&#8217;Animazione. Nove giorni di eventi sul territorio regionale con opere pervenute da tutto il mondo<\/p>\n","protected":false},"author":28,"featured_media":60015,"comment_status":"closed","ping_status":"closed","sticky":false,"template":"","format":"image","meta":{"dwc-title":[""],"dwc-content":[""],"footnotes":""},"categories":[37],"tags":[2566,58,2567],"class_list":["post-60014","post","type-post","status-publish","format-image","has-post-thumbnail","hentry","category-cultura-e-spettacolo","tag-animazione","tag-festival","tag-illustrazione","post_format-post-format-image"],"rttpg_featured_image_url":{"full":["https:\/\/imagazine.it\/wp-content\/uploads\/2024\/10\/presentazione-Pfa-da-sx-Alessandro-De-ioannon-Andrea-Bruscia-e-Paola-Bristot.jpg",1366,804,false],"landscape":["https:\/\/imagazine.it\/wp-content\/uploads\/2024\/10\/presentazione-Pfa-da-sx-Alessandro-De-ioannon-Andrea-Bruscia-e-Paola-Bristot.jpg",1366,804,false],"portraits":["https:\/\/imagazine.it\/wp-content\/uploads\/2024\/10\/presentazione-Pfa-da-sx-Alessandro-De-ioannon-Andrea-Bruscia-e-Paola-Bristot.jpg",1366,804,false],"thumbnail":["https:\/\/imagazine.it\/wp-content\/uploads\/2024\/10\/presentazione-Pfa-da-sx-Alessandro-De-ioannon-Andrea-Bruscia-e-Paola-Bristot-150x150.jpg",150,150,true],"medium":["https:\/\/imagazine.it\/wp-content\/uploads\/2024\/10\/presentazione-Pfa-da-sx-Alessandro-De-ioannon-Andrea-Bruscia-e-Paola-Bristot-300x177.jpg",300,177,true],"large":["https:\/\/imagazine.it\/wp-content\/uploads\/2024\/10\/presentazione-Pfa-da-sx-Alessandro-De-ioannon-Andrea-Bruscia-e-Paola-Bristot-1024x603.jpg",640,377,true],"thumblist":["https:\/\/imagazine.it\/wp-content\/uploads\/2024\/10\/presentazione-Pfa-da-sx-Alessandro-De-ioannon-Andrea-Bruscia-e-Paola-Bristot-300x300.jpg",300,300,true],"thumbrelated":["https:\/\/imagazine.it\/wp-content\/uploads\/2024\/10\/presentazione-Pfa-da-sx-Alessandro-De-ioannon-Andrea-Bruscia-e-Paola-Bristot-500x500.jpg",500,500,true],"meccarouselthumb":["https:\/\/imagazine.it\/wp-content\/uploads\/2024\/10\/presentazione-Pfa-da-sx-Alessandro-De-ioannon-Andrea-Bruscia-e-Paola-Bristot-474x324.jpg",474,324,true],"gridsquare":["https:\/\/imagazine.it\/wp-content\/uploads\/2024\/10\/presentazione-Pfa-da-sx-Alessandro-De-ioannon-Andrea-Bruscia-e-Paola-Bristot-391x260.jpg",391,260,true],"tileview":["https:\/\/imagazine.it\/wp-content\/uploads\/2024\/10\/presentazione-Pfa-da-sx-Alessandro-De-ioannon-Andrea-Bruscia-e-Paola-Bristot-300x400.jpg",300,400,true],"1536x1536":["https:\/\/imagazine.it\/wp-content\/uploads\/2024\/10\/presentazione-Pfa-da-sx-Alessandro-De-ioannon-Andrea-Bruscia-e-Paola-Bristot.jpg",1366,804,false],"2048x2048":["https:\/\/imagazine.it\/wp-content\/uploads\/2024\/10\/presentazione-Pfa-da-sx-Alessandro-De-ioannon-Andrea-Bruscia-e-Paola-Bristot.jpg",1366,804,false],"newsup-slider-full":["https:\/\/imagazine.it\/wp-content\/uploads\/2024\/10\/presentazione-Pfa-da-sx-Alessandro-De-ioannon-Andrea-Bruscia-e-Paola-Bristot-1280x720.jpg",1280,720,true],"newsup-featured":["https:\/\/imagazine.it\/wp-content\/uploads\/2024\/10\/presentazione-Pfa-da-sx-Alessandro-De-ioannon-Andrea-Bruscia-e-Paola-Bristot-1024x603.jpg",1024,603,true],"newsup-medium":["https:\/\/imagazine.it\/wp-content\/uploads\/2024\/10\/presentazione-Pfa-da-sx-Alessandro-De-ioannon-Andrea-Bruscia-e-Paola-Bristot-720x380.jpg",720,380,true],"tptn_thumbnail":["https:\/\/imagazine.it\/wp-content\/uploads\/2024\/10\/presentazione-Pfa-da-sx-Alessandro-De-ioannon-Andrea-Bruscia-e-Paola-Bristot-250x210.jpg",250,210,true],"sow-carousel-default":["https:\/\/imagazine.it\/wp-content\/uploads\/2024\/10\/presentazione-Pfa-da-sx-Alessandro-De-ioannon-Andrea-Bruscia-e-Paola-Bristot-272x182.jpg",272,182,true]},"rttpg_author":{"display_name":"redazione","author_link":"https:\/\/imagazine.it\/home_desk\/author\/redazione\/"},"rttpg_comment":0,"rttpg_category":"<a href=\"https:\/\/imagazine.it\/home_desk\/category\/cultura-e-spettacolo\/\" rel=\"category tag\">CULTURA&amp;SPETTACOLO<\/a>","rttpg_excerpt":"Torna il Piccolo Festival dell'Animazione. Nove giorni di eventi sul territorio regionale con opere pervenute da tutto il mondo","_links":{"self":[{"href":"https:\/\/imagazine.it\/home_desk\/wp-json\/wp\/v2\/posts\/60014","targetHints":{"allow":["GET"]}}],"collection":[{"href":"https:\/\/imagazine.it\/home_desk\/wp-json\/wp\/v2\/posts"}],"about":[{"href":"https:\/\/imagazine.it\/home_desk\/wp-json\/wp\/v2\/types\/post"}],"author":[{"embeddable":true,"href":"https:\/\/imagazine.it\/home_desk\/wp-json\/wp\/v2\/users\/28"}],"replies":[{"embeddable":true,"href":"https:\/\/imagazine.it\/home_desk\/wp-json\/wp\/v2\/comments?post=60014"}],"version-history":[{"count":0,"href":"https:\/\/imagazine.it\/home_desk\/wp-json\/wp\/v2\/posts\/60014\/revisions"}],"wp:featuredmedia":[{"embeddable":true,"href":"https:\/\/imagazine.it\/home_desk\/wp-json\/wp\/v2\/media\/60015"}],"wp:attachment":[{"href":"https:\/\/imagazine.it\/home_desk\/wp-json\/wp\/v2\/media?parent=60014"}],"wp:term":[{"taxonomy":"category","embeddable":true,"href":"https:\/\/imagazine.it\/home_desk\/wp-json\/wp\/v2\/categories?post=60014"},{"taxonomy":"post_tag","embeddable":true,"href":"https:\/\/imagazine.it\/home_desk\/wp-json\/wp\/v2\/tags?post=60014"}],"curies":[{"name":"wp","href":"https:\/\/api.w.org\/{rel}","templated":true}]}}