{"id":59977,"date":"2024-10-30T16:18:45","date_gmt":"2024-10-30T15:18:45","guid":{"rendered":"https:\/\/imagazine.it\/home_desk\/?p=59977"},"modified":"2024-10-30T16:18:45","modified_gmt":"2024-10-30T15:18:45","slug":"franco-pin-la-pittura-una-maratona","status":"publish","type":"post","link":"https:\/\/imagazine.it\/home_desk\/franco-pin-la-pittura-una-maratona\/","title":{"rendered":"Franco Pin: &#8220;La pittura? Una maratona&#8221;"},"content":{"rendered":"<p><em><span style=\"font-size: 10pt;\">Franco Pin nel suo studio (ph. Claudio Pizzin)<\/span><\/em><\/p>\n<p><strong>Franco Pin <\/strong>\u00e8 un artista autodidatta presente nel panorama pittorico da pi\u00f9 di quarant\u2019anni.<\/p>\n<p>Nato nel 1946 a Lughignano di Casale sul Sile, a 11 anni va lavorare in albergo come garzone tuttofare in una Treviso dove sono ancora profondi i segni dei bombardamenti aerei del secondo conflitto mondiale.<\/p>\n<p>Nel 1961 raggiunge il fratello emigrato a Torino trovando lavoro come cameriere. Durante il servizio militare a <strong>Palmanova <\/strong>incontra la ragazza che al termine della leva diverr\u00e0 sua moglie.<\/p>\n<p>Rientrato nel capoluogo piemontese per lavorare in una ditta metalmeccanica, nel 1973 si trasferisce con la consorte in Friuli, dove inizia il suo percorso artistico.<\/p>\n<p>Ha partecipato a oltre cinquanta tra mostre collettive e vernici personali.<\/p>\n<p>Vive e opera a <strong>Bagnaria Arsa<\/strong>. Numerose sue opere sono esposte presso enti pubblici e collezionisti privati in Italia e all\u2019estero.<\/p>\n<p><strong>Franco Pin, come si \u00e8 avvicinato al mondo dell\u2019arte?<\/strong><\/p>\n<p>\u00abAmavo disegnare sin da piccolo alla fioca luce dell\u2019unica lampadina della cucina. Poi, dall\u2019et\u00e0 di undici anni, la vita mi ha portato a lavorare lontano da casa, prima a Treviso e poi a Torino. Attorno ai trent\u2019anni ho riscoperto a passione per l\u2019arte\u00bb.<\/p>\n<p><strong>Lei \u00e8 un autodidatta: da dove ha preso i primi spunti per le opere d\u2019esordio?<\/strong><\/p>\n<p>\u00abProvai a imparare a utilizzare i colori a olio riproducendo un pittore americano del primo Novecento, George Foster. Fu in questo modo che le mie prime opere videro la luce\u00bb.<\/p>\n<p><strong>C\u2019\u00e8 un artista in particolare a cui si ispira?<\/strong><\/p>\n<p>\u00abPi\u00f9 che un artista singolo trovo ispirazione nell\u2019Espressionismo\u00bb.<\/p>\n<p><strong>Quali messaggi desidera trasmettere attraverso le sue opere?<\/strong><\/p>\n<p>\u00abNon tanto trasmettere messaggi quanto in realt\u00e0 raccontare storie che attingono sia nel mio passato sia nella contemporaneit\u00e0\u00bb.<\/p>\n<p><strong>In quarant\u2019anni di attivit\u00e0 come si \u00e8 evoluta la sua pittura?<\/strong><\/p>\n<p>\u00abSono sempre stato attratto dal lato figurativo ed \u00e8 sicuramente su questo aspetto che ritengo aver compiuto il percorso pi\u00f9 significativo, passando da una iniziale ricerca di aderenza alla realt\u00e0 a una sua interpretazione\u00bb.<\/p>\n<figure id=\"attachment_59979\" aria-describedby=\"caption-attachment-59979\" style=\"width: 800px\" class=\"wp-caption aligncenter\"><img loading=\"lazy\" decoding=\"async\" class=\"size-full wp-image-59979\" src=\"https:\/\/imagazine.it\/wp-content\/uploads\/2024\/10\/PON2287.jpg\" alt=\"\" width=\"800\" height=\"1016\" title=\"\" srcset=\"https:\/\/imagazine.it\/wp-content\/uploads\/2024\/10\/PON2287.jpg 800w, https:\/\/imagazine.it\/wp-content\/uploads\/2024\/10\/PON2287-236x300.jpg 236w, https:\/\/imagazine.it\/wp-content\/uploads\/2024\/10\/PON2287-768x975.jpg 768w\" sizes=\"auto, (max-width: 800px) 100vw, 800px\" \/><figcaption id=\"caption-attachment-59979\" class=\"wp-caption-text\">Un&#8217;opera di Franco Pin (ph. Claudio Pizzin)<\/figcaption><\/figure>\n<p><strong>Qual \u00e8 il rapporto con gli altri artisti del territorio?<\/strong><\/p>\n<p>\u00abIl rapporto artistico e umano \u00e8 nella maggior parte dei casi ottimo\u00bb.<\/p>\n<p><strong>A proposito di territorio: lei \u00e8 nato in provincia di Treviso e risiede in comune di Bagnaria Arsa. Si sente pi\u00f9 veneto o friulano?<\/strong><\/p>\n<p>\u00abDirei italiano\u00bb.<\/p>\n<p><strong>Quali sono le prossime opere sulle quali sta lavorando?<\/strong><\/p>\n<p>\u00abOra sto compiendo degli approfondimenti sul tema del corpo umano e sto sperimentando un percorso sull\u2019astratto\u00bb.<\/p>\n<p><strong>A un giovane che vorrebbe intraprendere il percorso artistico quali consigli darebbe?<\/strong><\/p>\n<p>\u00abDirei di affrontare la pittura con costanza e dedizione: dipingere non sono i 100 metri piani ma una maratona\u00bb.<\/p>\n","protected":false},"excerpt":{"rendered":"<p>Veneto di nascita ma friulano di adozione. Le opere dell\u2019artista di Bagnaria Arsa sono esposte presso enti pubblici e collezionisti privati in Italia e all\u2019estero. \u00abCostanza e dedizione sono fondamentali: dipingere non \u00e8 come correre i 100 metri\u00bb<\/p>\n","protected":false},"author":12,"featured_media":59978,"comment_status":"closed","ping_status":"closed","sticky":false,"template":"","format":"image","meta":{"dwc-title":[""],"dwc-content":[""],"footnotes":""},"categories":[37],"tags":[165,1479,60,851],"class_list":["post-59977","post","type-post","status-publish","format-image","has-post-thumbnail","hentry","category-cultura-e-spettacolo","tag-arte","tag-bagnaria-arsa","tag-mostre","tag-pittura","post_format-post-format-image"],"rttpg_featured_image_url":{"full":["https:\/\/imagazine.it\/wp-content\/uploads\/2024\/10\/a_PIN5846.jpg",1366,884,false],"landscape":["https:\/\/imagazine.it\/wp-content\/uploads\/2024\/10\/a_PIN5846.jpg",1366,884,false],"portraits":["https:\/\/imagazine.it\/wp-content\/uploads\/2024\/10\/a_PIN5846.jpg",1366,884,false],"thumbnail":["https:\/\/imagazine.it\/wp-content\/uploads\/2024\/10\/a_PIN5846-150x150.jpg",150,150,true],"medium":["https:\/\/imagazine.it\/wp-content\/uploads\/2024\/10\/a_PIN5846-300x194.jpg",300,194,true],"large":["https:\/\/imagazine.it\/wp-content\/uploads\/2024\/10\/a_PIN5846-1024x663.jpg",640,414,true],"thumblist":["https:\/\/imagazine.it\/wp-content\/uploads\/2024\/10\/a_PIN5846-300x300.jpg",300,300,true],"thumbrelated":["https:\/\/imagazine.it\/wp-content\/uploads\/2024\/10\/a_PIN5846-500x500.jpg",500,500,true],"meccarouselthumb":["https:\/\/imagazine.it\/wp-content\/uploads\/2024\/10\/a_PIN5846-474x324.jpg",474,324,true],"gridsquare":["https:\/\/imagazine.it\/wp-content\/uploads\/2024\/10\/a_PIN5846-391x260.jpg",391,260,true],"tileview":["https:\/\/imagazine.it\/wp-content\/uploads\/2024\/10\/a_PIN5846-300x400.jpg",300,400,true],"1536x1536":["https:\/\/imagazine.it\/wp-content\/uploads\/2024\/10\/a_PIN5846.jpg",1366,884,false],"2048x2048":["https:\/\/imagazine.it\/wp-content\/uploads\/2024\/10\/a_PIN5846.jpg",1366,884,false],"newsup-slider-full":["https:\/\/imagazine.it\/wp-content\/uploads\/2024\/10\/a_PIN5846-1280x720.jpg",1280,720,true],"newsup-featured":["https:\/\/imagazine.it\/wp-content\/uploads\/2024\/10\/a_PIN5846-1024x663.jpg",1024,663,true],"newsup-medium":["https:\/\/imagazine.it\/wp-content\/uploads\/2024\/10\/a_PIN5846-720x380.jpg",720,380,true],"tptn_thumbnail":["https:\/\/imagazine.it\/wp-content\/uploads\/2024\/10\/a_PIN5846-250x210.jpg",250,210,true],"sow-carousel-default":["https:\/\/imagazine.it\/wp-content\/uploads\/2024\/10\/a_PIN5846-272x182.jpg",272,182,true]},"rttpg_author":{"display_name":"Claudio Pizzin","author_link":"https:\/\/imagazine.it\/home_desk\/author\/pizzin\/"},"rttpg_comment":0,"rttpg_category":"<a href=\"https:\/\/imagazine.it\/home_desk\/category\/cultura-e-spettacolo\/\" rel=\"category tag\">CULTURA&amp;SPETTACOLO<\/a>","rttpg_excerpt":"Veneto di nascita ma friulano di adozione. Le opere dell\u2019artista di Bagnaria Arsa sono esposte presso enti pubblici e collezionisti privati in Italia e all\u2019estero. \u00abCostanza e dedizione sono fondamentali: dipingere non \u00e8 come correre i 100 metri\u00bb","_links":{"self":[{"href":"https:\/\/imagazine.it\/home_desk\/wp-json\/wp\/v2\/posts\/59977","targetHints":{"allow":["GET"]}}],"collection":[{"href":"https:\/\/imagazine.it\/home_desk\/wp-json\/wp\/v2\/posts"}],"about":[{"href":"https:\/\/imagazine.it\/home_desk\/wp-json\/wp\/v2\/types\/post"}],"author":[{"embeddable":true,"href":"https:\/\/imagazine.it\/home_desk\/wp-json\/wp\/v2\/users\/12"}],"replies":[{"embeddable":true,"href":"https:\/\/imagazine.it\/home_desk\/wp-json\/wp\/v2\/comments?post=59977"}],"version-history":[{"count":0,"href":"https:\/\/imagazine.it\/home_desk\/wp-json\/wp\/v2\/posts\/59977\/revisions"}],"wp:featuredmedia":[{"embeddable":true,"href":"https:\/\/imagazine.it\/home_desk\/wp-json\/wp\/v2\/media\/59978"}],"wp:attachment":[{"href":"https:\/\/imagazine.it\/home_desk\/wp-json\/wp\/v2\/media?parent=59977"}],"wp:term":[{"taxonomy":"category","embeddable":true,"href":"https:\/\/imagazine.it\/home_desk\/wp-json\/wp\/v2\/categories?post=59977"},{"taxonomy":"post_tag","embeddable":true,"href":"https:\/\/imagazine.it\/home_desk\/wp-json\/wp\/v2\/tags?post=59977"}],"curies":[{"name":"wp","href":"https:\/\/api.w.org\/{rel}","templated":true}]}}