{"id":59936,"date":"2024-10-29T16:33:52","date_gmt":"2024-10-29T15:33:52","guid":{"rendered":"https:\/\/imagazine.it\/home_desk\/?p=59936"},"modified":"2024-10-30T12:25:44","modified_gmt":"2024-10-30T11:25:44","slug":"educare-al-futuro-la-parrocchia-di-grado-investe-nellinfanzia","status":"publish","type":"post","link":"https:\/\/imagazine.it\/home_desk\/educare-al-futuro-la-parrocchia-di-grado-investe-nellinfanzia\/","title":{"rendered":"Educare al futuro: la Parrocchia di Grado investe nell&#8217;infanzia"},"content":{"rendered":"<p>GRADO \u2013 Un luogo dove i bambini crescono sereni, imparano e si preparano al futuro.<\/p>\n<p>Si tratta della <strong>Scuola dell&#8217;Infanzia Paritaria Parrocchiale &#8220;Luigi Rizzo\u201d<\/strong>, destinata a nuove progettualit\u00e0.<\/p>\n<p>Nell&#8217;attuale anno scolastico, la scuola accoglie <strong>47 bambini suddivisi in due sezioni<\/strong> (piccoli e medi\/grandi), seguiti da <strong>tre maestre<\/strong>, <strong>due cuoche<\/strong> e <strong>due operatrici ausiliarie<\/strong>.<\/p>\n<h3>Non solo scuola<\/h3>\n<p>Oltre alle attivit\u00e0 curricolari, viene offerta una proposta formativa che prevede <strong>laboratori tenuti da volontari esperti<\/strong>.<\/p>\n<p>Le discipline proposte includono: <strong>inglese<\/strong> (con insegnante madrelingua), <strong>educazione motoria<\/strong> (con insegnante ISEF), <strong>canto e musica<\/strong>, <strong>ascolto<\/strong> (con letture di fiabe), <strong>mosaico<\/strong>, <strong>riciclo della carta<\/strong> (in collaborazione con il CISI) e un progetto di <strong>apicoltura<\/strong> (\u201c<em>Alveare a scuola<\/em>\u201d) che prevede visite guidate presso apiari locali.<\/p>\n<p>Sono attive varie collaborazioni con enti pubblici e privati del territorio, con l\u2019<strong>Ente<\/strong> <strong>regionale teatrale del Friuli Venezia Giulia<\/strong> e con la <strong>Polizia Locale<\/strong> che mette a disposizione un agente per fornire le prime nozioni del Codice della strada.<\/p>\n<p>La scuola dell&#8217;infanzia arricchisce il calendario delle manifestazioni locali collaborando con il Comune e la Parrocchia di Santa Eufemia.<\/p>\n<p>A Natale, i bambini sono coinvolti in diverse attivit\u00e0: il concorso presepi; l&#8217;addobbo e l\u2019accensione nella piazza adiacente la Basilica di uno degli abeti donati alle scuole e alle associazioni dal Comune di Grado.<\/p>\n<p>Inoltre la scuola festeggia i nonni, i pap\u00e0 e le mamme con recite di poesie a tema eseguiti dai bambini nella cornice della Basilica. A fine anno i bimbi mettono in scena una recita teatrale a cui tutta la comunit\u00e0 di Grado \u00e8 invitata a partecipare.<\/p>\n<h3>A tavola si impara<\/h3>\n<p>Anche il momento del pasto diventa un contesto educativo seguito con attenzione dal corpo docente: la scuola dispone di una <strong>mensa interna<\/strong> dove le addette alla cucina preparano ogni giorno piatti freschi e salutari. I bimbi vengono educati a una alimentazione equilibrata ed ecologica.<\/p>\n<p>Il pasto diventa occasione per affrontare tematiche profonde come corretta alimentazione, riciclo, sostenibilit\u00e0. Il men\u00f9 prevede diete personalizzate per soddisfare le diverse esigenze alimentari.<\/p>\n<p>Durante i mesi di luglio e agosto la struttura si trasforma in un <strong>centro estivo all&#8217;avanguardia<\/strong>, dove sotto la guida di maestre esperte ed animatori, i piccoli possono partecipare a laboratori creativi, attivit\u00e0 sportive e progetti educativi, stimolando la crescita personale e sociale.<\/p>\n<h3>Il futuro del nido<\/h3>\n<p>L\u2019orario durante il periodo scolastico \u00e8 dal luned\u00ec al venerd\u00ec dalle 7.45 (con pre-accoglienza) alle 15.45.<\/p>\n<p>La parrocchia ha avviato le pratiche per l\u2019apertura, sempre nella struttura che ospita la scuola per l\u2019infanzia, di un <strong>nido<\/strong>: il progetto, fortemente voluto da <strong>monsignor Paolo Nutarelli<\/strong>, dovrebbe partire dall&#8217;anno scolastico 2025\/2026.<\/p>\n","protected":false},"excerpt":{"rendered":"<p>Si rinforza l&#8217;offerta formativa della scuola parrocchiali paritaria. In attesa dell&#8217;apertura del nido per il prossimo anno scolastico<\/p>\n","protected":false},"author":22,"featured_media":59937,"comment_status":"closed","ping_status":"closed","sticky":false,"template":"","format":"image","meta":{"dwc-title":[""],"dwc-content":[""],"footnotes":""},"categories":[5],"tags":[546,1433,198,174,129],"class_list":["post-59936","post","type-post","status-publish","format-image","has-post-thumbnail","hentry","category-attualita","tag-bambini","tag-curia","tag-educazione","tag-grado","tag-scuola","post_format-post-format-image"],"rttpg_featured_image_url":{"full":["https:\/\/imagazine.it\/wp-content\/uploads\/2024\/10\/scuola-per-linzanzia-Luigi-Rizzo03.jpg",1366,765,false],"landscape":["https:\/\/imagazine.it\/wp-content\/uploads\/2024\/10\/scuola-per-linzanzia-Luigi-Rizzo03.jpg",1366,765,false],"portraits":["https:\/\/imagazine.it\/wp-content\/uploads\/2024\/10\/scuola-per-linzanzia-Luigi-Rizzo03.jpg",1366,765,false],"thumbnail":["https:\/\/imagazine.it\/wp-content\/uploads\/2024\/10\/scuola-per-linzanzia-Luigi-Rizzo03-150x150.jpg",150,150,true],"medium":["https:\/\/imagazine.it\/wp-content\/uploads\/2024\/10\/scuola-per-linzanzia-Luigi-Rizzo03-300x168.jpg",300,168,true],"large":["https:\/\/imagazine.it\/wp-content\/uploads\/2024\/10\/scuola-per-linzanzia-Luigi-Rizzo03-1024x573.jpg",640,358,true],"thumblist":["https:\/\/imagazine.it\/wp-content\/uploads\/2024\/10\/scuola-per-linzanzia-Luigi-Rizzo03-300x300.jpg",300,300,true],"thumbrelated":["https:\/\/imagazine.it\/wp-content\/uploads\/2024\/10\/scuola-per-linzanzia-Luigi-Rizzo03-500x500.jpg",500,500,true],"meccarouselthumb":["https:\/\/imagazine.it\/wp-content\/uploads\/2024\/10\/scuola-per-linzanzia-Luigi-Rizzo03-474x324.jpg",474,324,true],"gridsquare":["https:\/\/imagazine.it\/wp-content\/uploads\/2024\/10\/scuola-per-linzanzia-Luigi-Rizzo03-391x260.jpg",391,260,true],"tileview":["https:\/\/imagazine.it\/wp-content\/uploads\/2024\/10\/scuola-per-linzanzia-Luigi-Rizzo03-300x400.jpg",300,400,true],"1536x1536":["https:\/\/imagazine.it\/wp-content\/uploads\/2024\/10\/scuola-per-linzanzia-Luigi-Rizzo03.jpg",1366,765,false],"2048x2048":["https:\/\/imagazine.it\/wp-content\/uploads\/2024\/10\/scuola-per-linzanzia-Luigi-Rizzo03.jpg",1366,765,false],"newsup-slider-full":["https:\/\/imagazine.it\/wp-content\/uploads\/2024\/10\/scuola-per-linzanzia-Luigi-Rizzo03-1280x720.jpg",1280,720,true],"newsup-featured":["https:\/\/imagazine.it\/wp-content\/uploads\/2024\/10\/scuola-per-linzanzia-Luigi-Rizzo03-1024x573.jpg",1024,573,true],"newsup-medium":["https:\/\/imagazine.it\/wp-content\/uploads\/2024\/10\/scuola-per-linzanzia-Luigi-Rizzo03-720x380.jpg",720,380,true],"tptn_thumbnail":["https:\/\/imagazine.it\/wp-content\/uploads\/2024\/10\/scuola-per-linzanzia-Luigi-Rizzo03-250x210.jpg",250,210,true],"sow-carousel-default":["https:\/\/imagazine.it\/wp-content\/uploads\/2024\/10\/scuola-per-linzanzia-Luigi-Rizzo03-272x182.jpg",272,182,true]},"rttpg_author":{"display_name":"Livio Nonis","author_link":"https:\/\/imagazine.it\/home_desk\/author\/nonis\/"},"rttpg_comment":0,"rttpg_category":"<a href=\"https:\/\/imagazine.it\/home_desk\/category\/attualita\/\" rel=\"category tag\">ATTUALIT\u00c0<\/a>","rttpg_excerpt":"Si rinforza l'offerta formativa della scuola parrocchiali paritaria. In attesa dell'apertura del nido per il prossimo anno scolastico","_links":{"self":[{"href":"https:\/\/imagazine.it\/home_desk\/wp-json\/wp\/v2\/posts\/59936","targetHints":{"allow":["GET"]}}],"collection":[{"href":"https:\/\/imagazine.it\/home_desk\/wp-json\/wp\/v2\/posts"}],"about":[{"href":"https:\/\/imagazine.it\/home_desk\/wp-json\/wp\/v2\/types\/post"}],"author":[{"embeddable":true,"href":"https:\/\/imagazine.it\/home_desk\/wp-json\/wp\/v2\/users\/22"}],"replies":[{"embeddable":true,"href":"https:\/\/imagazine.it\/home_desk\/wp-json\/wp\/v2\/comments?post=59936"}],"version-history":[{"count":0,"href":"https:\/\/imagazine.it\/home_desk\/wp-json\/wp\/v2\/posts\/59936\/revisions"}],"wp:featuredmedia":[{"embeddable":true,"href":"https:\/\/imagazine.it\/home_desk\/wp-json\/wp\/v2\/media\/59937"}],"wp:attachment":[{"href":"https:\/\/imagazine.it\/home_desk\/wp-json\/wp\/v2\/media?parent=59936"}],"wp:term":[{"taxonomy":"category","embeddable":true,"href":"https:\/\/imagazine.it\/home_desk\/wp-json\/wp\/v2\/categories?post=59936"},{"taxonomy":"post_tag","embeddable":true,"href":"https:\/\/imagazine.it\/home_desk\/wp-json\/wp\/v2\/tags?post=59936"}],"curies":[{"name":"wp","href":"https:\/\/api.w.org\/{rel}","templated":true}]}}