{"id":59878,"date":"2024-10-28T12:49:48","date_gmt":"2024-10-28T11:49:48","guid":{"rendered":"https:\/\/imagazine.it\/home_desk\/?p=59878"},"modified":"2024-10-29T10:50:50","modified_gmt":"2024-10-29T09:50:50","slug":"musicisti-dal-mondo-in-arrivo-a-pordenone","status":"publish","type":"post","link":"https:\/\/imagazine.it\/home_desk\/musicisti-dal-mondo-in-arrivo-a-pordenone\/","title":{"rendered":"Musicisti dal mondo in arrivo a Pordenone"},"content":{"rendered":"<p>PORCIA \u2013 <strong>Dal 4 al 9 novembre <\/strong>al <strong>Teatro Verdi Pordenone<\/strong> si terr\u00e0 il <strong>34\u00b0 <em>Concorso Internazionale \u201cCitt\u00e0 di Porcia\u201d<\/em><\/strong>, che quest&#8217;anno sar\u00e0 dedicato alla<strong> tromba<\/strong>.<\/p>\n<p>Attesi <strong>72 giovani concorrenti<\/strong> provenienti <strong>da 21 Paesi del mondo<\/strong>, 12 concorrenti in pi\u00f9 rispetto all\u2019edizione 2023.<\/p>\n<p>Oltre che da Francia, Italia, Slovenia, Croazia, Spagna, Gran Bretagna, Germania, Polonia e Ungheria, i giovani trombettisti raggiungeranno Pordenone dalla Cina, Colombia, Svezia, Svizzera, Giappone, Israele, Taiwan, Corea del Sud, Russia, Stati Uniti d\u2019America, Australia e Venezuela per svolgere le prove del Concorso.<\/p>\n<p>Tra le <strong>novit\u00e0<\/strong> delle ultime due edizioni, trova conferma anche quest\u2019anno l\u2019istituzione della giuria dei ragazzi provenienti dalle scuole del territorio, che rinnova la consueta formula che ha portato la manifestazione a imporsi <strong>tra i quattro pi\u00f9 importanti concorsi<\/strong> di ottoni <strong>al mondo<\/strong>.<\/p>\n<h3>Il programma<\/h3>\n<p>Tutte le quattro prove del 34\u00b0 Concorso Citt\u00e0 di Porcia si svolgeranno <strong>negli spazi del Teatro Verdi Pordenone<\/strong>: la prova eliminatoria (luned\u00ec 4 e marted\u00ec 5 novembre), la semifinale (mercoled\u00ec 6 novembre), la finale con accompagnamento al pianoforte (gioved\u00ec 7 novembre), e la finale con l&#8217;orchestra (sabato 9 novembre), concerto inserito all&#8217;interno del cartellone della Stagione musicale del Teatro Verdi Pordenone, <strong>partner progettuale<\/strong> del Concorso insieme al <strong>CIDIM<\/strong> di Roma, Comitato Nazionale Musica.<\/p>\n<p>\u00c8 inoltre incrementato il numero degli Istituti Scolastici del territorio pordenonese coinvolti alla composizione della <strong>\u201cGiuria Giovani\u201d<\/strong>:<strong> oltre <\/strong>al<strong> Liceo \u201cM. Grigoletti\u201d <\/strong>e il<strong> Liceo Artistico \u201cE. Galvani\u201d<\/strong>, quest\u2019anno <strong>si aggiungono <\/strong>il<strong> Liceo G. Leopardi &#8211; E. Majorana<\/strong> di <strong>Pordenone <\/strong>e il <strong>Liceo Statale XXV Aprile di Portogruaro.<\/strong><\/p>\n<p>Gli studenti avranno cos\u00ec l\u2019opportunit\u00e0 di assegnare un premio al miglior finalista, riconoscimento che affiancher\u00e0 il consueto Premio del Pubblico. I ragazzi, scelti in considerazione a una formazione musicale di base, sono stati coinvolti in alcune attivit\u00e0 di formazione sullo strumento a Concorso attraverso una serie di lezioni-concerto tenute da docenti e professionisti del campo. A coronamento di tale percorso, gli studenti potranno cos\u00ec assistere in qualit\u00e0 di giurati alle ultime due prove del Concorso (finale con pianoforte e finale con orchestra).<\/p>\n<p>La <strong>giuria tecnica<\/strong> sar\u00e0 invece formata da musicisti e docenti di fama internazionale, selezionati tra le personalit\u00e0 pi\u00f9 rappresentative delle diverse scuole strumentali.<\/p>\n<p>Sette commissari, compreso il <strong>presidente Gabriele Cassone<\/strong> (Italia), che rispondono al nome di <strong>Eric Aubier<\/strong> (Francia), <strong>Jeroen Berwaerts<\/strong> (Belgio), <strong>Edward J. Carroll<\/strong> (USA), <strong>Guang Chen<\/strong> (Cina), <strong>Andrea Dell&#8217;Ira<\/strong> (Italia) e <strong>Mireia Farr\u00e9s<\/strong> (Spagna).<\/p>\n<p>Il <strong>concerto finale<\/strong> di <strong>sabato 9 novembre<\/strong> alle <strong>ore 20.30<\/strong> vedr\u00e0 protagonista la <strong>FVG Orchestra<\/strong>, diretta dal M\u00b0<strong> Paolo Paroni<\/strong>.<\/p>\n<h3><strong>Premi<\/strong><\/h3>\n<p>Il Concorso offre premi per un totale di 21.100 euro suddivisi secondo quanto segue: primo premio 9.000 euro; secondo premio 5.000 euro; terzo premio 3.500 euro.<\/p>\n<p>A ciascun finalista non vincitore viene assegnato un premio di 800 euro. Da molti anni viene inoltre assegnato il Premio del Pubblico pari a 1.000 euro, attraverso la votazione del pubblico presente alla Serata Finale. Premio della Giuria Giovani pari a 1.000 euro.<\/p>\n","protected":false},"excerpt":{"rendered":"<p>Il Teatro Verdi ospiter\u00e0 le finali del Concorso Internazionale \u201cCitt\u00e0 di Porcia\u201d, con i migliori interpreti della tromba<\/p>\n","protected":false},"author":28,"featured_media":59879,"comment_status":"closed","ping_status":"closed","sticky":false,"template":"","format":"image","meta":{"dwc-title":[""],"dwc-content":[""],"footnotes":""},"categories":[37],"tags":[861,1896,55,275],"class_list":["post-59878","post","type-post","status-publish","format-image","has-post-thumbnail","hentry","category-cultura-e-spettacolo","tag-concerti","tag-concorsi","tag-musica","tag-pordenone","post_format-post-format-image"],"rttpg_featured_image_url":{"full":["https:\/\/imagazine.it\/wp-content\/uploads\/2024\/10\/24-Concorso-Internazionale-Citta-di-Porcia-2024.jpg",1366,720,false],"landscape":["https:\/\/imagazine.it\/wp-content\/uploads\/2024\/10\/24-Concorso-Internazionale-Citta-di-Porcia-2024.jpg",1366,720,false],"portraits":["https:\/\/imagazine.it\/wp-content\/uploads\/2024\/10\/24-Concorso-Internazionale-Citta-di-Porcia-2024.jpg",1366,720,false],"thumbnail":["https:\/\/imagazine.it\/wp-content\/uploads\/2024\/10\/24-Concorso-Internazionale-Citta-di-Porcia-2024-150x150.jpg",150,150,true],"medium":["https:\/\/imagazine.it\/wp-content\/uploads\/2024\/10\/24-Concorso-Internazionale-Citta-di-Porcia-2024-300x158.jpg",300,158,true],"large":["https:\/\/imagazine.it\/wp-content\/uploads\/2024\/10\/24-Concorso-Internazionale-Citta-di-Porcia-2024-1024x540.jpg",640,338,true],"thumblist":["https:\/\/imagazine.it\/wp-content\/uploads\/2024\/10\/24-Concorso-Internazionale-Citta-di-Porcia-2024-300x300.jpg",300,300,true],"thumbrelated":["https:\/\/imagazine.it\/wp-content\/uploads\/2024\/10\/24-Concorso-Internazionale-Citta-di-Porcia-2024-500x500.jpg",500,500,true],"meccarouselthumb":["https:\/\/imagazine.it\/wp-content\/uploads\/2024\/10\/24-Concorso-Internazionale-Citta-di-Porcia-2024-474x324.jpg",474,324,true],"gridsquare":["https:\/\/imagazine.it\/wp-content\/uploads\/2024\/10\/24-Concorso-Internazionale-Citta-di-Porcia-2024-391x260.jpg",391,260,true],"tileview":["https:\/\/imagazine.it\/wp-content\/uploads\/2024\/10\/24-Concorso-Internazionale-Citta-di-Porcia-2024-300x400.jpg",300,400,true],"1536x1536":["https:\/\/imagazine.it\/wp-content\/uploads\/2024\/10\/24-Concorso-Internazionale-Citta-di-Porcia-2024.jpg",1366,720,false],"2048x2048":["https:\/\/imagazine.it\/wp-content\/uploads\/2024\/10\/24-Concorso-Internazionale-Citta-di-Porcia-2024.jpg",1366,720,false],"newsup-slider-full":["https:\/\/imagazine.it\/wp-content\/uploads\/2024\/10\/24-Concorso-Internazionale-Citta-di-Porcia-2024-1280x720.jpg",1280,720,true],"newsup-featured":["https:\/\/imagazine.it\/wp-content\/uploads\/2024\/10\/24-Concorso-Internazionale-Citta-di-Porcia-2024-1024x540.jpg",1024,540,true],"newsup-medium":["https:\/\/imagazine.it\/wp-content\/uploads\/2024\/10\/24-Concorso-Internazionale-Citta-di-Porcia-2024-720x380.jpg",720,380,true],"tptn_thumbnail":["https:\/\/imagazine.it\/wp-content\/uploads\/2024\/10\/24-Concorso-Internazionale-Citta-di-Porcia-2024-250x210.jpg",250,210,true],"sow-carousel-default":["https:\/\/imagazine.it\/wp-content\/uploads\/2024\/10\/24-Concorso-Internazionale-Citta-di-Porcia-2024-272x182.jpg",272,182,true]},"rttpg_author":{"display_name":"redazione","author_link":"https:\/\/imagazine.it\/home_desk\/author\/redazione\/"},"rttpg_comment":0,"rttpg_category":"<a href=\"https:\/\/imagazine.it\/home_desk\/category\/cultura-e-spettacolo\/\" rel=\"category tag\">CULTURA&amp;SPETTACOLO<\/a>","rttpg_excerpt":"Il Teatro Verdi ospiter\u00e0 le finali del Concorso Internazionale \u201cCitt\u00e0 di Porcia\u201d, con i migliori interpreti della tromba","_links":{"self":[{"href":"https:\/\/imagazine.it\/home_desk\/wp-json\/wp\/v2\/posts\/59878","targetHints":{"allow":["GET"]}}],"collection":[{"href":"https:\/\/imagazine.it\/home_desk\/wp-json\/wp\/v2\/posts"}],"about":[{"href":"https:\/\/imagazine.it\/home_desk\/wp-json\/wp\/v2\/types\/post"}],"author":[{"embeddable":true,"href":"https:\/\/imagazine.it\/home_desk\/wp-json\/wp\/v2\/users\/28"}],"replies":[{"embeddable":true,"href":"https:\/\/imagazine.it\/home_desk\/wp-json\/wp\/v2\/comments?post=59878"}],"version-history":[{"count":0,"href":"https:\/\/imagazine.it\/home_desk\/wp-json\/wp\/v2\/posts\/59878\/revisions"}],"wp:featuredmedia":[{"embeddable":true,"href":"https:\/\/imagazine.it\/home_desk\/wp-json\/wp\/v2\/media\/59879"}],"wp:attachment":[{"href":"https:\/\/imagazine.it\/home_desk\/wp-json\/wp\/v2\/media?parent=59878"}],"wp:term":[{"taxonomy":"category","embeddable":true,"href":"https:\/\/imagazine.it\/home_desk\/wp-json\/wp\/v2\/categories?post=59878"},{"taxonomy":"post_tag","embeddable":true,"href":"https:\/\/imagazine.it\/home_desk\/wp-json\/wp\/v2\/tags?post=59878"}],"curies":[{"name":"wp","href":"https:\/\/api.w.org\/{rel}","templated":true}]}}