{"id":59779,"date":"2024-10-25T12:25:18","date_gmt":"2024-10-25T10:25:18","guid":{"rendered":"https:\/\/imagazine.it\/home_desk\/?p=59779"},"modified":"2024-10-25T12:28:07","modified_gmt":"2024-10-25T10:28:07","slug":"legalita-e-cultura-delletica","status":"publish","type":"post","link":"https:\/\/imagazine.it\/home_desk\/legalita-e-cultura-delletica\/","title":{"rendered":"Legalit\u00e0 e Cultura dell&#8217;Etica"},"content":{"rendered":"<p><span style=\"font-size: 10pt;\"><em>Nella foto Valter Baldassi durante la cerimonia di premiazione della passata edizione del concorso, a Torino, assieme alla professoressa Rossanna Andrian e alle studentesse Sara Aurora Driussi e Benedetta Spadaro del <\/em><\/span><span style=\"font-size: 10pt;\"><em>Liceo \u201cEinstein\u201d di Cervignano, classificatesi al terzo posto<\/em><\/span><\/p>\n<p>FRIULI VENEZIA GIULIA &#8211; Come consuetudine da alcuni anni, il Rotary ha promosso il bando di concorso \u201c<em>Legalit\u00e0 e Cultura dell\u2019Etica<\/em>\u201d anche per l\u2019anno scolastico 2024\/25, destinato agli studenti delle scuole medie, superiori e universit\u00e0 di tutta Italia.<\/p>\n<p>Il progetto \u00e8 incentrato sul tema della violenza giovanile e di genere, come espresso dal titolo: \u201c<em>Il culto della forza e dell\u2019aggressivit\u00e0 \u00e8 in preoccupante aumento tra i giovani: la Societ\u00e0, la Scuola e la famiglia sono chiamate a prevenire e affrontare il problema, contrastando la violenza giovanile anche attraverso la valorizzazione delle differenze di genere\u201d.<\/em><\/p>\n<p>Ogni Club Rotary si far\u00e0 promotore verso le scuole del proprio territorio di riferimento, sostenendo anche la quota d\u2019iscrizione degli istituti scolastici. Il termine ultimo per la presentazione degli elaborati sar\u00e0 il 21 febbraio 2025.<\/p>\n<p>\u00abAbbiamo osservato \u2013 spiega <strong>Valter Baldassi<\/strong>, referente della commissione Interdistrettuale nazionale Legalit\u00e0 e Cultura dell\u2019Etica e socio del Rotary Club Aquileia-Cervignano-Palmanova \u2013 il crescere e l\u2019aggravarsi quasi quotidiano dei fenomeni di violenza tra i giovani, riportato da tutti i media in modo quasi ossessivo. Abbiamo cos\u00ec ritenuto di sottoporre il tema ai ragazzi stessi, per una loro attenta riflessione e un loro confronto con gli amici, con la famiglia, con la scuola\u00bb.<\/p>\n<figure id=\"attachment_59780\" aria-describedby=\"caption-attachment-59780\" style=\"width: 800px\" class=\"wp-caption aligncenter\"><img loading=\"lazy\" decoding=\"async\" class=\"wp-image-59780 size-full\" src=\"https:\/\/imagazine.it\/wp-content\/uploads\/2024\/10\/IMG-20220111-WA0030.jpg\" alt=\"\" width=\"800\" height=\"547\" title=\"\" srcset=\"https:\/\/imagazine.it\/wp-content\/uploads\/2024\/10\/IMG-20220111-WA0030.jpg 800w, https:\/\/imagazine.it\/wp-content\/uploads\/2024\/10\/IMG-20220111-WA0030-300x205.jpg 300w, https:\/\/imagazine.it\/wp-content\/uploads\/2024\/10\/IMG-20220111-WA0030-768x525.jpg 768w, https:\/\/imagazine.it\/wp-content\/uploads\/2024\/10\/IMG-20220111-WA0030-474x324.jpg 474w\" sizes=\"auto, (max-width: 800px) 100vw, 800px\" \/><figcaption id=\"caption-attachment-59780\" class=\"wp-caption-text\">L&#8217;ingegner Valter Baldassi<\/figcaption><\/figure>\n<p><strong>Ingegner Baldassi, il concorso \u00e8 rivolto agli studenti. Qual \u00e8 la visione del Rotary verso la crescita educativa delle nuove generazioni?<\/strong><\/p>\n<p>\u00abLe nuove generazioni sono uno degli obiettivi strategici del Rotary, quindi lavorare con e per i giovani \u00e8 un must per tutti noi, ancora pi\u00f9 essenziale e irrinunciabile se pensiamo che la popolazione giovanile \u00e8 diminuita sensibilmente negli ultimi anni. In questo caso abbiamo scelto di farlo coinvolgendo le scuole, che sono un elemento fondamentale per l\u2019educazione delle nuove generazioni\u00bb.<\/p>\n<p><strong>La progettualit\u00e0 \u201c<em>Legalit\u00e0 e Cultura dell\u2019Etica<\/em>\u201d \u00e8 giunta alla sua quattordicesima edizione: come si \u00e8 sviluppata?<\/strong><\/p>\n<p>\u00abL\u2019iniziativa nasce dalla sensibilit\u00e0 e dalla determinazione di una rotariana del Distretto 2080 di Roma, la presidente Patrizia Cardone, che assieme a un gruppo di amici rotariani si mette a disposizione per attivare un <em>Service <\/em>a favore dei giovani. Lo fa promuovendo un Concorso Nazionale su temi importanti ma spesso poco trattati, sia in ambito sociale, sia in quello familiare\/scolastico che nelle relazioni fra i giovani stessi. Al termine di ogni edizione del concorso sono previsti anche una cerimonia di premiazione e un Forum di altissimo livello sui temi trattati\u00bb.<\/p>\n<p><strong>In questi anni, nel Distretto del Nordest in generale e in Friuli Venezia Giulia in particolare, qual \u00e8 stata la risposta degli istituti scolastici a questa iniziativa?<\/strong><\/p>\n<p>\u00abAbbastanza buona, ma sicuramente migliorabile. Entrare in contatto con le scuole per proporre nuove attivit\u00e0, nuovi progetti, pu\u00f2 essere sfidante, sia per noi rotariani, sia per i docenti che si trovano un aggravio dei piani di attivit\u00e0 annuali, gi\u00e0 di per s\u00e9 \u2013 in generale \u2013 sempre molto consistenti. \u00c8 necessario quindi trovare un approccio che tocchi la sensibilit\u00e0 degli insegnanti sui temi trattati. E soprattutto bisogna programmare in anticipo gli interventi\u00bb.<\/p>\n<p><strong>Negli anni, per il suo ruolo, ha avuto modo di incontrare diversi giovani coinvolti da questa progettualit\u00e0. A suo avviso qual \u00e8 la loro visione e quale la loro aspettativa in tema di legalit\u00e0 e cultura dell\u2019etica?<\/strong><\/p>\n<p>\u00abHo avuto modo molto spesso di confrontarmi con i ragazzi, nelle varie situazioni, e ho \u201csempre\u201d trovato una risposta entusiastica: i ragazzi ci hanno esplicitamente ringraziati, anche scrivendolo nei loro temi, e chiedendoci di perseverare\u00bb.<\/p>\n<h3><strong>Il concorso <\/strong><\/h3>\n<p>Motori di questa azione sono il Rotary e le Scuole. I Rotary Club, i Club Rotaract e i Club Interact nella loro autonomia associativa si attivano, nei loro territori, per favorire la partecipazione degli Istituti scolastici (Medie, Superiori, Universit\u00e0) al bando di concorso.<\/p>\n<p>L\u2019iniziativa culminer\u00e0 in una giornata dedicata alla \u201cLegalit\u00e0 e cultura dell\u2019Etica\u201d, prevista nel <strong>mese di aprile 2025 a Roma<\/strong>, che vedr\u00e0 protagonisti, in un luogo istituzionale, gli studenti che risulteranno classificati a vario livello in esito al concorso.<\/p>\n<p>Il Concorso propone agli allievi delle Scuole Medie e Scuole Secondarie Superiori:<\/p>\n<p>1) Svolgimento di un <strong>elaborato scritto <\/strong>(sotto forma di tema, racconto breve o articolo), che sviluppi il tema del concorso.<\/p>\n<p>2) Produzione di un <strong>manifesto<\/strong>, anche sotto forma di una <strong>vignetta satirica <\/strong>originale, realizzato con tecnica a piacere.<\/p>\n<p>3) Realizzazione di uno <strong>spot\/corto <\/strong>amatoriale.<\/p>\n<p>4) Produzione di uno <strong>scatto fotografico <\/strong>originale, realizzato con tecnica a piacere.<\/p>\n<p>Il concorso propone, altres\u00ec, agli <strong>studenti universitari <\/strong>(anno di corso 2024-25) o <strong>neolaureati <\/strong>(2023-24) di illustrare, in un <strong>saggio breve <\/strong>(max 7500 battute) o in una <strong>serie di slide <\/strong>(max 14) le proprie idee e valutazioni su tema.<\/p>\n<p>Il bando di concorso \u00e8 stato inviato ai Presidenti dei Club Rotary e Rotaract ai Distretti italiani del Rotary e comunicato ai MIUR \u2013 Direzioni Regionali per l\u2019inoltro agli Istituti di propria competenza. Il bando \u00e8 pubblicato sui siti dei Distretti italiani del Rotary.\u00a0Il Nordest rientra nel Distretto 2060 (<span style=\"text-decoration: underline;\"><a href=\"http:\/\/www.rotary2060.club\" target=\"_blank\" rel=\"noopener\"><strong>www.rotary2060.club<\/strong><\/a><\/span>).<\/p>\n","protected":false},"excerpt":{"rendered":"<p>Contrastare la violenza giovanile anche attraverso la valorizzazione delle differenze di genere: il concorso nazionale proposto dal Rotary nelle scuole affronta un problema di stretta attualit\u00e0. Adesioni entro il 21 febbraio<\/p>\n","protected":false},"author":28,"featured_media":59781,"comment_status":"closed","ping_status":"closed","sticky":false,"template":"","format":"image","meta":{"dwc-title":[""],"dwc-content":[""],"footnotes":""},"categories":[6],"tags":[198,538,400,564,1136,129,128],"class_list":["post-59779","post","type-post","status-publish","format-image","has-post-thumbnail","hentry","category-societa","tag-educazione","tag-etica","tag-formazione","tag-legalita","tag-rotary","tag-scuola","tag-studenti","post_format-post-format-image"],"rttpg_featured_image_url":{"full":["https:\/\/imagazine.it\/wp-content\/uploads\/2024\/10\/a_Torino-1.jpg",1366,725,false],"landscape":["https:\/\/imagazine.it\/wp-content\/uploads\/2024\/10\/a_Torino-1.jpg",1366,725,false],"portraits":["https:\/\/imagazine.it\/wp-content\/uploads\/2024\/10\/a_Torino-1.jpg",1366,725,false],"thumbnail":["https:\/\/imagazine.it\/wp-content\/uploads\/2024\/10\/a_Torino-1-150x150.jpg",150,150,true],"medium":["https:\/\/imagazine.it\/wp-content\/uploads\/2024\/10\/a_Torino-1-300x159.jpg",300,159,true],"large":["https:\/\/imagazine.it\/wp-content\/uploads\/2024\/10\/a_Torino-1-1024x543.jpg",640,339,true],"thumblist":["https:\/\/imagazine.it\/wp-content\/uploads\/2024\/10\/a_Torino-1-300x300.jpg",300,300,true],"thumbrelated":["https:\/\/imagazine.it\/wp-content\/uploads\/2024\/10\/a_Torino-1-500x500.jpg",500,500,true],"meccarouselthumb":["https:\/\/imagazine.it\/wp-content\/uploads\/2024\/10\/a_Torino-1-474x324.jpg",474,324,true],"gridsquare":["https:\/\/imagazine.it\/wp-content\/uploads\/2024\/10\/a_Torino-1-391x260.jpg",391,260,true],"tileview":["https:\/\/imagazine.it\/wp-content\/uploads\/2024\/10\/a_Torino-1-300x400.jpg",300,400,true],"1536x1536":["https:\/\/imagazine.it\/wp-content\/uploads\/2024\/10\/a_Torino-1.jpg",1366,725,false],"2048x2048":["https:\/\/imagazine.it\/wp-content\/uploads\/2024\/10\/a_Torino-1.jpg",1366,725,false],"newsup-slider-full":["https:\/\/imagazine.it\/wp-content\/uploads\/2024\/10\/a_Torino-1-1280x720.jpg",1280,720,true],"newsup-featured":["https:\/\/imagazine.it\/wp-content\/uploads\/2024\/10\/a_Torino-1-1024x543.jpg",1024,543,true],"newsup-medium":["https:\/\/imagazine.it\/wp-content\/uploads\/2024\/10\/a_Torino-1-720x380.jpg",720,380,true],"tptn_thumbnail":["https:\/\/imagazine.it\/wp-content\/uploads\/2024\/10\/a_Torino-1-250x210.jpg",250,210,true],"sow-carousel-default":["https:\/\/imagazine.it\/wp-content\/uploads\/2024\/10\/a_Torino-1-272x182.jpg",272,182,true]},"rttpg_author":{"display_name":"redazione","author_link":"https:\/\/imagazine.it\/home_desk\/author\/redazione\/"},"rttpg_comment":0,"rttpg_category":"<a href=\"https:\/\/imagazine.it\/home_desk\/category\/societa\/\" rel=\"category tag\">SOCIET\u00c0<\/a>","rttpg_excerpt":"Contrastare la violenza giovanile anche attraverso la valorizzazione delle differenze di genere: il concorso nazionale proposto dal Rotary nelle scuole affronta un problema di stretta attualit\u00e0. Adesioni entro il 21 febbraio","_links":{"self":[{"href":"https:\/\/imagazine.it\/home_desk\/wp-json\/wp\/v2\/posts\/59779","targetHints":{"allow":["GET"]}}],"collection":[{"href":"https:\/\/imagazine.it\/home_desk\/wp-json\/wp\/v2\/posts"}],"about":[{"href":"https:\/\/imagazine.it\/home_desk\/wp-json\/wp\/v2\/types\/post"}],"author":[{"embeddable":true,"href":"https:\/\/imagazine.it\/home_desk\/wp-json\/wp\/v2\/users\/28"}],"replies":[{"embeddable":true,"href":"https:\/\/imagazine.it\/home_desk\/wp-json\/wp\/v2\/comments?post=59779"}],"version-history":[{"count":0,"href":"https:\/\/imagazine.it\/home_desk\/wp-json\/wp\/v2\/posts\/59779\/revisions"}],"wp:featuredmedia":[{"embeddable":true,"href":"https:\/\/imagazine.it\/home_desk\/wp-json\/wp\/v2\/media\/59781"}],"wp:attachment":[{"href":"https:\/\/imagazine.it\/home_desk\/wp-json\/wp\/v2\/media?parent=59779"}],"wp:term":[{"taxonomy":"category","embeddable":true,"href":"https:\/\/imagazine.it\/home_desk\/wp-json\/wp\/v2\/categories?post=59779"},{"taxonomy":"post_tag","embeddable":true,"href":"https:\/\/imagazine.it\/home_desk\/wp-json\/wp\/v2\/tags?post=59779"}],"curies":[{"name":"wp","href":"https:\/\/api.w.org\/{rel}","templated":true}]}}