{"id":59765,"date":"2024-10-24T17:43:30","date_gmt":"2024-10-24T15:43:30","guid":{"rendered":"https:\/\/imagazine.it\/home_desk\/?p=59765"},"modified":"2024-10-25T18:28:16","modified_gmt":"2024-10-25T16:28:16","slug":"trieste-torna-capitale-della-musica-antica","status":"publish","type":"post","link":"https:\/\/imagazine.it\/home_desk\/trieste-torna-capitale-della-musica-antica\/","title":{"rendered":"Trieste torna capitale della musica antica"},"content":{"rendered":"<p><span style=\"font-size: 10pt;\"><em>Andre\u0301 Lislevand (\u00a9 Danny Rambaldo)<\/em><\/span><\/p>\n<p>TRIESTE \u2013 Sar\u00e0 <em>Palindromos<\/em> il tema della 19\u00aa edizione del festival\u00a0<strong>Wunderkammer<\/strong>\u00a0in programma nel <strong>fine settimana dal 25 al 27 ottobre<\/strong>, con un fuori festival il\u00a0<strong>21 marzo 2025<\/strong>\u00a0a celebrare la\u00a0<strong>Giornata Europea della Musica Antica<\/strong>.<\/p>\n<p>Sono\u00a0<strong>otto gli appuntamenti\u00a0<\/strong>dislocati in diverse aree di <strong>Trieste<\/strong>: il Teatro Miela, la Sala Blu del Teatro Politeama Il Rossetti, il Museo Sartorio, la Chiesa Luterana, la\u00a0Torre del Lloyd\u00a0e\u00a0l&#8217;Auditorium del\u00a0Salone degli Incanti.<\/p>\n<p>La musica antica animer\u00e0 la citt\u00e0 in un susseguirsi di concerti nei suoi luoghi pi\u00f9 rappresentativi.<\/p>\n<p>Il festival \u00e8 reso possibile con\u00a0il contributo della Regione Friuli Venezia Giulia e il sostegno della Fondazione Casali.<\/p>\n<p>Il tema conduttore \u00e8\u00a0la parola greca\u00a0<em>Palindromos<\/em>\u00a0\u00abovvero\u00a0il\u00a0<em>correre indietro\u00a0<\/em>\u2013 spiega la direttrice artistica, <strong>Paola Erdas<\/strong> \u2013\u00a0che\u00a0traslata nella retorica significa una frase o una parola che pu\u00f2 essere letta in entrambi i sensi. Esplica quindi perfettamente quello che da sempre \u00e8 lo spirito di Wunderkammer: riscoprire musiche e strumenti del nostro \u201cieri\u201d, suonati nel nostro \u201coggi\u201d, passando cos\u00ec dal Presente (interprete contemporaneo) al Passato (musicisti antichi) e di nuovo al Presente (concerto con musiche antiche suonate da interpreti contemporanei)\u00bb.<\/p>\n<p><span style=\"text-decoration: underline;\"><a href=\"https:\/\/www.wunderkammer.trieste.it\/\" target=\"_blank\" rel=\"noopener\">Clicca qui per il programma completo del festival<\/a><\/span><\/p>\n","protected":false},"excerpt":{"rendered":"<p>Al via il festival Wunderkammer: otto appuntamenti dislocati in diverse aree della citt\u00e0 per un lungo fine settimana di emozioni<\/p>\n","protected":false},"author":28,"featured_media":59766,"comment_status":"closed","ping_status":"closed","sticky":false,"template":"","format":"image","meta":{"dwc-title":[""],"dwc-content":[""],"footnotes":""},"categories":[37],"tags":[261,826,55,65],"class_list":["post-59765","post","type-post","status-publish","format-image","has-post-thumbnail","hentry","category-cultura-e-spettacolo","tag-eventi","tag-eventi-fvg","tag-musica","tag-trieste","post_format-post-format-image"],"rttpg_featured_image_url":{"full":["https:\/\/imagazine.it\/wp-content\/uploads\/2024\/10\/Andre-Lislevand-ph_danny-rambaldo-7.jpg",1366,822,false],"landscape":["https:\/\/imagazine.it\/wp-content\/uploads\/2024\/10\/Andre-Lislevand-ph_danny-rambaldo-7.jpg",1366,822,false],"portraits":["https:\/\/imagazine.it\/wp-content\/uploads\/2024\/10\/Andre-Lislevand-ph_danny-rambaldo-7.jpg",1366,822,false],"thumbnail":["https:\/\/imagazine.it\/wp-content\/uploads\/2024\/10\/Andre-Lislevand-ph_danny-rambaldo-7-150x150.jpg",150,150,true],"medium":["https:\/\/imagazine.it\/wp-content\/uploads\/2024\/10\/Andre-Lislevand-ph_danny-rambaldo-7-300x181.jpg",300,181,true],"large":["https:\/\/imagazine.it\/wp-content\/uploads\/2024\/10\/Andre-Lislevand-ph_danny-rambaldo-7-1024x616.jpg",640,385,true],"thumblist":["https:\/\/imagazine.it\/wp-content\/uploads\/2024\/10\/Andre-Lislevand-ph_danny-rambaldo-7-300x300.jpg",300,300,true],"thumbrelated":["https:\/\/imagazine.it\/wp-content\/uploads\/2024\/10\/Andre-Lislevand-ph_danny-rambaldo-7-500x500.jpg",500,500,true],"meccarouselthumb":["https:\/\/imagazine.it\/wp-content\/uploads\/2024\/10\/Andre-Lislevand-ph_danny-rambaldo-7-474x324.jpg",474,324,true],"gridsquare":["https:\/\/imagazine.it\/wp-content\/uploads\/2024\/10\/Andre-Lislevand-ph_danny-rambaldo-7-391x260.jpg",391,260,true],"tileview":["https:\/\/imagazine.it\/wp-content\/uploads\/2024\/10\/Andre-Lislevand-ph_danny-rambaldo-7-300x400.jpg",300,400,true],"1536x1536":["https:\/\/imagazine.it\/wp-content\/uploads\/2024\/10\/Andre-Lislevand-ph_danny-rambaldo-7.jpg",1366,822,false],"2048x2048":["https:\/\/imagazine.it\/wp-content\/uploads\/2024\/10\/Andre-Lislevand-ph_danny-rambaldo-7.jpg",1366,822,false],"newsup-slider-full":["https:\/\/imagazine.it\/wp-content\/uploads\/2024\/10\/Andre-Lislevand-ph_danny-rambaldo-7-1280x720.jpg",1280,720,true],"newsup-featured":["https:\/\/imagazine.it\/wp-content\/uploads\/2024\/10\/Andre-Lislevand-ph_danny-rambaldo-7-1024x616.jpg",1024,616,true],"newsup-medium":["https:\/\/imagazine.it\/wp-content\/uploads\/2024\/10\/Andre-Lislevand-ph_danny-rambaldo-7-720x380.jpg",720,380,true],"tptn_thumbnail":["https:\/\/imagazine.it\/wp-content\/uploads\/2024\/10\/Andre-Lislevand-ph_danny-rambaldo-7-250x210.jpg",250,210,true],"sow-carousel-default":["https:\/\/imagazine.it\/wp-content\/uploads\/2024\/10\/Andre-Lislevand-ph_danny-rambaldo-7-272x182.jpg",272,182,true]},"rttpg_author":{"display_name":"redazione","author_link":"https:\/\/imagazine.it\/home_desk\/author\/redazione\/"},"rttpg_comment":0,"rttpg_category":"<a href=\"https:\/\/imagazine.it\/home_desk\/category\/cultura-e-spettacolo\/\" rel=\"category tag\">CULTURA&amp;SPETTACOLO<\/a>","rttpg_excerpt":"Al via il festival Wunderkammer: otto appuntamenti dislocati in diverse aree della citt\u00e0 per un lungo fine settimana di emozioni","_links":{"self":[{"href":"https:\/\/imagazine.it\/home_desk\/wp-json\/wp\/v2\/posts\/59765","targetHints":{"allow":["GET"]}}],"collection":[{"href":"https:\/\/imagazine.it\/home_desk\/wp-json\/wp\/v2\/posts"}],"about":[{"href":"https:\/\/imagazine.it\/home_desk\/wp-json\/wp\/v2\/types\/post"}],"author":[{"embeddable":true,"href":"https:\/\/imagazine.it\/home_desk\/wp-json\/wp\/v2\/users\/28"}],"replies":[{"embeddable":true,"href":"https:\/\/imagazine.it\/home_desk\/wp-json\/wp\/v2\/comments?post=59765"}],"version-history":[{"count":0,"href":"https:\/\/imagazine.it\/home_desk\/wp-json\/wp\/v2\/posts\/59765\/revisions"}],"wp:featuredmedia":[{"embeddable":true,"href":"https:\/\/imagazine.it\/home_desk\/wp-json\/wp\/v2\/media\/59766"}],"wp:attachment":[{"href":"https:\/\/imagazine.it\/home_desk\/wp-json\/wp\/v2\/media?parent=59765"}],"wp:term":[{"taxonomy":"category","embeddable":true,"href":"https:\/\/imagazine.it\/home_desk\/wp-json\/wp\/v2\/categories?post=59765"},{"taxonomy":"post_tag","embeddable":true,"href":"https:\/\/imagazine.it\/home_desk\/wp-json\/wp\/v2\/tags?post=59765"}],"curies":[{"name":"wp","href":"https:\/\/api.w.org\/{rel}","templated":true}]}}