{"id":59749,"date":"2024-10-24T15:32:53","date_gmt":"2024-10-24T13:32:53","guid":{"rendered":"https:\/\/imagazine.it\/home_desk\/?p=59749"},"modified":"2024-10-25T12:02:14","modified_gmt":"2024-10-25T10:02:14","slug":"il-friuli-di-ninfa-dormiente-sulla-tv-nazionale","status":"publish","type":"post","link":"https:\/\/imagazine.it\/home_desk\/il-friuli-di-ninfa-dormiente-sulla-tv-nazionale\/","title":{"rendered":"Il Friuli di Ninfa Dormiente sulla TV nazionale"},"content":{"rendered":"<p><em><span style=\"font-size: 10pt;\">Elena Sofia Ricci nei panni di Teresa Battaglia\u00a0(\u00a9 Fabrizio de Blasio)<\/span><\/em><\/p>\n<p>TRIESTE \u2013 Dopo \u201c<em>Fiori sopra l\u2019Inferno<\/em>\u201d, arriva luned\u00ec 28 ottobre in prima serata su Rai Uno la seconda stagione tratta dalla saga di Ilaria Tuti,\u00a0\u201c<strong><em>I casi di Teresa Battaglia &#8211; Ninfa Dormiente<\/em><\/strong>\u201d.<\/p>\n<p>La serie tv coprodotta da Rai Fiction con Publispei, la casa di produzione presieduta da Verdiana Bixio, \u00e8 tratta dal secondo romanzo della saga di Ilaria Tuti, pubblicato da Longanesi &#8211; Gruppo Editoriale Mauri Spagnol e tra i successi editoriali degli ultimi anni.<\/p>\n<p>Le riprese dell\u2019adattamento del successo letterario si sono svolte a <strong>Malborghetto<\/strong>, <strong>Tarvisio<\/strong>, <strong>Camporosso<\/strong>, <strong>Cave del Predil<\/strong>, <strong>Fusine in Valromana<\/strong>, <strong>Valbruna<\/strong>, <strong>Chiusaforte<\/strong> e <strong>Udine<\/strong>, con il supporto organizzativo e finanziario della Friuli Venezia Giulia Film Commission \u2013 PromoTurismoFVG.<\/p>\n<h3>La storia<\/h3>\n<p>Sulle montagne friulane della\u00a0<strong>Val Resia<\/strong>\u00a0viene ritrovato il cadavere di una giovane poliziotta: si \u00e8 sparata un colpo al cuore. La sua morte per\u00f2 non convince la profiler Teresa Battaglia\u00a0<strong>(Elena Sofia Ricci<\/strong>).<\/p>\n<p>Per lei l\u2019omicidio dell\u2019agente Marta Trevisan \u00e8 stato camuffato con un suicidio. La ragazza cercava la verit\u00e0 sul padre, reo di aver ucciso la sua amante Hanna, originaria della comunit\u00e0 resiana.<\/p>\n<p>Il corpo di Marta \u00e8 stato ritrovato da Sandro (<strong>Giulio Cristini<\/strong>) e Diego (<strong>Alessandro Orrei<\/strong>), atleti di <em>bouldering<\/em>. Ma solo Sandro ha testimoniato alla polizia, omettendo la presenza dell\u2019altro ragazzo. Teresa affida l\u2019indagine a Marini (<strong>Giuseppe Spata<\/strong>), sorpreso da questa prova di fiducia del commissario.<\/p>\n<figure id=\"attachment_59750\" aria-describedby=\"caption-attachment-59750\" style=\"width: 1000px\" class=\"wp-caption aligncenter\"><img loading=\"lazy\" decoding=\"async\" class=\"size-full wp-image-59750\" src=\"https:\/\/imagazine.it\/wp-content\/uploads\/2024\/10\/Ilaria-Tuti-e-Elena-Sofia-Ricci_DSCF7282.jpg\" alt=\"\" width=\"1000\" height=\"667\" title=\"\" srcset=\"https:\/\/imagazine.it\/wp-content\/uploads\/2024\/10\/Ilaria-Tuti-e-Elena-Sofia-Ricci_DSCF7282.jpg 1000w, https:\/\/imagazine.it\/wp-content\/uploads\/2024\/10\/Ilaria-Tuti-e-Elena-Sofia-Ricci_DSCF7282-300x200.jpg 300w, https:\/\/imagazine.it\/wp-content\/uploads\/2024\/10\/Ilaria-Tuti-e-Elena-Sofia-Ricci_DSCF7282-768x512.jpg 768w, https:\/\/imagazine.it\/wp-content\/uploads\/2024\/10\/Ilaria-Tuti-e-Elena-Sofia-Ricci_DSCF7282-391x260.jpg 391w, https:\/\/imagazine.it\/wp-content\/uploads\/2024\/10\/Ilaria-Tuti-e-Elena-Sofia-Ricci_DSCF7282-272x182.jpg 272w\" sizes=\"auto, (max-width: 1000px) 100vw, 1000px\" \/><figcaption id=\"caption-attachment-59750\" class=\"wp-caption-text\">Ilaria Tuti e Elena Sofia Ricci (\u00a9 Fabrizio de Blasio)<\/figcaption><\/figure>\n<p>Il gesto di Teresa nasconde per\u00f2 anche la paura di dimenticare informazioni per l\u2019aggravarsi della sua malattia. E non \u00e8 l\u2019unica cosa di cui deve preoccuparsi. A\u00a0<strong>Udine<\/strong>\u00a0\u00e8 arrivato il nuovo dirigente della Squadra Mobile, Lona (<strong>Fausto Maria Sciarappa<\/strong>), e Teresa lo conosce bene tanto da evitarlo. Marini intuisce che il disprezzo di Teresa viene da lontano. Che sia lui l\u2019ex marito della Battaglia?<\/p>\n<p>La regia \u00e8 firmata da Kiko Rosati. La serie in 6 episodi, in onda il 28 ottobre su Rai Uno, \u00e8 scritta da Donatella Diamanti, Valerio D\u2019Annunzio, Mario Cristiani e Giovanna Koch. Head Writer, Donatella Diamanti. Con la collaborazione della Polizia di Stato.<\/p>\n","protected":false},"excerpt":{"rendered":"<p>Da luned\u00ec in prima serata su Rai Uno la seconda stagione tratta dalla saga di Ilaria Tuti. Girata interamente tra i monti friulani e Udine<\/p>\n","protected":false},"author":28,"featured_media":59751,"comment_status":"closed","ping_status":"closed","sticky":false,"template":"","format":"image","meta":{"dwc-title":[""],"dwc-content":[""],"footnotes":""},"categories":[37],"tags":[273,108,2295,821,1020],"class_list":["post-59749","post","type-post","status-publish","format-image","has-post-thumbnail","hentry","category-cultura-e-spettacolo","tag-libri","tag-montagna","tag-rai","tag-spettacoli","tag-tv","post_format-post-format-image"],"rttpg_featured_image_url":{"full":["https:\/\/imagazine.it\/wp-content\/uploads\/2024\/10\/Elena-Sofia-Ricci-con-Ciak_DSCF5872-copia.jpg",1366,683,false],"landscape":["https:\/\/imagazine.it\/wp-content\/uploads\/2024\/10\/Elena-Sofia-Ricci-con-Ciak_DSCF5872-copia.jpg",1366,683,false],"portraits":["https:\/\/imagazine.it\/wp-content\/uploads\/2024\/10\/Elena-Sofia-Ricci-con-Ciak_DSCF5872-copia.jpg",1366,683,false],"thumbnail":["https:\/\/imagazine.it\/wp-content\/uploads\/2024\/10\/Elena-Sofia-Ricci-con-Ciak_DSCF5872-copia-150x150.jpg",150,150,true],"medium":["https:\/\/imagazine.it\/wp-content\/uploads\/2024\/10\/Elena-Sofia-Ricci-con-Ciak_DSCF5872-copia-300x150.jpg",300,150,true],"large":["https:\/\/imagazine.it\/wp-content\/uploads\/2024\/10\/Elena-Sofia-Ricci-con-Ciak_DSCF5872-copia-1024x512.jpg",640,320,true],"thumblist":["https:\/\/imagazine.it\/wp-content\/uploads\/2024\/10\/Elena-Sofia-Ricci-con-Ciak_DSCF5872-copia-300x300.jpg",300,300,true],"thumbrelated":["https:\/\/imagazine.it\/wp-content\/uploads\/2024\/10\/Elena-Sofia-Ricci-con-Ciak_DSCF5872-copia-500x500.jpg",500,500,true],"meccarouselthumb":["https:\/\/imagazine.it\/wp-content\/uploads\/2024\/10\/Elena-Sofia-Ricci-con-Ciak_DSCF5872-copia-474x324.jpg",474,324,true],"gridsquare":["https:\/\/imagazine.it\/wp-content\/uploads\/2024\/10\/Elena-Sofia-Ricci-con-Ciak_DSCF5872-copia-391x260.jpg",391,260,true],"tileview":["https:\/\/imagazine.it\/wp-content\/uploads\/2024\/10\/Elena-Sofia-Ricci-con-Ciak_DSCF5872-copia-300x400.jpg",300,400,true],"1536x1536":["https:\/\/imagazine.it\/wp-content\/uploads\/2024\/10\/Elena-Sofia-Ricci-con-Ciak_DSCF5872-copia.jpg",1366,683,false],"2048x2048":["https:\/\/imagazine.it\/wp-content\/uploads\/2024\/10\/Elena-Sofia-Ricci-con-Ciak_DSCF5872-copia.jpg",1366,683,false],"newsup-slider-full":["https:\/\/imagazine.it\/wp-content\/uploads\/2024\/10\/Elena-Sofia-Ricci-con-Ciak_DSCF5872-copia-1280x683.jpg",1280,683,true],"newsup-featured":["https:\/\/imagazine.it\/wp-content\/uploads\/2024\/10\/Elena-Sofia-Ricci-con-Ciak_DSCF5872-copia-1024x512.jpg",1024,512,true],"newsup-medium":["https:\/\/imagazine.it\/wp-content\/uploads\/2024\/10\/Elena-Sofia-Ricci-con-Ciak_DSCF5872-copia-720x380.jpg",720,380,true],"tptn_thumbnail":["https:\/\/imagazine.it\/wp-content\/uploads\/2024\/10\/Elena-Sofia-Ricci-con-Ciak_DSCF5872-copia-250x210.jpg",250,210,true],"sow-carousel-default":["https:\/\/imagazine.it\/wp-content\/uploads\/2024\/10\/Elena-Sofia-Ricci-con-Ciak_DSCF5872-copia-272x182.jpg",272,182,true]},"rttpg_author":{"display_name":"redazione","author_link":"https:\/\/imagazine.it\/home_desk\/author\/redazione\/"},"rttpg_comment":0,"rttpg_category":"<a href=\"https:\/\/imagazine.it\/home_desk\/category\/cultura-e-spettacolo\/\" rel=\"category tag\">CULTURA&amp;SPETTACOLO<\/a>","rttpg_excerpt":"Da luned\u00ec in prima serata su Rai Uno la seconda stagione tratta dalla saga di Ilaria Tuti. Girata interamente tra i monti friulani e Udine","_links":{"self":[{"href":"https:\/\/imagazine.it\/home_desk\/wp-json\/wp\/v2\/posts\/59749","targetHints":{"allow":["GET"]}}],"collection":[{"href":"https:\/\/imagazine.it\/home_desk\/wp-json\/wp\/v2\/posts"}],"about":[{"href":"https:\/\/imagazine.it\/home_desk\/wp-json\/wp\/v2\/types\/post"}],"author":[{"embeddable":true,"href":"https:\/\/imagazine.it\/home_desk\/wp-json\/wp\/v2\/users\/28"}],"replies":[{"embeddable":true,"href":"https:\/\/imagazine.it\/home_desk\/wp-json\/wp\/v2\/comments?post=59749"}],"version-history":[{"count":0,"href":"https:\/\/imagazine.it\/home_desk\/wp-json\/wp\/v2\/posts\/59749\/revisions"}],"wp:featuredmedia":[{"embeddable":true,"href":"https:\/\/imagazine.it\/home_desk\/wp-json\/wp\/v2\/media\/59751"}],"wp:attachment":[{"href":"https:\/\/imagazine.it\/home_desk\/wp-json\/wp\/v2\/media?parent=59749"}],"wp:term":[{"taxonomy":"category","embeddable":true,"href":"https:\/\/imagazine.it\/home_desk\/wp-json\/wp\/v2\/categories?post=59749"},{"taxonomy":"post_tag","embeddable":true,"href":"https:\/\/imagazine.it\/home_desk\/wp-json\/wp\/v2\/tags?post=59749"}],"curies":[{"name":"wp","href":"https:\/\/api.w.org\/{rel}","templated":true}]}}