{"id":59708,"date":"2024-10-16T16:19:14","date_gmt":"2024-10-16T14:19:14","guid":{"rendered":"https:\/\/imagazine.it\/home_desk\/?p=59708"},"modified":"2024-10-23T16:27:45","modified_gmt":"2024-10-23T14:27:45","slug":"cervignano-prima-messa-per-don-africain-mugabo","status":"publish","type":"post","link":"https:\/\/imagazine.it\/home_desk\/cervignano-prima-messa-per-don-africain-mugabo\/","title":{"rendered":"Cervignano: prima messa per don Africain Mugabo"},"content":{"rendered":"<p><span style=\"font-size: 10pt;\"><em>Don Africain Mugabo<\/em><\/span><\/p>\n<p>CERVIGNANO DEL FRIULI \u2013 All&#8217;inizio di settembre il sacerdote <strong>don Africain Mugabo<\/strong>, originario del Rwanda, \u00e8 giunto a Cervignano del Friuli.<\/p>\n<p>Contemporaneamente ha intrapreso un percorso di studi in teologia spirituale a Padova.<\/p>\n<p>Partito da zero con la lingua italiana, ha dovuto superare un percorso di apprendimento particolarmente impegnativo. Grazie alla sua perseveranza, in un solo mese ha raggiunto un livello di competenza linguistica che gli ha permesso di presiedere la sua prima celebrazione eucaristica in italiano.<\/p>\n<p>In assenza del parroco e del vicario, impegnati a Vicenza in ritiro spirituale, \u00e8 stato il giovane sacerdote a celebrare la messa nella cappella del duomo cervignanese.<\/p>\n<p>Nonostante fosse ai primi passi con la lingua italiana, ha guidato la celebrazione in modo impeccabile, parlando lentamente e in modo chiaro.<\/p>\n<p>La sua celebrazione ha suscitato l&#8217;ammirazione dei presenti, che si sono complimentati con lui per la sua capacit\u00e0 linguistica.<\/p>\n<p>In occasione della festa della Madonna del Rosario, \u00e8 stato presentato dal parroco, don Sinuhe Marotta, alla comunit\u00e0 di Scodovacca, raccontando di essere stato parroco di una parrocchia di ventimila fedeli cattolici e sottolineando l&#8217;obbedienza al suo Vescovo monsignor Anaclet, che lo ha portato in Italia per studio.<\/p>\n<p>Nonostante sia arrivato da poco nell\u2019Unit\u00e0 Pastorale \u201cBassa Friulana\u201d, si \u00e8 gi\u00e0 inserito perfettamente nella comunit\u00e0, che lo sta apprezzando.<\/p>\n","protected":false},"excerpt":{"rendered":"<p>Giunto a settembre dal Rwanda, dopo un mese di corso intensivo di italiano, ha guidato la celebrazione davanti ai fedeli<\/p>\n","protected":false},"author":22,"featured_media":59709,"comment_status":"closed","ping_status":"closed","sticky":false,"template":"","format":"image","meta":{"dwc-title":[""],"dwc-content":[""],"footnotes":""},"categories":[5],"tags":[119,1433],"class_list":["post-59708","post","type-post","status-publish","format-image","has-post-thumbnail","hentry","category-attualita","tag-cervignano","tag-curia","post_format-post-format-image"],"rttpg_featured_image_url":{"full":["https:\/\/imagazine.it\/wp-content\/uploads\/2024\/10\/don-africain-01.jpg",1366,954,false],"landscape":["https:\/\/imagazine.it\/wp-content\/uploads\/2024\/10\/don-africain-01.jpg",1366,954,false],"portraits":["https:\/\/imagazine.it\/wp-content\/uploads\/2024\/10\/don-africain-01.jpg",1366,954,false],"thumbnail":["https:\/\/imagazine.it\/wp-content\/uploads\/2024\/10\/don-africain-01-150x150.jpg",150,150,true],"medium":["https:\/\/imagazine.it\/wp-content\/uploads\/2024\/10\/don-africain-01-300x210.jpg",300,210,true],"large":["https:\/\/imagazine.it\/wp-content\/uploads\/2024\/10\/don-africain-01-1024x715.jpg",640,447,true],"thumblist":["https:\/\/imagazine.it\/wp-content\/uploads\/2024\/10\/don-africain-01-300x300.jpg",300,300,true],"thumbrelated":["https:\/\/imagazine.it\/wp-content\/uploads\/2024\/10\/don-africain-01-500x500.jpg",500,500,true],"meccarouselthumb":["https:\/\/imagazine.it\/wp-content\/uploads\/2024\/10\/don-africain-01-474x324.jpg",474,324,true],"gridsquare":["https:\/\/imagazine.it\/wp-content\/uploads\/2024\/10\/don-africain-01-391x260.jpg",391,260,true],"tileview":["https:\/\/imagazine.it\/wp-content\/uploads\/2024\/10\/don-africain-01-300x400.jpg",300,400,true],"1536x1536":["https:\/\/imagazine.it\/wp-content\/uploads\/2024\/10\/don-africain-01.jpg",1366,954,false],"2048x2048":["https:\/\/imagazine.it\/wp-content\/uploads\/2024\/10\/don-africain-01.jpg",1366,954,false],"newsup-slider-full":["https:\/\/imagazine.it\/wp-content\/uploads\/2024\/10\/don-africain-01-1280x720.jpg",1280,720,true],"newsup-featured":["https:\/\/imagazine.it\/wp-content\/uploads\/2024\/10\/don-africain-01-1024x715.jpg",1024,715,true],"newsup-medium":["https:\/\/imagazine.it\/wp-content\/uploads\/2024\/10\/don-africain-01-720x380.jpg",720,380,true],"tptn_thumbnail":["https:\/\/imagazine.it\/wp-content\/uploads\/2024\/10\/don-africain-01-250x210.jpg",250,210,true],"sow-carousel-default":["https:\/\/imagazine.it\/wp-content\/uploads\/2024\/10\/don-africain-01-272x182.jpg",272,182,true]},"rttpg_author":{"display_name":"Livio Nonis","author_link":"https:\/\/imagazine.it\/home_desk\/author\/nonis\/"},"rttpg_comment":0,"rttpg_category":"<a href=\"https:\/\/imagazine.it\/home_desk\/category\/attualita\/\" rel=\"category tag\">ATTUALIT\u00c0<\/a>","rttpg_excerpt":"Giunto a settembre dal Rwanda, dopo un mese di corso intensivo di italiano, ha guidato la celebrazione davanti ai fedeli","_links":{"self":[{"href":"https:\/\/imagazine.it\/home_desk\/wp-json\/wp\/v2\/posts\/59708","targetHints":{"allow":["GET"]}}],"collection":[{"href":"https:\/\/imagazine.it\/home_desk\/wp-json\/wp\/v2\/posts"}],"about":[{"href":"https:\/\/imagazine.it\/home_desk\/wp-json\/wp\/v2\/types\/post"}],"author":[{"embeddable":true,"href":"https:\/\/imagazine.it\/home_desk\/wp-json\/wp\/v2\/users\/22"}],"replies":[{"embeddable":true,"href":"https:\/\/imagazine.it\/home_desk\/wp-json\/wp\/v2\/comments?post=59708"}],"version-history":[{"count":0,"href":"https:\/\/imagazine.it\/home_desk\/wp-json\/wp\/v2\/posts\/59708\/revisions"}],"wp:featuredmedia":[{"embeddable":true,"href":"https:\/\/imagazine.it\/home_desk\/wp-json\/wp\/v2\/media\/59709"}],"wp:attachment":[{"href":"https:\/\/imagazine.it\/home_desk\/wp-json\/wp\/v2\/media?parent=59708"}],"wp:term":[{"taxonomy":"category","embeddable":true,"href":"https:\/\/imagazine.it\/home_desk\/wp-json\/wp\/v2\/categories?post=59708"},{"taxonomy":"post_tag","embeddable":true,"href":"https:\/\/imagazine.it\/home_desk\/wp-json\/wp\/v2\/tags?post=59708"}],"curies":[{"name":"wp","href":"https:\/\/api.w.org\/{rel}","templated":true}]}}