{"id":59594,"date":"2024-10-21T13:36:21","date_gmt":"2024-10-21T11:36:21","guid":{"rendered":"https:\/\/imagazine.it\/home_desk\/?p=59594"},"modified":"2024-10-21T18:47:41","modified_gmt":"2024-10-21T16:47:41","slug":"gruppo-giovani-cooperatori-alice-richter-confermata-coordinatrice","status":"publish","type":"post","link":"https:\/\/imagazine.it\/home_desk\/gruppo-giovani-cooperatori-alice-richter-confermata-coordinatrice\/","title":{"rendered":"Gruppo Giovani Cooperatori: Alice Richter confermata coordinatrice"},"content":{"rendered":"<p><span style=\"font-size: 10pt;\"><em>Richter, al centro, con il Consiglio del Gruppo Giovani<\/em><\/span><\/p>\n<p>BAGNARIA ARSA \u2013 Sono 219 i giovani cooperatori nei Consigli d\u2019amministrazione delle 392 cooperative aderenti a Confcooperative Alpe Adria.<\/p>\n<p>Una discreta presenza che comprende, in particolare, 35 presidenti di cooperativa.<\/p>\n<p>Sono stati loro, nel corso di un recente incontro svoltosi a Bagnaria Arsa, a confermare <strong>Alice Richter<\/strong> come coordinatrice del Gruppo Giovani Cooperatori.<\/p>\n<p>Richter, che rimarr\u00e0 in carica per i prossimi quattro anni, \u00e8 referente per le attivit\u00e0 educative in natura della cooperativa sociale triestina Querciambiente.<\/p>\n<p>All\u2019appuntamento assembleare hanno portato i loro saluti, <strong>Serena Mizzan<\/strong>, presidente di Confcooperative Alpe Adria, <strong>Elisa Pizzamiglio<\/strong>, Sindaco di Bagnaria Arsa, e <strong>Mauro Bordin<\/strong>, presidente del Consiglio regionale.<\/p>\n<p><strong>Giovanni Grandi<\/strong>, professore di filosofia morale dell\u2019Universit\u00e0 di Trieste, ha proposto una riflessione sul tema: \u201c<em>Democrazia, amicizia sociale e giovani<\/em>\u201d.<\/p>\n<p>Erano presenti anche i rappresentanti dei giovani di Confindustria Alto Adriatico, di Confapi e di Confcooperative Pordenone. I lavori si sono conclusi con l\u2019intervento di <strong>Andrea Sangiorgi<\/strong>, presidente nazionale del Gruppo Giovani Cooperatori.<\/p>\n<p>\u00abL\u2019et\u00e0 media delle figure apicali delle cooperative italiane \u00e8 di 55 anni. Nell\u2019ottica del ricambio generazionale e del passaggio di competenze \u00e8 quindi fondamentale la formazione dei futuri dirigenti\u00bb, ha aggiunto il direttore di Confcooperative Alpe Adria, <strong>Paolo Tonassi<\/strong>.<\/p>\n<p>Per coadiuvare i lavori della coordinatrice, sono stati eletti i consiglieri: <strong>Roberta Bartolini<\/strong>, <strong>Roberta Del Prete<\/strong>, <strong>Chiara Giacomello<\/strong>, <strong>Sebastian Hector Gerlini<\/strong>, <strong>Federico Mansutti<\/strong>, <strong>Lorenzo Sanzin<\/strong> e <strong>Anna Sola<\/strong>.<\/p>\n<p>Il Gruppo Giovani cooperatori di Confcooperative Alpe Adria rappresenta i cooperatori under 40 presenti nei Consigli di amministrazione delle imprese aderenti.<\/p>\n<p>Con la loro azione, promuovono i valori del movimento cooperativo presso le giovani generazioni e la societ\u00e0 civile; puntano a rafforzare il ruolo dei giovani nelle imprese cooperative, in particolar modo ai livelli dirigenziali; sostengono il ruolo dei giovani negli organismi di rappresentanza del mondo cooperativo, a livello settoriale, territoriale e nazionale.<\/p>\n","protected":false},"excerpt":{"rendered":"<p>La rielezione \u00e8 avvenuta a Bagnaria Arsa, in occasione dell\u2019Assemblea di rinnovo cariche della realt\u00e0 di Confcooperative Alpe Adria<\/p>\n","protected":false},"author":28,"featured_media":59595,"comment_status":"closed","ping_status":"closed","sticky":false,"template":"","format":"image","meta":{"dwc-title":[""],"dwc-content":[""],"footnotes":""},"categories":[5],"tags":[1479,932,1183,472],"class_list":["post-59594","post","type-post","status-publish","format-image","has-post-thumbnail","hentry","category-attualita","tag-bagnaria-arsa","tag-cooperazione","tag-impresa","tag-lavoro","post_format-post-format-image"],"rttpg_featured_image_url":{"full":["https:\/\/imagazine.it\/wp-content\/uploads\/2024\/10\/Richter.al-centro.con-il-Consiglio-del-Gruppo-Giovani.jpg",1366,720,false],"landscape":["https:\/\/imagazine.it\/wp-content\/uploads\/2024\/10\/Richter.al-centro.con-il-Consiglio-del-Gruppo-Giovani.jpg",1366,720,false],"portraits":["https:\/\/imagazine.it\/wp-content\/uploads\/2024\/10\/Richter.al-centro.con-il-Consiglio-del-Gruppo-Giovani.jpg",1366,720,false],"thumbnail":["https:\/\/imagazine.it\/wp-content\/uploads\/2024\/10\/Richter.al-centro.con-il-Consiglio-del-Gruppo-Giovani-150x150.jpg",150,150,true],"medium":["https:\/\/imagazine.it\/wp-content\/uploads\/2024\/10\/Richter.al-centro.con-il-Consiglio-del-Gruppo-Giovani-300x158.jpg",300,158,true],"large":["https:\/\/imagazine.it\/wp-content\/uploads\/2024\/10\/Richter.al-centro.con-il-Consiglio-del-Gruppo-Giovani-1024x540.jpg",640,338,true],"thumblist":["https:\/\/imagazine.it\/wp-content\/uploads\/2024\/10\/Richter.al-centro.con-il-Consiglio-del-Gruppo-Giovani-300x300.jpg",300,300,true],"thumbrelated":["https:\/\/imagazine.it\/wp-content\/uploads\/2024\/10\/Richter.al-centro.con-il-Consiglio-del-Gruppo-Giovani-500x500.jpg",500,500,true],"meccarouselthumb":["https:\/\/imagazine.it\/wp-content\/uploads\/2024\/10\/Richter.al-centro.con-il-Consiglio-del-Gruppo-Giovani-474x324.jpg",474,324,true],"gridsquare":["https:\/\/imagazine.it\/wp-content\/uploads\/2024\/10\/Richter.al-centro.con-il-Consiglio-del-Gruppo-Giovani-391x260.jpg",391,260,true],"tileview":["https:\/\/imagazine.it\/wp-content\/uploads\/2024\/10\/Richter.al-centro.con-il-Consiglio-del-Gruppo-Giovani-300x400.jpg",300,400,true],"1536x1536":["https:\/\/imagazine.it\/wp-content\/uploads\/2024\/10\/Richter.al-centro.con-il-Consiglio-del-Gruppo-Giovani.jpg",1366,720,false],"2048x2048":["https:\/\/imagazine.it\/wp-content\/uploads\/2024\/10\/Richter.al-centro.con-il-Consiglio-del-Gruppo-Giovani.jpg",1366,720,false],"newsup-slider-full":["https:\/\/imagazine.it\/wp-content\/uploads\/2024\/10\/Richter.al-centro.con-il-Consiglio-del-Gruppo-Giovani-1280x720.jpg",1280,720,true],"newsup-featured":["https:\/\/imagazine.it\/wp-content\/uploads\/2024\/10\/Richter.al-centro.con-il-Consiglio-del-Gruppo-Giovani-1024x540.jpg",1024,540,true],"newsup-medium":["https:\/\/imagazine.it\/wp-content\/uploads\/2024\/10\/Richter.al-centro.con-il-Consiglio-del-Gruppo-Giovani-720x380.jpg",720,380,true],"tptn_thumbnail":["https:\/\/imagazine.it\/wp-content\/uploads\/2024\/10\/Richter.al-centro.con-il-Consiglio-del-Gruppo-Giovani-250x210.jpg",250,210,true],"sow-carousel-default":["https:\/\/imagazine.it\/wp-content\/uploads\/2024\/10\/Richter.al-centro.con-il-Consiglio-del-Gruppo-Giovani-272x182.jpg",272,182,true]},"rttpg_author":{"display_name":"redazione","author_link":"https:\/\/imagazine.it\/home_desk\/author\/redazione\/"},"rttpg_comment":0,"rttpg_category":"<a href=\"https:\/\/imagazine.it\/home_desk\/category\/attualita\/\" rel=\"category tag\">ATTUALIT\u00c0<\/a>","rttpg_excerpt":"La rielezione \u00e8 avvenuta a Bagnaria Arsa, in occasione dell\u2019Assemblea di rinnovo cariche della realt\u00e0 di Confcooperative Alpe Adria","_links":{"self":[{"href":"https:\/\/imagazine.it\/home_desk\/wp-json\/wp\/v2\/posts\/59594","targetHints":{"allow":["GET"]}}],"collection":[{"href":"https:\/\/imagazine.it\/home_desk\/wp-json\/wp\/v2\/posts"}],"about":[{"href":"https:\/\/imagazine.it\/home_desk\/wp-json\/wp\/v2\/types\/post"}],"author":[{"embeddable":true,"href":"https:\/\/imagazine.it\/home_desk\/wp-json\/wp\/v2\/users\/28"}],"replies":[{"embeddable":true,"href":"https:\/\/imagazine.it\/home_desk\/wp-json\/wp\/v2\/comments?post=59594"}],"version-history":[{"count":0,"href":"https:\/\/imagazine.it\/home_desk\/wp-json\/wp\/v2\/posts\/59594\/revisions"}],"wp:featuredmedia":[{"embeddable":true,"href":"https:\/\/imagazine.it\/home_desk\/wp-json\/wp\/v2\/media\/59595"}],"wp:attachment":[{"href":"https:\/\/imagazine.it\/home_desk\/wp-json\/wp\/v2\/media?parent=59594"}],"wp:term":[{"taxonomy":"category","embeddable":true,"href":"https:\/\/imagazine.it\/home_desk\/wp-json\/wp\/v2\/categories?post=59594"},{"taxonomy":"post_tag","embeddable":true,"href":"https:\/\/imagazine.it\/home_desk\/wp-json\/wp\/v2\/tags?post=59594"}],"curies":[{"name":"wp","href":"https:\/\/api.w.org\/{rel}","templated":true}]}}