{"id":59480,"date":"2024-10-17T14:57:51","date_gmt":"2024-10-17T12:57:51","guid":{"rendered":"https:\/\/imagazine.it\/home_desk\/?p=59480"},"modified":"2024-10-17T18:22:14","modified_gmt":"2024-10-17T16:22:14","slug":"orientare-i-giovani-al-lavoro-nuovo-progetto-a-gorizia","status":"publish","type":"post","link":"https:\/\/imagazine.it\/home_desk\/orientare-i-giovani-al-lavoro-nuovo-progetto-a-gorizia\/","title":{"rendered":"Orientare i giovani al lavoro: nuovo progetto a Gorizia"},"content":{"rendered":"<p><span style=\"font-size: 10pt;\"><em>Da destra Rosolen, Ziberna e Gatta<\/em><\/span><\/p>\n<p>GORIZIA \u2013 Prender\u00e0 il via mercoled\u00ec 23 ottobre e si protrarr\u00e0 fino a febbraio nella Sala Dora Bassi di via Garibaldi 7 a Gorizia il progetto <strong>Pillole di Let\u2019s Go! Job 2024\/2025<\/strong>.<\/p>\n<p>In tutto 14 appuntamenti per prepararsi a un colloquio di lavoro, scoprire funzionamento del portale Europeo dei giovani, acquisire competenze digitali utili per il curriculum, comprendere la <em>web reputation<\/em> nonch\u00e9 consigli per destreggiarsi tra le varie forme contrattuali.<\/p>\n<p>L\u2019obiettivo \u00e8 fornire strumenti utili per la ricerca di lavoro, sviluppare competenze e orientare i partecipanti nelle scelte professionali.<\/p>\n<p>Il progetto \u00e8 aperto a tutti i ragazzi nell\u2019et\u00e0 di riferimento del Punto Giovani in base alla legge regionale (14 \u2013 36 anni non compiuti), che potranno partecipare singolarmente o, se studenti, attraverso il coinvolgimento dell\u2019Istituto, sulla base di apposita Convenzione con il Comune, mediante l\u2019attivazione di Pcto (Percorsi\u00a0per le competenze trasversali e l&#8217;orientamento).<\/p>\n<p>Anche per gli studenti universitari dei corsi di laurea in Relazioni Pubbliche, Comunicazione integrata per le imprese e le organizzazioni e Discipline dell&#8217;audiovisivo, dei media e dello spettacolo &#8211; DAMS delle sedi di Gorizia ci sar\u00e0 la possibilit\u00e0 di vedersi riconosciuti dei crediti formativi CFU.<\/p>\n<p>La partecipazione \u00e8 gratuita, previa prenotazione alla mail\u00a0<a href=\"mailto:informagiovanigo@gmail.com\">informagiovanigo@gmail.com<\/a>\u00a0o rivolgendosi direttamente agli uffici del Punto Giovani. Le prenotazioni saranno accettate fino a esaurimento posti.<\/p>\n<p>La progettualit\u00e0 \u00e8 stata presentata dal sindaco di Gorizia, <strong>Rodolfo Ziberna<\/strong>, dalla vicensindaca <strong>Chiara Gatta<\/strong> e dall\u2019assessore regionale alla Formazione, <strong>Alessia Rosolen<\/strong>.<\/p>\n<h3>Gli appuntamenti<\/h3>\n<p>Si comincer\u00e0 <strong>mercoled\u00ec 23 ottobre<\/strong> con \u201c<em>Laboratorio di orientamento alla scelta: scopri con noi le professioni, i tuoi interessi e le tue abilit\u00e0<\/em>\u201d, a cura del Centro di Orientamento Regionale di Gorizia. Previsto un doppio incontro: alle 12 nell&#8217;Istituto, riservato agli allievi dello stesso, e alle 15 nella Sala Dora Bassi, aperto invece a tutti.<\/p>\n<p><strong>Mercoled\u00ec 30 ottobre<\/strong> si parler\u00e0 di \u201c<em>Reputazione, identit\u00e0 digitale e diritto all\u2019oblio<\/em>\u201d.<\/p>\n<p><strong>Mercoled\u00ec 6 novembre<\/strong> si affronter\u00e0 la stesura del CV e della lettera di presentazione, mentre <strong>mercoled\u00ec 13 novembre<\/strong> della Video presentazione.<\/p>\n<p><strong>Mercoled\u00ec 20 novembre<\/strong> verr\u00e0 illustrato \u201c<em>Il Portale Europeo dei giovani e le Digital Skills: tutto ci\u00f2 che c\u2019\u00e8 da sapere<\/em>\u201d.<\/p>\n<p>Seguir\u00e0 poi una serie di appuntamenti che condurr\u00e0 i partecipanti a conoscere le varie modalit\u00e0 per approcciarsi al meglio al mondo del lavoro.<\/p>\n<p><strong>Mercoled\u00ec 5 febbraio<\/strong> si parler\u00e0 delle opportunit\u00e0 di lavoro nella Pubblica amministrazione, con un momento di approfondimento a cura dell\u2019ufficio personale del Comune di Gorizia.<\/p>\n<p>L\u2019evento finale del percorso sar\u00e0 il <strong><em>Recruiting Day Young<\/em><\/strong>, realizzato in collaborazione con i Servizi alle Imprese della Regione, che si terr\u00e0 negli spazi del Punto giovani e della sala Dora Bassi il <strong>26 febbraio<\/strong>.<\/p>\n<p>L\u2019iniziativa consentir\u00e0 di mettere in contatto le aziende del territorio interessate a implementare i propri organici con i giovani che cercano lavoro. Le iscrizioni si attiveranno dal mese di gennaio.<\/p>\n","protected":false},"excerpt":{"rendered":"<p>Presentate le &#8220;Pillole di Let\u2019s Go! Job&#8221;: 14 appuntamenti per avvicinare i giovani alle aziende. Con un &#8220;Recruiting Day&#8221; finale<\/p>\n","protected":false},"author":28,"featured_media":59481,"comment_status":"closed","ping_status":"closed","sticky":false,"template":"","format":"image","meta":{"dwc-title":[""],"dwc-content":[""],"footnotes":""},"categories":[5],"tags":[83,43,472],"class_list":["post-59480","post","type-post","status-publish","format-image","has-post-thumbnail","hentry","category-attualita","tag-giovani","tag-gorizia","tag-lavoro","post_format-post-format-image"],"rttpg_featured_image_url":{"full":["https:\/\/imagazine.it\/wp-content\/uploads\/2024\/10\/Presentazione-Pillole-Lets-Go-Job.jpg",1366,875,false],"landscape":["https:\/\/imagazine.it\/wp-content\/uploads\/2024\/10\/Presentazione-Pillole-Lets-Go-Job.jpg",1366,875,false],"portraits":["https:\/\/imagazine.it\/wp-content\/uploads\/2024\/10\/Presentazione-Pillole-Lets-Go-Job.jpg",1366,875,false],"thumbnail":["https:\/\/imagazine.it\/wp-content\/uploads\/2024\/10\/Presentazione-Pillole-Lets-Go-Job-150x150.jpg",150,150,true],"medium":["https:\/\/imagazine.it\/wp-content\/uploads\/2024\/10\/Presentazione-Pillole-Lets-Go-Job-300x192.jpg",300,192,true],"large":["https:\/\/imagazine.it\/wp-content\/uploads\/2024\/10\/Presentazione-Pillole-Lets-Go-Job-1024x656.jpg",640,410,true],"thumblist":["https:\/\/imagazine.it\/wp-content\/uploads\/2024\/10\/Presentazione-Pillole-Lets-Go-Job-300x300.jpg",300,300,true],"thumbrelated":["https:\/\/imagazine.it\/wp-content\/uploads\/2024\/10\/Presentazione-Pillole-Lets-Go-Job-500x500.jpg",500,500,true],"meccarouselthumb":["https:\/\/imagazine.it\/wp-content\/uploads\/2024\/10\/Presentazione-Pillole-Lets-Go-Job-474x324.jpg",474,324,true],"gridsquare":["https:\/\/imagazine.it\/wp-content\/uploads\/2024\/10\/Presentazione-Pillole-Lets-Go-Job-391x260.jpg",391,260,true],"tileview":["https:\/\/imagazine.it\/wp-content\/uploads\/2024\/10\/Presentazione-Pillole-Lets-Go-Job-300x400.jpg",300,400,true],"1536x1536":["https:\/\/imagazine.it\/wp-content\/uploads\/2024\/10\/Presentazione-Pillole-Lets-Go-Job.jpg",1366,875,false],"2048x2048":["https:\/\/imagazine.it\/wp-content\/uploads\/2024\/10\/Presentazione-Pillole-Lets-Go-Job.jpg",1366,875,false],"newsup-slider-full":["https:\/\/imagazine.it\/wp-content\/uploads\/2024\/10\/Presentazione-Pillole-Lets-Go-Job-1280x720.jpg",1280,720,true],"newsup-featured":["https:\/\/imagazine.it\/wp-content\/uploads\/2024\/10\/Presentazione-Pillole-Lets-Go-Job-1024x656.jpg",1024,656,true],"newsup-medium":["https:\/\/imagazine.it\/wp-content\/uploads\/2024\/10\/Presentazione-Pillole-Lets-Go-Job-720x380.jpg",720,380,true],"tptn_thumbnail":["https:\/\/imagazine.it\/wp-content\/uploads\/2024\/10\/Presentazione-Pillole-Lets-Go-Job-250x210.jpg",250,210,true],"sow-carousel-default":["https:\/\/imagazine.it\/wp-content\/uploads\/2024\/10\/Presentazione-Pillole-Lets-Go-Job-272x182.jpg",272,182,true]},"rttpg_author":{"display_name":"redazione","author_link":"https:\/\/imagazine.it\/home_desk\/author\/redazione\/"},"rttpg_comment":0,"rttpg_category":"<a href=\"https:\/\/imagazine.it\/home_desk\/category\/attualita\/\" rel=\"category tag\">ATTUALIT\u00c0<\/a>","rttpg_excerpt":"Presentate le \"Pillole di Let\u2019s Go! Job\": 14 appuntamenti per avvicinare i giovani alle aziende. Con un \"Recruiting Day\" finale","_links":{"self":[{"href":"https:\/\/imagazine.it\/home_desk\/wp-json\/wp\/v2\/posts\/59480","targetHints":{"allow":["GET"]}}],"collection":[{"href":"https:\/\/imagazine.it\/home_desk\/wp-json\/wp\/v2\/posts"}],"about":[{"href":"https:\/\/imagazine.it\/home_desk\/wp-json\/wp\/v2\/types\/post"}],"author":[{"embeddable":true,"href":"https:\/\/imagazine.it\/home_desk\/wp-json\/wp\/v2\/users\/28"}],"replies":[{"embeddable":true,"href":"https:\/\/imagazine.it\/home_desk\/wp-json\/wp\/v2\/comments?post=59480"}],"version-history":[{"count":0,"href":"https:\/\/imagazine.it\/home_desk\/wp-json\/wp\/v2\/posts\/59480\/revisions"}],"wp:featuredmedia":[{"embeddable":true,"href":"https:\/\/imagazine.it\/home_desk\/wp-json\/wp\/v2\/media\/59481"}],"wp:attachment":[{"href":"https:\/\/imagazine.it\/home_desk\/wp-json\/wp\/v2\/media?parent=59480"}],"wp:term":[{"taxonomy":"category","embeddable":true,"href":"https:\/\/imagazine.it\/home_desk\/wp-json\/wp\/v2\/categories?post=59480"},{"taxonomy":"post_tag","embeddable":true,"href":"https:\/\/imagazine.it\/home_desk\/wp-json\/wp\/v2\/tags?post=59480"}],"curies":[{"name":"wp","href":"https:\/\/api.w.org\/{rel}","templated":true}]}}