{"id":59473,"date":"2024-10-17T12:12:14","date_gmt":"2024-10-17T10:12:14","guid":{"rendered":"https:\/\/imagazine.it\/home_desk\/?p=59473"},"modified":"2024-10-17T17:25:17","modified_gmt":"2024-10-17T15:25:17","slug":"cividale-aderisce-allassemblea-dei-comuni-friulanofoni","status":"publish","type":"post","link":"https:\/\/imagazine.it\/home_desk\/cividale-aderisce-allassemblea-dei-comuni-friulanofoni\/","title":{"rendered":"Cividale aderisce all&#8217;Assemblea dei Comuni Friulanofoni"},"content":{"rendered":"<p><span style=\"font-size: 10pt;\"><em>Da sinistra Navarria, Furlani, Bernardi, Sergon, Lesa, Filipuzzi e Violino<\/em><\/span><\/p>\n<p>CIVIDALE DEL FRIULI \u2013 Si \u00e8 riunito ieri sera a Cividale il direttivo dell&#8217;<strong>Assemblea<\/strong> <strong>di Comunit\u00e0 Linguistica Friulana (ACLiF)<\/strong>, l\u2019organismo che rappresenta i comuni di lingua friulana.<\/p>\n<p>Nato nel 2015, conta oggi quasi 150 soci, praticamente pi\u00f9 dell\u201980% di tutte le comunit\u00e0 friulanofone di Udine, Pordenone, Gorizia e del Veneto orientale.<\/p>\n<p>La scelta di fare tappa nella citt\u00e0 ducale \u00e8 dovuta alla volont\u00e0 di festeggiare la sua recente adesione, deliberata dal consiglio comunale nella seduta del 28 giugno scorso.<\/p>\n<p>All\u2019incontro sono intervenuti, oltre alla sindaca <strong>Daniela Bernardi<\/strong>, anche il primo cittadino di Manzano, <strong>Piero Furlani<\/strong>, e il vicesindaco di Torreano, <strong>Giuliano Lesa<\/strong>, in rappresentanza del territorio.<\/p>\n<p>Per ACLiF erano presenti il presidente <strong>Daniele Sergon<\/strong> di Capriva del Friuli, il vice <strong>Claudio Violino<\/strong> di Mereto di Tomba, la consigliera <strong>Ester Filipuzzi<\/strong> di Spilimbergo e il presidente onorario <strong>Diego Navarria<\/strong> di Carlino.<\/p>\n<p>\u00abACLiF \u2013 ha dichiarato Sergon \u2013 nasce dal basso, non con un atto imposto, ma con il voto dei consigli comunali, peraltro quasi sempre unanime, mettendo insieme forze di maggioranza e di minoranza. Nostro compito \u00e8 portare avanti il tema della nostra identit\u00e0 culturale e linguistica\u00bb.<\/p>\n<p>Il direttivo ACLiF ha espresso la soddisfazione di accogliere Cividale, oltre che naturalmente Manzano e Torreano, anche per il grande valore simbolico che essa rappresenta, in quanto fu capitale del ducato longobardo del Friuli e per secoli anche sede patriarcale.<\/p>\n<p>La sindaca Bernardi ha espresso la sua soddisfazione per l\u2019incontro e ha evidenziato le numerose iniziative legate alla cultura friulana che si svolgono a Cividale, facendo anche un richiamo alla figura del sindaco e senatore Guglielmo Pelizzo, che fu per oltre dieci anni presidente della Societ\u00e0 Filologica Friulana, subentrando a Tiziano Tessitori, il padre della Regione.<\/p>\n","protected":false},"excerpt":{"rendered":"<p>Il direttivo ACLiF si \u00e8 riunito nella citt\u00e0 ducale per celebrare l&#8217;adesione approvata dal Consiglio comunale lo scorso giugno<\/p>\n","protected":false},"author":28,"featured_media":59474,"comment_status":"closed","ping_status":"closed","sticky":false,"template":"","format":"image","meta":{"dwc-title":[""],"dwc-content":[""],"footnotes":""},"categories":[5],"tags":[2525,170,1274],"class_list":["post-59473","post","type-post","status-publish","format-image","has-post-thumbnail","hentry","category-attualita","tag-aclif","tag-cividale","tag-friulano","post_format-post-format-image"],"rttpg_featured_image_url":{"full":["https:\/\/imagazine.it\/wp-content\/uploads\/2024\/10\/ACLIF-da-sinistra-navarria-furlani-bernardi-sergon-lesa-filipuzzi-violino.jpg",1366,721,false],"landscape":["https:\/\/imagazine.it\/wp-content\/uploads\/2024\/10\/ACLIF-da-sinistra-navarria-furlani-bernardi-sergon-lesa-filipuzzi-violino.jpg",1366,721,false],"portraits":["https:\/\/imagazine.it\/wp-content\/uploads\/2024\/10\/ACLIF-da-sinistra-navarria-furlani-bernardi-sergon-lesa-filipuzzi-violino.jpg",1366,721,false],"thumbnail":["https:\/\/imagazine.it\/wp-content\/uploads\/2024\/10\/ACLIF-da-sinistra-navarria-furlani-bernardi-sergon-lesa-filipuzzi-violino-150x150.jpg",150,150,true],"medium":["https:\/\/imagazine.it\/wp-content\/uploads\/2024\/10\/ACLIF-da-sinistra-navarria-furlani-bernardi-sergon-lesa-filipuzzi-violino-300x158.jpg",300,158,true],"large":["https:\/\/imagazine.it\/wp-content\/uploads\/2024\/10\/ACLIF-da-sinistra-navarria-furlani-bernardi-sergon-lesa-filipuzzi-violino-1024x540.jpg",640,338,true],"thumblist":["https:\/\/imagazine.it\/wp-content\/uploads\/2024\/10\/ACLIF-da-sinistra-navarria-furlani-bernardi-sergon-lesa-filipuzzi-violino-300x300.jpg",300,300,true],"thumbrelated":["https:\/\/imagazine.it\/wp-content\/uploads\/2024\/10\/ACLIF-da-sinistra-navarria-furlani-bernardi-sergon-lesa-filipuzzi-violino-500x500.jpg",500,500,true],"meccarouselthumb":["https:\/\/imagazine.it\/wp-content\/uploads\/2024\/10\/ACLIF-da-sinistra-navarria-furlani-bernardi-sergon-lesa-filipuzzi-violino-474x324.jpg",474,324,true],"gridsquare":["https:\/\/imagazine.it\/wp-content\/uploads\/2024\/10\/ACLIF-da-sinistra-navarria-furlani-bernardi-sergon-lesa-filipuzzi-violino-391x260.jpg",391,260,true],"tileview":["https:\/\/imagazine.it\/wp-content\/uploads\/2024\/10\/ACLIF-da-sinistra-navarria-furlani-bernardi-sergon-lesa-filipuzzi-violino-300x400.jpg",300,400,true],"1536x1536":["https:\/\/imagazine.it\/wp-content\/uploads\/2024\/10\/ACLIF-da-sinistra-navarria-furlani-bernardi-sergon-lesa-filipuzzi-violino.jpg",1366,721,false],"2048x2048":["https:\/\/imagazine.it\/wp-content\/uploads\/2024\/10\/ACLIF-da-sinistra-navarria-furlani-bernardi-sergon-lesa-filipuzzi-violino.jpg",1366,721,false],"newsup-slider-full":["https:\/\/imagazine.it\/wp-content\/uploads\/2024\/10\/ACLIF-da-sinistra-navarria-furlani-bernardi-sergon-lesa-filipuzzi-violino-1280x720.jpg",1280,720,true],"newsup-featured":["https:\/\/imagazine.it\/wp-content\/uploads\/2024\/10\/ACLIF-da-sinistra-navarria-furlani-bernardi-sergon-lesa-filipuzzi-violino-1024x540.jpg",1024,540,true],"newsup-medium":["https:\/\/imagazine.it\/wp-content\/uploads\/2024\/10\/ACLIF-da-sinistra-navarria-furlani-bernardi-sergon-lesa-filipuzzi-violino-720x380.jpg",720,380,true],"tptn_thumbnail":["https:\/\/imagazine.it\/wp-content\/uploads\/2024\/10\/ACLIF-da-sinistra-navarria-furlani-bernardi-sergon-lesa-filipuzzi-violino-250x210.jpg",250,210,true],"sow-carousel-default":["https:\/\/imagazine.it\/wp-content\/uploads\/2024\/10\/ACLIF-da-sinistra-navarria-furlani-bernardi-sergon-lesa-filipuzzi-violino-272x182.jpg",272,182,true]},"rttpg_author":{"display_name":"redazione","author_link":"https:\/\/imagazine.it\/home_desk\/author\/redazione\/"},"rttpg_comment":0,"rttpg_category":"<a href=\"https:\/\/imagazine.it\/home_desk\/category\/attualita\/\" rel=\"category tag\">ATTUALIT\u00c0<\/a>","rttpg_excerpt":"Il direttivo ACLiF si \u00e8 riunito nella citt\u00e0 ducale per celebrare l'adesione approvata dal Consiglio comunale lo scorso giugno","_links":{"self":[{"href":"https:\/\/imagazine.it\/home_desk\/wp-json\/wp\/v2\/posts\/59473","targetHints":{"allow":["GET"]}}],"collection":[{"href":"https:\/\/imagazine.it\/home_desk\/wp-json\/wp\/v2\/posts"}],"about":[{"href":"https:\/\/imagazine.it\/home_desk\/wp-json\/wp\/v2\/types\/post"}],"author":[{"embeddable":true,"href":"https:\/\/imagazine.it\/home_desk\/wp-json\/wp\/v2\/users\/28"}],"replies":[{"embeddable":true,"href":"https:\/\/imagazine.it\/home_desk\/wp-json\/wp\/v2\/comments?post=59473"}],"version-history":[{"count":0,"href":"https:\/\/imagazine.it\/home_desk\/wp-json\/wp\/v2\/posts\/59473\/revisions"}],"wp:featuredmedia":[{"embeddable":true,"href":"https:\/\/imagazine.it\/home_desk\/wp-json\/wp\/v2\/media\/59474"}],"wp:attachment":[{"href":"https:\/\/imagazine.it\/home_desk\/wp-json\/wp\/v2\/media?parent=59473"}],"wp:term":[{"taxonomy":"category","embeddable":true,"href":"https:\/\/imagazine.it\/home_desk\/wp-json\/wp\/v2\/categories?post=59473"},{"taxonomy":"post_tag","embeddable":true,"href":"https:\/\/imagazine.it\/home_desk\/wp-json\/wp\/v2\/tags?post=59473"}],"curies":[{"name":"wp","href":"https:\/\/api.w.org\/{rel}","templated":true}]}}