{"id":59470,"date":"2024-10-17T11:48:28","date_gmt":"2024-10-17T09:48:28","guid":{"rendered":"https:\/\/imagazine.it\/home_desk\/?p=59470"},"modified":"2024-11-21T15:53:54","modified_gmt":"2024-11-21T14:53:54","slug":"nicole-coceancig-vince-il-premio-ciampi-2024","status":"publish","type":"post","link":"https:\/\/imagazine.it\/home_desk\/nicole-coceancig-vince-il-premio-ciampi-2024\/","title":{"rendered":"Nicole Coceancig vince il Premio Ciampi 2024"},"content":{"rendered":"<p><span style=\"font-size: 10pt;\"><em>Nicole Coceancig (\u00a9 Ingrid Wight)<\/em><\/span><\/p>\n<p>UDINE \u2013<strong> Nicole Coceancig<\/strong>, giovane cantautrice friulana, vince la XXVII edizione del <strong>Premio Ciampi<\/strong>, con i <strong>due brani originali<\/strong> <em>Cjare mame<\/em> e <em>Di trop che o ai cjamin\u00e2t<\/em>, entrambi cantati in <strong>lingua<\/strong> <strong>friulana<\/strong>.<\/p>\n<p>Il secondo dei due \u00e8 stato inoltre selezionato al <strong>Festival Suns Europe<\/strong> di Udine, dove la Coceancig si esibir\u00e0 il 19 ottobre in rappresentanza del Friuli, insieme ad altri 8 artisti internazionali.<\/p>\n<p>Il Premio Ciampi, intitolato al cantautore e poeta livornese Piero Ciampi, supporta da sempre chi fa musica senza compromessi, in modo <strong>non omologato e controcorrente<\/strong>.<\/p>\n<p>Ogni anno, seguendo tali principi e tenendo sempre fede al manifesto programmatico \u201cLunga vita agli outsider\u201d, indice un <strong>Concorso Nazionale<\/strong>, a cui possono partecipare singoli artisti o gruppi musicali di ogni et\u00e0.<\/p>\n<p>Quest\u2019anno, la giuria ha deciso di premiare la Coceancig, sia per la scelta di <strong>cantare in friulano<\/strong>, che per le storie di <strong>coraggio<\/strong> ed <strong>emancipazione<\/strong> che racconta nei suoi brani.<\/p>\n<p>La sera di gioved\u00ec 21 novembre, presso il Teatro Goldoni di Livorno, Nicole ricever\u00e0 il Premio e eseguir\u00e0 i due brani originali, <strong>condividendo il palco<\/strong> con artisti del calibro di Nada, Teho Teardo e Blixa Bargeld, Massimo Volume, Daniela Pes e altri.<\/p>\n<p>\u00c8 prevista per <strong>dicembre<\/strong> l\u2019uscita del <em>concept<\/em> <strong>album<\/strong>, <em>Zohra<\/em>, interamente cantato in friulano, che contiene anche i due brani premiati originali al Ciampi, nei quali la Coceancig racconta la storia di una ragazza quattordicenne che fugge dal <strong>Pakistan<\/strong> verso il Friuli-Venezia Giulia, tramite la rotta balcanica, per inseguire un sogno di <strong>riscatto<\/strong> e <strong>libert\u00e0<\/strong>.<\/p>\n<p>\u201cUna storia di coraggio che cerca di dare voce a tutte quelle donne che in questo momento, come Zohra, vorrebbero partire ma che nella realt\u00e0 non possono farlo\u201d, spiega<strong> Nicole Coceancing<\/strong>.<\/p>\n","protected":false},"excerpt":{"rendered":"<p>L\u2019artista friulana sar\u00e0 in concerto a Udine il 19 ottobre al Suns Europe di Udine, rappresentando proprio il Friuli<\/p>\n","protected":false},"author":28,"featured_media":59471,"comment_status":"closed","ping_status":"closed","sticky":false,"template":"","format":"image","meta":{"dwc-title":[""],"dwc-content":[""],"footnotes":""},"categories":[37],"tags":[1274,1273,55,540],"class_list":["post-59470","post","type-post","status-publish","format-image","has-post-thumbnail","hentry","category-cultura-e-spettacolo","tag-friulano","tag-friuli","tag-musica","tag-premi","post_format-post-format-image"],"rttpg_featured_image_url":{"full":["https:\/\/imagazine.it\/wp-content\/uploads\/2024\/10\/Nicole_Coceancig_02.jpeg",1366,836,false],"landscape":["https:\/\/imagazine.it\/wp-content\/uploads\/2024\/10\/Nicole_Coceancig_02.jpeg",1366,836,false],"portraits":["https:\/\/imagazine.it\/wp-content\/uploads\/2024\/10\/Nicole_Coceancig_02.jpeg",1366,836,false],"thumbnail":["https:\/\/imagazine.it\/wp-content\/uploads\/2024\/10\/Nicole_Coceancig_02-150x150.jpeg",150,150,true],"medium":["https:\/\/imagazine.it\/wp-content\/uploads\/2024\/10\/Nicole_Coceancig_02-300x184.jpeg",300,184,true],"large":["https:\/\/imagazine.it\/wp-content\/uploads\/2024\/10\/Nicole_Coceancig_02-1024x627.jpeg",640,392,true],"thumblist":["https:\/\/imagazine.it\/wp-content\/uploads\/2024\/10\/Nicole_Coceancig_02-300x300.jpeg",300,300,true],"thumbrelated":["https:\/\/imagazine.it\/wp-content\/uploads\/2024\/10\/Nicole_Coceancig_02-500x500.jpeg",500,500,true],"meccarouselthumb":["https:\/\/imagazine.it\/wp-content\/uploads\/2024\/10\/Nicole_Coceancig_02-474x324.jpeg",474,324,true],"gridsquare":["https:\/\/imagazine.it\/wp-content\/uploads\/2024\/10\/Nicole_Coceancig_02-391x260.jpeg",391,260,true],"tileview":["https:\/\/imagazine.it\/wp-content\/uploads\/2024\/10\/Nicole_Coceancig_02-300x400.jpeg",300,400,true],"1536x1536":["https:\/\/imagazine.it\/wp-content\/uploads\/2024\/10\/Nicole_Coceancig_02.jpeg",1366,836,false],"2048x2048":["https:\/\/imagazine.it\/wp-content\/uploads\/2024\/10\/Nicole_Coceancig_02.jpeg",1366,836,false],"newsup-slider-full":["https:\/\/imagazine.it\/wp-content\/uploads\/2024\/10\/Nicole_Coceancig_02-1280x720.jpeg",1280,720,true],"newsup-featured":["https:\/\/imagazine.it\/wp-content\/uploads\/2024\/10\/Nicole_Coceancig_02-1024x627.jpeg",1024,627,true],"newsup-medium":["https:\/\/imagazine.it\/wp-content\/uploads\/2024\/10\/Nicole_Coceancig_02-720x380.jpeg",720,380,true],"tptn_thumbnail":["https:\/\/imagazine.it\/wp-content\/uploads\/2024\/10\/Nicole_Coceancig_02-250x210.jpeg",250,210,true],"sow-carousel-default":["https:\/\/imagazine.it\/wp-content\/uploads\/2024\/10\/Nicole_Coceancig_02-272x182.jpeg",272,182,true]},"rttpg_author":{"display_name":"redazione","author_link":"https:\/\/imagazine.it\/home_desk\/author\/redazione\/"},"rttpg_comment":0,"rttpg_category":"<a href=\"https:\/\/imagazine.it\/home_desk\/category\/cultura-e-spettacolo\/\" rel=\"category tag\">CULTURA&amp;SPETTACOLO<\/a>","rttpg_excerpt":"L\u2019artista friulana sar\u00e0 in concerto a Udine il 19 ottobre al Suns Europe di Udine, rappresentando proprio il Friuli","_links":{"self":[{"href":"https:\/\/imagazine.it\/home_desk\/wp-json\/wp\/v2\/posts\/59470","targetHints":{"allow":["GET"]}}],"collection":[{"href":"https:\/\/imagazine.it\/home_desk\/wp-json\/wp\/v2\/posts"}],"about":[{"href":"https:\/\/imagazine.it\/home_desk\/wp-json\/wp\/v2\/types\/post"}],"author":[{"embeddable":true,"href":"https:\/\/imagazine.it\/home_desk\/wp-json\/wp\/v2\/users\/28"}],"replies":[{"embeddable":true,"href":"https:\/\/imagazine.it\/home_desk\/wp-json\/wp\/v2\/comments?post=59470"}],"version-history":[{"count":0,"href":"https:\/\/imagazine.it\/home_desk\/wp-json\/wp\/v2\/posts\/59470\/revisions"}],"wp:featuredmedia":[{"embeddable":true,"href":"https:\/\/imagazine.it\/home_desk\/wp-json\/wp\/v2\/media\/59471"}],"wp:attachment":[{"href":"https:\/\/imagazine.it\/home_desk\/wp-json\/wp\/v2\/media?parent=59470"}],"wp:term":[{"taxonomy":"category","embeddable":true,"href":"https:\/\/imagazine.it\/home_desk\/wp-json\/wp\/v2\/categories?post=59470"},{"taxonomy":"post_tag","embeddable":true,"href":"https:\/\/imagazine.it\/home_desk\/wp-json\/wp\/v2\/tags?post=59470"}],"curies":[{"name":"wp","href":"https:\/\/api.w.org\/{rel}","templated":true}]}}