{"id":59439,"date":"2024-10-16T15:12:11","date_gmt":"2024-10-16T13:12:11","guid":{"rendered":"https:\/\/imagazine.it\/home_desk\/?p=59439"},"modified":"2024-10-17T16:05:17","modified_gmt":"2024-10-17T14:05:17","slug":"nuovo-dipartimento-di-medicina-posato-il-tetto","status":"publish","type":"post","link":"https:\/\/imagazine.it\/home_desk\/nuovo-dipartimento-di-medicina-posato-il-tetto\/","title":{"rendered":"Nuovo Dipartimento di Medicina: posato il tetto"},"content":{"rendered":"<p><em><span style=\"font-size: 10pt;\">I due edifici che ospiteranno la didattica e la ricerca del nuovo campus medico Uniud<\/span><\/em><\/p>\n<p>UDINE \u2013 Prosegue la costruzione del <strong>nuovo dipartimento di Medicina dell\u2019Universit\u00e0 di Udine<\/strong>.<\/p>\n<p>La cerimonia di\u00a0\u201carrivo al tetto\u201d\u00a0del nuovo campus medico al Kolbe\u00a0\u00e8 stata organizzata per festeggiare la <strong>conclusione delle opere strutturali<\/strong>.<\/p>\n<p>La prima parte dei lavori, infatti, che prevede la realizzazione dello scheletro strutturale (fondazioni, pilastri, solai e copertura) \u00e8 terminata. Ora \u00e8 possibile dare il via alla realizzazione degli impianti meccanici, tecnologici ed elettrici, e di tutte le opere architettoniche necessarie a dar vita ai nuovi locali.<\/p>\n<p>All\u2019evento hanno partecipato\u00a0<strong>Roberto Pinton<\/strong>, rettore dell\u2019ateneo,\u00a0<strong>Leonardo Sechi,<\/strong>\u00a0direttore del dipartimento di Medicina,\u00a0<strong>Massimo Roj<\/strong>, CEO e founding partner di Progetto CMR, la societ\u00e0 di progettazione integrata di Milano,\u00a0<strong>Alberto De Toni,<\/strong>\u00a0sindaco di Udine.<\/p>\n<p>Per l\u2019universit\u00e0 c\u2019erano anche numerosi altri docenti delegati e referenti dell\u2019attivit\u00e0 dipartimentale\u00a0e il personale della Area Edilizia. Presente anche <strong>monsignor Riccardo Lamba<\/strong>, arcivescovo di Udine.<\/p>\n<p>\u201cSiamo molto felici e orgogliosi dell\u2019avanzamento dei lavori di questa nuova prestigiosa sede \u2013 ha sottolineato <strong>Pinton<\/strong>\u00a0\u2013 che permetter\u00e0 non soltanto di accentrare tutti i corsi di laurea del Dipartimento di medicina del nostro ateneo in un unico edificio, ma anche di garantire spazi adeguati e tecnicamente all\u2019avanguardia per le attivit\u00e0 scientifiche e didattiche\u201d.<\/p>\n<p>La realizzazione del nuovo campus medico, di cui Progetto CMR, societ\u00e0 di progettazione integrata che nel 2024 celebra 30 anni di attivit\u00e0, segue anche la direzione lavori, contribuir\u00e0 alla valorizzazione di uno dei contesti in cui si produrr\u00e0 innovazione scientifica ai pi\u00f9 alti livelli europei.<\/p>\n<figure id=\"attachment_59440\" aria-describedby=\"caption-attachment-59440\" style=\"width: 1000px\" class=\"wp-caption aligncenter\"><img loading=\"lazy\" decoding=\"async\" class=\"size-full wp-image-59440\" src=\"https:\/\/imagazine.it\/wp-content\/uploads\/2024\/10\/Vista-dinsieme.jpg\" alt=\"\" width=\"1000\" height=\"572\" title=\"\" srcset=\"https:\/\/imagazine.it\/wp-content\/uploads\/2024\/10\/Vista-dinsieme.jpg 1000w, https:\/\/imagazine.it\/wp-content\/uploads\/2024\/10\/Vista-dinsieme-300x172.jpg 300w, https:\/\/imagazine.it\/wp-content\/uploads\/2024\/10\/Vista-dinsieme-768x439.jpg 768w\" sizes=\"auto, (max-width: 1000px) 100vw, 1000px\" \/><figcaption id=\"caption-attachment-59440\" class=\"wp-caption-text\">Come sar\u00e0 la nuova struttura<\/figcaption><\/figure>\n<p>Il <strong>complesso di circa 7.000 metri quadri<\/strong> sorge su un\u2019area di 33.742 metri quadri limitrofa a piazzale Kolbe ed \u00e8 composto da due blocchi distinti, dando vita a un campus aperto a tutta la comunit\u00e0.<\/p>\n<p>Il primo edificio, su due piani, \u00e8 destinato alle aule per la didattica, mentre il secondo, su tre piani fuori terra e uno interrato, sar\u00e0 la sede dipartimentale e dei laboratori di ricerca. I laboratori didattici, in continuit\u00e0 con il corpo aule, sono collocati ai piani interrato e terra e hanno accesso controllato, mentre i laboratori di ricerca al primo piano sono accessibili mediante zone filtro.<\/p>\n<p>Al piano secondo sono collocati gli studi dei docenti articolati in base ai diversi settori disciplinari del Dipartimento.<\/p>\n<p>L\u2019intervento, del costo complessivo di <strong>quasi 20 milioni di euro<\/strong>, ha lo scopo di dare pi\u00f9 spazio alla didattica e di trasferire i laboratori presenti negli edifici esistenti in spazi moderni e pi\u00f9 adatti ad ospitare attivit\u00e0 ad alto contenuto tecnologico.<\/p>\n<p>Il nuovo complesso includer\u00e0, tra l\u2019altro, <strong>8 aule<\/strong> (di cui 3 da 200 posti) per una capienza complessiva di quasi 1.000 posti a sedere, <strong>circa 70 laboratori<\/strong>, <strong>circa 60 uffici<\/strong> tra studi e <em>openspace<\/em> e avr\u00e0, oltre all\u2019attuale accesso su via Chiusaforte, un nuovo ingresso su via Ristori.<\/p>\n<p>L\u2019opera \u00e8 stata realizzata con il contributo della Regione Friuli Venezia Giulia e del Ministero dell\u2019Universit\u00e0 e della Ricerca.<\/p>\n<p>La progettazione e la direzione lavori \u00e8 di Progetto CMR di Milano, mentre l&#8217;impresa aggiudicataria \u00e8 la Icicoop di Ronchi dei Legionari\u00a0capogruppo dell\u2019Associazione Temporanea d\u2019Impresa costituita con ED Impianti s.r.l. di Campoformido e Ranzato Impianti s.r.l.di Padova.<\/p>\n<p>I <strong>lavori termineranno entro la fine del 2025<\/strong> e successivamente sar\u00e0 possibile procedere con l\u2019allestimento dei nuovi laboratori ad alto contenuto tecnologico e all\u2019arredo delle nuove aule.<\/p>\n","protected":false},"excerpt":{"rendered":"<p>A Udine concluse le opere strutturali del nuovo campus medico al Kolbe. Sar\u00e0 pronto nel 2025 <\/p>\n","protected":false},"author":28,"featured_media":59441,"comment_status":"closed","ping_status":"closed","sticky":false,"template":"","format":"image","meta":{"dwc-title":[""],"dwc-content":[""],"footnotes":""},"categories":[5],"tags":[101,206,388],"class_list":["post-59439","post","type-post","status-publish","format-image","has-post-thumbnail","hentry","category-attualita","tag-udine","tag-uniud","tag-universita","post_format-post-format-image"],"rttpg_featured_image_url":{"full":["https:\/\/imagazine.it\/wp-content\/uploads\/2024\/10\/I-due-edifici-che-ospiteranno-la-didattica-e-la-ricerca-del-nuovo-campus-medico-Uniud.jpg",1366,827,false],"landscape":["https:\/\/imagazine.it\/wp-content\/uploads\/2024\/10\/I-due-edifici-che-ospiteranno-la-didattica-e-la-ricerca-del-nuovo-campus-medico-Uniud.jpg",1366,827,false],"portraits":["https:\/\/imagazine.it\/wp-content\/uploads\/2024\/10\/I-due-edifici-che-ospiteranno-la-didattica-e-la-ricerca-del-nuovo-campus-medico-Uniud.jpg",1366,827,false],"thumbnail":["https:\/\/imagazine.it\/wp-content\/uploads\/2024\/10\/I-due-edifici-che-ospiteranno-la-didattica-e-la-ricerca-del-nuovo-campus-medico-Uniud-150x150.jpg",150,150,true],"medium":["https:\/\/imagazine.it\/wp-content\/uploads\/2024\/10\/I-due-edifici-che-ospiteranno-la-didattica-e-la-ricerca-del-nuovo-campus-medico-Uniud-300x182.jpg",300,182,true],"large":["https:\/\/imagazine.it\/wp-content\/uploads\/2024\/10\/I-due-edifici-che-ospiteranno-la-didattica-e-la-ricerca-del-nuovo-campus-medico-Uniud-1024x620.jpg",640,388,true],"thumblist":["https:\/\/imagazine.it\/wp-content\/uploads\/2024\/10\/I-due-edifici-che-ospiteranno-la-didattica-e-la-ricerca-del-nuovo-campus-medico-Uniud-300x300.jpg",300,300,true],"thumbrelated":["https:\/\/imagazine.it\/wp-content\/uploads\/2024\/10\/I-due-edifici-che-ospiteranno-la-didattica-e-la-ricerca-del-nuovo-campus-medico-Uniud-500x500.jpg",500,500,true],"meccarouselthumb":["https:\/\/imagazine.it\/wp-content\/uploads\/2024\/10\/I-due-edifici-che-ospiteranno-la-didattica-e-la-ricerca-del-nuovo-campus-medico-Uniud-474x324.jpg",474,324,true],"gridsquare":["https:\/\/imagazine.it\/wp-content\/uploads\/2024\/10\/I-due-edifici-che-ospiteranno-la-didattica-e-la-ricerca-del-nuovo-campus-medico-Uniud-391x260.jpg",391,260,true],"tileview":["https:\/\/imagazine.it\/wp-content\/uploads\/2024\/10\/I-due-edifici-che-ospiteranno-la-didattica-e-la-ricerca-del-nuovo-campus-medico-Uniud-300x400.jpg",300,400,true],"1536x1536":["https:\/\/imagazine.it\/wp-content\/uploads\/2024\/10\/I-due-edifici-che-ospiteranno-la-didattica-e-la-ricerca-del-nuovo-campus-medico-Uniud.jpg",1366,827,false],"2048x2048":["https:\/\/imagazine.it\/wp-content\/uploads\/2024\/10\/I-due-edifici-che-ospiteranno-la-didattica-e-la-ricerca-del-nuovo-campus-medico-Uniud.jpg",1366,827,false],"newsup-slider-full":["https:\/\/imagazine.it\/wp-content\/uploads\/2024\/10\/I-due-edifici-che-ospiteranno-la-didattica-e-la-ricerca-del-nuovo-campus-medico-Uniud-1280x720.jpg",1280,720,true],"newsup-featured":["https:\/\/imagazine.it\/wp-content\/uploads\/2024\/10\/I-due-edifici-che-ospiteranno-la-didattica-e-la-ricerca-del-nuovo-campus-medico-Uniud-1024x620.jpg",1024,620,true],"newsup-medium":["https:\/\/imagazine.it\/wp-content\/uploads\/2024\/10\/I-due-edifici-che-ospiteranno-la-didattica-e-la-ricerca-del-nuovo-campus-medico-Uniud-720x380.jpg",720,380,true],"tptn_thumbnail":["https:\/\/imagazine.it\/wp-content\/uploads\/2024\/10\/I-due-edifici-che-ospiteranno-la-didattica-e-la-ricerca-del-nuovo-campus-medico-Uniud-250x210.jpg",250,210,true],"sow-carousel-default":["https:\/\/imagazine.it\/wp-content\/uploads\/2024\/10\/I-due-edifici-che-ospiteranno-la-didattica-e-la-ricerca-del-nuovo-campus-medico-Uniud-272x182.jpg",272,182,true]},"rttpg_author":{"display_name":"redazione","author_link":"https:\/\/imagazine.it\/home_desk\/author\/redazione\/"},"rttpg_comment":0,"rttpg_category":"<a href=\"https:\/\/imagazine.it\/home_desk\/category\/attualita\/\" rel=\"category tag\">ATTUALIT\u00c0<\/a>","rttpg_excerpt":"A Udine concluse le opere strutturali del nuovo campus medico al Kolbe. Sar\u00e0 pronto nel 2025","_links":{"self":[{"href":"https:\/\/imagazine.it\/home_desk\/wp-json\/wp\/v2\/posts\/59439","targetHints":{"allow":["GET"]}}],"collection":[{"href":"https:\/\/imagazine.it\/home_desk\/wp-json\/wp\/v2\/posts"}],"about":[{"href":"https:\/\/imagazine.it\/home_desk\/wp-json\/wp\/v2\/types\/post"}],"author":[{"embeddable":true,"href":"https:\/\/imagazine.it\/home_desk\/wp-json\/wp\/v2\/users\/28"}],"replies":[{"embeddable":true,"href":"https:\/\/imagazine.it\/home_desk\/wp-json\/wp\/v2\/comments?post=59439"}],"version-history":[{"count":0,"href":"https:\/\/imagazine.it\/home_desk\/wp-json\/wp\/v2\/posts\/59439\/revisions"}],"wp:featuredmedia":[{"embeddable":true,"href":"https:\/\/imagazine.it\/home_desk\/wp-json\/wp\/v2\/media\/59441"}],"wp:attachment":[{"href":"https:\/\/imagazine.it\/home_desk\/wp-json\/wp\/v2\/media?parent=59439"}],"wp:term":[{"taxonomy":"category","embeddable":true,"href":"https:\/\/imagazine.it\/home_desk\/wp-json\/wp\/v2\/categories?post=59439"},{"taxonomy":"post_tag","embeddable":true,"href":"https:\/\/imagazine.it\/home_desk\/wp-json\/wp\/v2\/tags?post=59439"}],"curies":[{"name":"wp","href":"https:\/\/api.w.org\/{rel}","templated":true}]}}