{"id":59399,"date":"2024-10-15T15:27:17","date_gmt":"2024-10-15T13:27:17","guid":{"rendered":"https:\/\/imagazine.it\/home_desk\/?p=59399"},"modified":"2024-10-16T12:24:53","modified_gmt":"2024-10-16T10:24:53","slug":"il-mondo-del-caffe-si-ritrova-a-trieste","status":"publish","type":"post","link":"https:\/\/imagazine.it\/home_desk\/il-mondo-del-caffe-si-ritrova-a-trieste\/","title":{"rendered":"Il mondo del caff\u00e8 si ritrova a Trieste"},"content":{"rendered":"<p>Il <strong>mondo del caff\u00e8<\/strong> si ritrova a Trieste dal 24 al 26 ottobre, al Generali Convention Center all\u2019interno del Porto Vecchio, per il <strong>Triestespresso Expo<\/strong> <strong>2024<\/strong>, l\u2019unica fiera mondiale dedicata all\u2019espresso con visitatori gi\u00e0 confermati da 48 Paesi.<\/p>\n<p>L\u2019evento, giunto all\u2019undicesima edizione, arriva dopo due anni da quella precedente, nel segno della cadenza biennale che contraddistingue l\u2019expo.<\/p>\n<p>L\u2019evento \u00e8 organizzato dalla <strong>Camera di commercio Venezia Giulia<\/strong> attraverso la sua societ\u00e0 in house Aries Scarl, in collaborazione con l\u2019Associazione Caff\u00e8 Trieste e con la co-organizzazione e il contributo del Comune di Trieste.<\/p>\n<p>L\u2019internazionalit\u00e0 \u00e8 uno dei punti forti e sono gi\u00e0 confermati visitatori provenienti, tra gli altri, da Corea del Sud, India, Uganda, Arabia Saudita, Etiopia, Burundi, Lettonia, Cina, Ruanda, Serbia, Polonia, Ungheria, Repubblica Ceca, Slovenia, Romania, Germania, Austria, Croazia e molti altri.<\/p>\n<p>La manifestazione \u00e8 stata presentata oggi, nella sede di Trieste della Camera di commercio Venezia Giulia.<\/p>\n<h3>Espositori selezionati<\/h3>\n<p>\u201cPer questa edizione che andr\u00e0 a completare tutte le hall disponibili \u2013 ha spiegato il presidente camerale <strong>Antonio Paoletti<\/strong> \u2013 sono stati selezionati espositori con stand di varie dimensioni e di qualit\u00e0, proprio per dare un tratto distintivo all\u2019expo dell\u2019espresso rispetto alle edizioni precedenti e ad altri eventi dedicati al caff\u00e8 presenti in Italia e nel mondo\u201d.<\/p>\n<p>\u201cA Trieste \u2013 ha proseguito Paoletti \u2013 arriveranno da tutto il mondo, per una fiera ancora pi\u00f9 importante nel 2024 considerando il momento storico e il regolamento contro la deforestazione al quale dedichiamo un dibattito, per dare notizie fresche e aggiornate a tutti i produttori, espositori e soggetti interessati. Inoltre abbiamo portato per la prima volta buyers dei vari Paesi del mondo per incontri b2b con gli espositori, che rappresentano grande valore aggiunto. Sar\u00e0 quindi un\u2019edizione innovativa, importante e con un indotto significativo per la citt\u00e0\u201d.<\/p>\n<p>Alla conferenza stampa sono intervenuti anche il sindaco <strong>Roberto Dipiazza<\/strong>, l\u2019assessore regionale al Patrimonio, <strong>Sebastiano Callari<\/strong>, <strong>Arianna Mingardi<\/strong>, presidente dell\u2019Associazione Caff\u00e8 Trieste, il presidente del Gruppo Italiano Torrefattori Caff\u00e8, <strong>Omar Zidarich<\/strong>, <strong>Alberto Polojac<\/strong>, del Trieste Coffe Festival, <strong>Federica Suban<\/strong>, presidente della FIPE Trieste, <strong>Guerrino Lanci<\/strong>, presidente di Federalberghi Trieste, il segretario generale camerale e direttore generale dell\u2019azienda in house camerale Aries, <strong>Pierluigi Medeot<\/strong>,\u00a0e <strong>Patrizia Andolfatto<\/strong>, direttore operativo di Aries.<\/p>\n<p>Alla parte espositiva di alto livello viene affiancata, come sempre, anche un\u2019azione informativa e formativa di attualit\u00e0 e qualit\u00e0. Si partir\u00e0, infatti, con un convegno dedicato al tema normativo dello European\u202fDeforestation-free products Regulation\u202f(EUDR), il regolamento dell\u2019Unione Europea (Ue) contro la deforestazione.<\/p>\n<p><span style=\"text-decoration: underline;\"><a href=\"https:\/\/www.triestespresso.it\/it\/\" target=\"_blank\" rel=\"noopener\">Clicca qui per il programma completo dell\u2019evento<\/a><\/span><\/p>\n","protected":false},"excerpt":{"rendered":"<p>Dal 24 al 26 ottobre Porto Vecchio ospiter\u00e0 Triestespresso Expo 2024, l\u2019unica fiera mondiale dedicata all\u2019espresso con visitatori gi\u00e0 confermati da 48 Paesi<\/p>\n","protected":false},"author":28,"featured_media":59400,"comment_status":"closed","ping_status":"closed","sticky":false,"template":"","format":"image","meta":{"dwc-title":[""],"dwc-content":[""],"footnotes":""},"categories":[6],"tags":[411,58,65],"class_list":["post-59399","post","type-post","status-publish","format-image","has-post-thumbnail","hentry","category-societa","tag-caffe","tag-festival","tag-trieste","post_format-post-format-image"],"rttpg_featured_image_url":{"full":["https:\/\/imagazine.it\/wp-content\/uploads\/2024\/10\/Caffe1.jpg",1366,851,false],"landscape":["https:\/\/imagazine.it\/wp-content\/uploads\/2024\/10\/Caffe1.jpg",1366,851,false],"portraits":["https:\/\/imagazine.it\/wp-content\/uploads\/2024\/10\/Caffe1.jpg",1366,851,false],"thumbnail":["https:\/\/imagazine.it\/wp-content\/uploads\/2024\/10\/Caffe1-150x150.jpg",150,150,true],"medium":["https:\/\/imagazine.it\/wp-content\/uploads\/2024\/10\/Caffe1-300x187.jpg",300,187,true],"large":["https:\/\/imagazine.it\/wp-content\/uploads\/2024\/10\/Caffe1-1024x638.jpg",640,399,true],"thumblist":["https:\/\/imagazine.it\/wp-content\/uploads\/2024\/10\/Caffe1-300x300.jpg",300,300,true],"thumbrelated":["https:\/\/imagazine.it\/wp-content\/uploads\/2024\/10\/Caffe1-500x500.jpg",500,500,true],"meccarouselthumb":["https:\/\/imagazine.it\/wp-content\/uploads\/2024\/10\/Caffe1-474x324.jpg",474,324,true],"gridsquare":["https:\/\/imagazine.it\/wp-content\/uploads\/2024\/10\/Caffe1-391x260.jpg",391,260,true],"tileview":["https:\/\/imagazine.it\/wp-content\/uploads\/2024\/10\/Caffe1-300x400.jpg",300,400,true],"1536x1536":["https:\/\/imagazine.it\/wp-content\/uploads\/2024\/10\/Caffe1.jpg",1366,851,false],"2048x2048":["https:\/\/imagazine.it\/wp-content\/uploads\/2024\/10\/Caffe1.jpg",1366,851,false],"newsup-slider-full":["https:\/\/imagazine.it\/wp-content\/uploads\/2024\/10\/Caffe1-1280x720.jpg",1280,720,true],"newsup-featured":["https:\/\/imagazine.it\/wp-content\/uploads\/2024\/10\/Caffe1-1024x638.jpg",1024,638,true],"newsup-medium":["https:\/\/imagazine.it\/wp-content\/uploads\/2024\/10\/Caffe1-720x380.jpg",720,380,true],"tptn_thumbnail":["https:\/\/imagazine.it\/wp-content\/uploads\/2024\/10\/Caffe1-250x210.jpg",250,210,true],"sow-carousel-default":["https:\/\/imagazine.it\/wp-content\/uploads\/2024\/10\/Caffe1-272x182.jpg",272,182,true]},"rttpg_author":{"display_name":"redazione","author_link":"https:\/\/imagazine.it\/home_desk\/author\/redazione\/"},"rttpg_comment":0,"rttpg_category":"<a href=\"https:\/\/imagazine.it\/home_desk\/category\/societa\/\" rel=\"category tag\">SOCIET\u00c0<\/a>","rttpg_excerpt":"Dal 24 al 26 ottobre Porto Vecchio ospiter\u00e0 Triestespresso Expo 2024, l\u2019unica fiera mondiale dedicata all\u2019espresso con visitatori gi\u00e0 confermati da 48 Paesi","_links":{"self":[{"href":"https:\/\/imagazine.it\/home_desk\/wp-json\/wp\/v2\/posts\/59399","targetHints":{"allow":["GET"]}}],"collection":[{"href":"https:\/\/imagazine.it\/home_desk\/wp-json\/wp\/v2\/posts"}],"about":[{"href":"https:\/\/imagazine.it\/home_desk\/wp-json\/wp\/v2\/types\/post"}],"author":[{"embeddable":true,"href":"https:\/\/imagazine.it\/home_desk\/wp-json\/wp\/v2\/users\/28"}],"replies":[{"embeddable":true,"href":"https:\/\/imagazine.it\/home_desk\/wp-json\/wp\/v2\/comments?post=59399"}],"version-history":[{"count":0,"href":"https:\/\/imagazine.it\/home_desk\/wp-json\/wp\/v2\/posts\/59399\/revisions"}],"wp:featuredmedia":[{"embeddable":true,"href":"https:\/\/imagazine.it\/home_desk\/wp-json\/wp\/v2\/media\/59400"}],"wp:attachment":[{"href":"https:\/\/imagazine.it\/home_desk\/wp-json\/wp\/v2\/media?parent=59399"}],"wp:term":[{"taxonomy":"category","embeddable":true,"href":"https:\/\/imagazine.it\/home_desk\/wp-json\/wp\/v2\/categories?post=59399"},{"taxonomy":"post_tag","embeddable":true,"href":"https:\/\/imagazine.it\/home_desk\/wp-json\/wp\/v2\/tags?post=59399"}],"curies":[{"name":"wp","href":"https:\/\/api.w.org\/{rel}","templated":true}]}}