{"id":59380,"date":"2024-10-15T12:07:53","date_gmt":"2024-10-15T10:07:53","guid":{"rendered":"https:\/\/imagazine.it\/home_desk\/?p=59380"},"modified":"2024-10-16T10:12:21","modified_gmt":"2024-10-16T08:12:21","slug":"grado-spes-tirato-a-lucido-per-linaugurazione","status":"publish","type":"post","link":"https:\/\/imagazine.it\/home_desk\/grado-spes-tirato-a-lucido-per-linaugurazione\/","title":{"rendered":"Grado: Spes tirato a lucido per l&#8217;inaugurazione"},"content":{"rendered":"<p>GRADO \u2013 Sta per arrivare il grande giorno dell&#8217;inaugurazione ufficiale del <strong>ricreatorio Spes<\/strong>, il cuore pulsante della Parrocchia Sant&#8217;Eufemia di Grado.<\/p>\n<p>\u201cQuesto spazio \u2013 spiega il parroco di Grado, <strong>monsignor Paolo Nutarelli<\/strong> \u2013, frutto dell&#8217;impegno di tutta la comunit\u00e0, rappresenta un punto di riferimento fondamentale per le attivit\u00e0 religiose, come l&#8217;iniziazione cristiana e la catechesi, e per le iniziative ricreative e sportive rivolte ai giovani. Il ricreatorio Spes \u00e8 molto pi\u00f9 di una semplice struttura: \u00e8 un luogo di incontro, di crescita e di condivisione, dove le persone di tutte le et\u00e0 possono sentirsi accolte e valorizzate\u201d.<\/p>\n<p>Dal 17 al 20 ottobre, <span style=\"text-decoration: underline;\"><a href=\"https:\/\/imagazine.it\/home_desk\/grado-in-festa-per-i-30-anni-dello-spes\/\">un ricco programma di iniziative<\/a><\/span> animer\u00e0 la comunit\u00e0 gradese.<\/p>\n<p>Incontri, dialoghi e momenti di svago si susseguiranno per quattro giorni, culminando domenica con la messa celebrata da <strong>don Matteo Marega<\/strong> nella chiesa di San Crisogono.<\/p>\n<p>A seguire, l&#8217;arcivescovo di Gorizia, <strong>monsignor Carlo Roberto Maria Redaelli<\/strong>, presieder\u00e0 la preghiera di ringraziamento.<\/p>\n<p>In attesa dell&#8217;inaugurazione ufficiale, che sancir\u00e0 il termine dei lavori e l&#8217;apertura al pubblico, sono in corso gli ultimi preparativi per rendere l&#8217;impianto accogliente e pronto a ospitare le numerose persone e le personalit\u00e0 che parteciperanno all&#8217;evento. Sabato scorso, la comunit\u00e0 parrocchiale si \u00e8 mobilitata in una grande giornata di volontariato, unendo le forze per ultimare i lavori di sistemazione interna degli immobili e del verde circostante.<\/p>\n<div id=\"metaslider-id-59382\" style=\"max-width: 800px; margin: 0 auto;\" class=\"ml-slider-3-108-0 metaslider metaslider-flex metaslider-59382 ml-slider has-dots-nav ms-theme-default\" role=\"region\" aria-label=\"Pulizia Spes\" data-height=\"600\" data-width=\"800\">\n    <div id=\"metaslider_container_59382\">\n        <div id=\"metaslider_59382\">\n            <ul class='slides'>\n                <li style=\"display: block; width: 100%;\" class=\"slide-59386 ms-image \" aria-roledescription=\"slide\" data-date=\"2024-10-15 12:07:33\" data-filename=\"pulizia-spes-07.jpg\" data-slide-type=\"image\"><img loading=\"lazy\" decoding=\"async\" width=\"800\" height=\"839\" src=\"https:\/\/imagazine.it\/wp-content\/uploads\/2024\/10\/pulizia-spes-07.jpg\" class=\"slider-59382 slide-59386 msDefaultImage\" alt=\"\" rel=\"\" title=\"pulizia spes 07\" srcset=\"https:\/\/imagazine.it\/wp-content\/uploads\/2024\/10\/pulizia-spes-07.jpg 800w, https:\/\/imagazine.it\/wp-content\/uploads\/2024\/10\/pulizia-spes-07-286x300.jpg 286w, https:\/\/imagazine.it\/wp-content\/uploads\/2024\/10\/pulizia-spes-07-768x805.jpg 768w\" sizes=\"auto, (max-width: 800px) 100vw, 800px\"><\/li>\n                <li style=\"display: none; width: 100%;\" class=\"slide-59387 ms-image \" aria-roledescription=\"slide\" data-date=\"2024-10-15 12:07:33\" data-filename=\"pulizia-spes-03.jpg\" data-slide-type=\"image\"><img loading=\"lazy\" decoding=\"async\" width=\"800\" height=\"696\" src=\"https:\/\/imagazine.it\/wp-content\/uploads\/2024\/10\/pulizia-spes-03.jpg\" class=\"slider-59382 slide-59387 msDefaultImage\" alt=\"\" rel=\"\" title=\"pulizia spes 03\" srcset=\"https:\/\/imagazine.it\/wp-content\/uploads\/2024\/10\/pulizia-spes-03.jpg 800w, https:\/\/imagazine.it\/wp-content\/uploads\/2024\/10\/pulizia-spes-03-300x261.jpg 300w, https:\/\/imagazine.it\/wp-content\/uploads\/2024\/10\/pulizia-spes-03-768x668.jpg 768w\" sizes=\"auto, (max-width: 800px) 100vw, 800px\"><\/li>\n                <li style=\"display: none; width: 100%;\" class=\"slide-59388 ms-image \" aria-roledescription=\"slide\" data-date=\"2024-10-15 12:07:33\" data-filename=\"pulizia-spes-04.jpg\" data-slide-type=\"image\"><img loading=\"lazy\" decoding=\"async\" width=\"800\" height=\"771\" src=\"https:\/\/imagazine.it\/wp-content\/uploads\/2024\/10\/pulizia-spes-04.jpg\" class=\"slider-59382 slide-59388 msDefaultImage\" alt=\"\" rel=\"\" title=\"pulizia spes 04\" srcset=\"https:\/\/imagazine.it\/wp-content\/uploads\/2024\/10\/pulizia-spes-04.jpg 800w, https:\/\/imagazine.it\/wp-content\/uploads\/2024\/10\/pulizia-spes-04-300x289.jpg 300w, https:\/\/imagazine.it\/wp-content\/uploads\/2024\/10\/pulizia-spes-04-768x740.jpg 768w\" sizes=\"auto, (max-width: 800px) 100vw, 800px\"><\/li>\n            <\/ul>\n        <\/div>\n        \n    <\/div>\n<\/div>\n<p>Grazie alla generosit\u00e0 di tanti, circa quaranta persone si sono dedicate alle pulizie, rendendo tutto pronto per accogliere nel migliore dei modi gli ospiti.<\/p>\n<p>C&#8217;\u00e8 chi ha impugnato forbici e rastrelli per curare il verde, chi ha sfoderato scopa e straccio per lucidare gli interni, e chi si \u00e8 dedicato a riordinare ogni angolo, tutti insieme per creare un ambiente accogliente e ospitale. Un sabato all&#8217;insegna della collaborazione e della solidariet\u00e0.<\/p>\n","protected":false},"excerpt":{"rendered":"<p>Decine di volontari impegnati nei preparativi per celebrare i 30 anni della struttura appena rinnovata. Quattro giorni di eventi<\/p>\n","protected":false},"author":22,"featured_media":59381,"comment_status":"closed","ping_status":"closed","sticky":false,"template":"","format":"image","meta":{"dwc-title":[""],"dwc-content":[""],"footnotes":""},"categories":[5],"tags":[83,174,2485,214],"class_list":["post-59380","post","type-post","status-publish","format-image","has-post-thumbnail","hentry","category-attualita","tag-giovani","tag-grado","tag-spes","tag-volontariato","post_format-post-format-image"],"rttpg_featured_image_url":{"full":["https:\/\/imagazine.it\/wp-content\/uploads\/2024\/10\/pulizia-spes-08.jpg",1366,908,false],"landscape":["https:\/\/imagazine.it\/wp-content\/uploads\/2024\/10\/pulizia-spes-08.jpg",1366,908,false],"portraits":["https:\/\/imagazine.it\/wp-content\/uploads\/2024\/10\/pulizia-spes-08.jpg",1366,908,false],"thumbnail":["https:\/\/imagazine.it\/wp-content\/uploads\/2024\/10\/pulizia-spes-08-150x150.jpg",150,150,true],"medium":["https:\/\/imagazine.it\/wp-content\/uploads\/2024\/10\/pulizia-spes-08-300x199.jpg",300,199,true],"large":["https:\/\/imagazine.it\/wp-content\/uploads\/2024\/10\/pulizia-spes-08-1024x681.jpg",640,426,true],"thumblist":["https:\/\/imagazine.it\/wp-content\/uploads\/2024\/10\/pulizia-spes-08-300x300.jpg",300,300,true],"thumbrelated":["https:\/\/imagazine.it\/wp-content\/uploads\/2024\/10\/pulizia-spes-08-500x500.jpg",500,500,true],"meccarouselthumb":["https:\/\/imagazine.it\/wp-content\/uploads\/2024\/10\/pulizia-spes-08-474x324.jpg",474,324,true],"gridsquare":["https:\/\/imagazine.it\/wp-content\/uploads\/2024\/10\/pulizia-spes-08-391x260.jpg",391,260,true],"tileview":["https:\/\/imagazine.it\/wp-content\/uploads\/2024\/10\/pulizia-spes-08-300x400.jpg",300,400,true],"1536x1536":["https:\/\/imagazine.it\/wp-content\/uploads\/2024\/10\/pulizia-spes-08.jpg",1366,908,false],"2048x2048":["https:\/\/imagazine.it\/wp-content\/uploads\/2024\/10\/pulizia-spes-08.jpg",1366,908,false],"newsup-slider-full":["https:\/\/imagazine.it\/wp-content\/uploads\/2024\/10\/pulizia-spes-08-1280x720.jpg",1280,720,true],"newsup-featured":["https:\/\/imagazine.it\/wp-content\/uploads\/2024\/10\/pulizia-spes-08-1024x681.jpg",1024,681,true],"newsup-medium":["https:\/\/imagazine.it\/wp-content\/uploads\/2024\/10\/pulizia-spes-08-720x380.jpg",720,380,true],"tptn_thumbnail":["https:\/\/imagazine.it\/wp-content\/uploads\/2024\/10\/pulizia-spes-08-250x210.jpg",250,210,true],"sow-carousel-default":["https:\/\/imagazine.it\/wp-content\/uploads\/2024\/10\/pulizia-spes-08-272x182.jpg",272,182,true]},"rttpg_author":{"display_name":"Livio Nonis","author_link":"https:\/\/imagazine.it\/home_desk\/author\/nonis\/"},"rttpg_comment":0,"rttpg_category":"<a href=\"https:\/\/imagazine.it\/home_desk\/category\/attualita\/\" rel=\"category tag\">ATTUALIT\u00c0<\/a>","rttpg_excerpt":"Decine di volontari impegnati nei preparativi per celebrare i 30 anni della struttura appena rinnovata. Quattro giorni di eventi","_links":{"self":[{"href":"https:\/\/imagazine.it\/home_desk\/wp-json\/wp\/v2\/posts\/59380","targetHints":{"allow":["GET"]}}],"collection":[{"href":"https:\/\/imagazine.it\/home_desk\/wp-json\/wp\/v2\/posts"}],"about":[{"href":"https:\/\/imagazine.it\/home_desk\/wp-json\/wp\/v2\/types\/post"}],"author":[{"embeddable":true,"href":"https:\/\/imagazine.it\/home_desk\/wp-json\/wp\/v2\/users\/22"}],"replies":[{"embeddable":true,"href":"https:\/\/imagazine.it\/home_desk\/wp-json\/wp\/v2\/comments?post=59380"}],"version-history":[{"count":0,"href":"https:\/\/imagazine.it\/home_desk\/wp-json\/wp\/v2\/posts\/59380\/revisions"}],"wp:featuredmedia":[{"embeddable":true,"href":"https:\/\/imagazine.it\/home_desk\/wp-json\/wp\/v2\/media\/59381"}],"wp:attachment":[{"href":"https:\/\/imagazine.it\/home_desk\/wp-json\/wp\/v2\/media?parent=59380"}],"wp:term":[{"taxonomy":"category","embeddable":true,"href":"https:\/\/imagazine.it\/home_desk\/wp-json\/wp\/v2\/categories?post=59380"},{"taxonomy":"post_tag","embeddable":true,"href":"https:\/\/imagazine.it\/home_desk\/wp-json\/wp\/v2\/tags?post=59380"}],"curies":[{"name":"wp","href":"https:\/\/api.w.org\/{rel}","templated":true}]}}