{"id":59362,"date":"2024-10-12T20:41:15","date_gmt":"2024-10-12T18:41:15","guid":{"rendered":"https:\/\/imagazine.it\/home_desk\/?p=59362"},"modified":"2024-10-14T16:48:04","modified_gmt":"2024-10-14T14:48:04","slug":"cervignano-generi-di-prima-necessita-per-le-famiglie-bisognose","status":"publish","type":"post","link":"https:\/\/imagazine.it\/home_desk\/cervignano-generi-di-prima-necessita-per-le-famiglie-bisognose\/","title":{"rendered":"Cervignano: generi di prima necessit\u00e0 per le famiglie bisognose"},"content":{"rendered":"<p><span style=\"font-size: 10pt;\"><em>I volontari di &#8220;Dona la spesa&#8221;<\/em><\/span><\/p>\n<p>CERVIGNANO DEL FRIULI \u2013 Rinnovato l\u2019appuntamento con \u201c<em>Dona la spesa<\/em>\u201d, organizzata dalla Coop Alleanza 3.0 di via Monfalcone.<\/p>\n<p>Grazie alla collaborazione con Caritas e l&#8217;Emporio della Solidariet\u00e0 di Cervignano, l\u2019iniziativa sostiene concretamente le famiglie in difficolt\u00e0.<\/p>\n<p>Per tutta la giornata i volontari, facilmente individuabili grazie alle pettorine arancioni o gialle, hanno operato sia all&#8217;ingresso che all&#8217;uscita del negozio.<\/p>\n<p>All&#8217;entrata hanno consegnato ai clienti le borse per la raccolta dei prodotti, mentre all&#8217;uscita hanno raccolto le donazioni e le hanno accuratamente sistemate negli scatoloni predisposti.<\/p>\n<p>Grazie alla partecipazione di tanti, sono stati raccolti <strong>1.330 prodotti di prima necessit\u00e0<\/strong>, tra cui pasta, riso, olio, tonno, legumi, farina, biscotti, prodotti per la colazione, l&#8217;infanzia, l&#8217;igiene personale e per la casa, passata di pomodoro, zucchero e latte.<\/p>\n<p>Questi generi alimentari, accuratamente sistemati in <strong>70 scatoloni<\/strong>, saranno distribuiti a chi ne ha pi\u00f9 bisogno. A partire da marted\u00ec e venerd\u00ec, queste donazioni raggiungeranno le famiglie pi\u00f9 bisognose della comunit\u00e0.<\/p>\n<p><img loading=\"lazy\" decoding=\"async\" class=\"aligncenter size-full wp-image-59363\" src=\"https:\/\/imagazine.it\/wp-content\/uploads\/2024\/10\/dona-la-spesa-2024-03.jpg\" alt=\"\" width=\"1000\" height=\"611\" title=\"\" srcset=\"https:\/\/imagazine.it\/wp-content\/uploads\/2024\/10\/dona-la-spesa-2024-03.jpg 1000w, https:\/\/imagazine.it\/wp-content\/uploads\/2024\/10\/dona-la-spesa-2024-03-300x183.jpg 300w, https:\/\/imagazine.it\/wp-content\/uploads\/2024\/10\/dona-la-spesa-2024-03-768x469.jpg 768w\" sizes=\"auto, (max-width: 1000px) 100vw, 1000px\" \/><\/p>\n","protected":false},"excerpt":{"rendered":"<p>Raccolti 70 scatoloni grazie all&#8217;iniziativa &#8220;Dona la Spesa&#8221;. In collaborazione con Caritas ed Emporio della Solidariet\u00e0 <\/p>\n","protected":false},"author":22,"featured_media":59364,"comment_status":"closed","ping_status":"closed","sticky":false,"template":"","format":"image","meta":{"dwc-title":[""],"dwc-content":[""],"footnotes":""},"categories":[5],"tags":[119,145],"class_list":["post-59362","post","type-post","status-publish","format-image","has-post-thumbnail","hentry","category-attualita","tag-cervignano","tag-solidarieta","post_format-post-format-image"],"rttpg_featured_image_url":{"full":["https:\/\/imagazine.it\/wp-content\/uploads\/2024\/10\/dona-la-spesa-2024-01.jpg",1366,836,false],"landscape":["https:\/\/imagazine.it\/wp-content\/uploads\/2024\/10\/dona-la-spesa-2024-01.jpg",1366,836,false],"portraits":["https:\/\/imagazine.it\/wp-content\/uploads\/2024\/10\/dona-la-spesa-2024-01.jpg",1366,836,false],"thumbnail":["https:\/\/imagazine.it\/wp-content\/uploads\/2024\/10\/dona-la-spesa-2024-01-150x150.jpg",150,150,true],"medium":["https:\/\/imagazine.it\/wp-content\/uploads\/2024\/10\/dona-la-spesa-2024-01-300x184.jpg",300,184,true],"large":["https:\/\/imagazine.it\/wp-content\/uploads\/2024\/10\/dona-la-spesa-2024-01-1024x627.jpg",640,392,true],"thumblist":["https:\/\/imagazine.it\/wp-content\/uploads\/2024\/10\/dona-la-spesa-2024-01-300x300.jpg",300,300,true],"thumbrelated":["https:\/\/imagazine.it\/wp-content\/uploads\/2024\/10\/dona-la-spesa-2024-01-500x500.jpg",500,500,true],"meccarouselthumb":["https:\/\/imagazine.it\/wp-content\/uploads\/2024\/10\/dona-la-spesa-2024-01-474x324.jpg",474,324,true],"gridsquare":["https:\/\/imagazine.it\/wp-content\/uploads\/2024\/10\/dona-la-spesa-2024-01-391x260.jpg",391,260,true],"tileview":["https:\/\/imagazine.it\/wp-content\/uploads\/2024\/10\/dona-la-spesa-2024-01-300x400.jpg",300,400,true],"1536x1536":["https:\/\/imagazine.it\/wp-content\/uploads\/2024\/10\/dona-la-spesa-2024-01.jpg",1366,836,false],"2048x2048":["https:\/\/imagazine.it\/wp-content\/uploads\/2024\/10\/dona-la-spesa-2024-01.jpg",1366,836,false],"newsup-slider-full":["https:\/\/imagazine.it\/wp-content\/uploads\/2024\/10\/dona-la-spesa-2024-01-1280x720.jpg",1280,720,true],"newsup-featured":["https:\/\/imagazine.it\/wp-content\/uploads\/2024\/10\/dona-la-spesa-2024-01-1024x627.jpg",1024,627,true],"newsup-medium":["https:\/\/imagazine.it\/wp-content\/uploads\/2024\/10\/dona-la-spesa-2024-01-720x380.jpg",720,380,true],"tptn_thumbnail":["https:\/\/imagazine.it\/wp-content\/uploads\/2024\/10\/dona-la-spesa-2024-01-250x210.jpg",250,210,true],"sow-carousel-default":["https:\/\/imagazine.it\/wp-content\/uploads\/2024\/10\/dona-la-spesa-2024-01-272x182.jpg",272,182,true]},"rttpg_author":{"display_name":"Livio Nonis","author_link":"https:\/\/imagazine.it\/home_desk\/author\/nonis\/"},"rttpg_comment":0,"rttpg_category":"<a href=\"https:\/\/imagazine.it\/home_desk\/category\/attualita\/\" rel=\"category tag\">ATTUALIT\u00c0<\/a>","rttpg_excerpt":"Raccolti 70 scatoloni grazie all'iniziativa \"Dona la Spesa\". In collaborazione con Caritas ed Emporio della Solidariet\u00e0","_links":{"self":[{"href":"https:\/\/imagazine.it\/home_desk\/wp-json\/wp\/v2\/posts\/59362","targetHints":{"allow":["GET"]}}],"collection":[{"href":"https:\/\/imagazine.it\/home_desk\/wp-json\/wp\/v2\/posts"}],"about":[{"href":"https:\/\/imagazine.it\/home_desk\/wp-json\/wp\/v2\/types\/post"}],"author":[{"embeddable":true,"href":"https:\/\/imagazine.it\/home_desk\/wp-json\/wp\/v2\/users\/22"}],"replies":[{"embeddable":true,"href":"https:\/\/imagazine.it\/home_desk\/wp-json\/wp\/v2\/comments?post=59362"}],"version-history":[{"count":0,"href":"https:\/\/imagazine.it\/home_desk\/wp-json\/wp\/v2\/posts\/59362\/revisions"}],"wp:featuredmedia":[{"embeddable":true,"href":"https:\/\/imagazine.it\/home_desk\/wp-json\/wp\/v2\/media\/59364"}],"wp:attachment":[{"href":"https:\/\/imagazine.it\/home_desk\/wp-json\/wp\/v2\/media?parent=59362"}],"wp:term":[{"taxonomy":"category","embeddable":true,"href":"https:\/\/imagazine.it\/home_desk\/wp-json\/wp\/v2\/categories?post=59362"},{"taxonomy":"post_tag","embeddable":true,"href":"https:\/\/imagazine.it\/home_desk\/wp-json\/wp\/v2\/tags?post=59362"}],"curies":[{"name":"wp","href":"https:\/\/api.w.org\/{rel}","templated":true}]}}