{"id":59199,"date":"2024-10-07T17:55:00","date_gmt":"2024-10-07T15:55:00","guid":{"rendered":"https:\/\/imagazine.it\/home_desk\/?p=59199"},"modified":"2024-10-08T13:01:10","modified_gmt":"2024-10-08T11:01:10","slug":"maltempo-nuova-allerta-meteo-in-fvg-3","status":"publish","type":"post","link":"https:\/\/imagazine.it\/home_desk\/maltempo-nuova-allerta-meteo-in-fvg-3\/","title":{"rendered":"Maltempo: nuova allerta meteo in FVG"},"content":{"rendered":"<p><span style=\"font-size: 10pt;\"><em>(ph. pixabay.com)<\/em><\/span><\/p>\n<p>Nuova allerta meteo &#8220;gialla&#8221; diramata dalla Protezione civile del Friuli Venezia Giulia.<\/p>\n<p>Dal pomeriggio di marted\u00ec 8 ottobre alla notte su mercoled\u00ec 9 ottobre sono previste probabili piogge in genere moderate o abbondanti su bassa pianura e costa, intense dalla media pianura ai monti, molto intense sulle Prealpi, specie sulle Prealpi Carniche e il Piancavallo.<\/p>\n<p>Possibili temporali, specie verso sera e nella notte al passaggio del fronte.<\/p>\n<p>Le piogge pi\u00f9 consistenti e diffuse si avranno dal tardo pomeriggio-sera.<\/p>\n<p>Sulla costa soffier\u00e0 Scirocco moderato, anche sostenuto in serata tra Lignano e Grado, con possibili mareggiate sulle coste esposte.<\/p>\n<p>Nella notte temporaneamente soffier\u00e0 Libeccio poi in attenuazione. Vento forte da sud anche in quota.<\/p>\n<p>La Protezione Civile \u00e8 allertata per prevenire possibili diffuse situazioni di crisi nella rete idrografica minore e di drenaggio urbano, nonch\u00e9 fenomeni di instabilit\u00e0 dei pendii, locali interruzioni della viabilit\u00e0, innalzamento dei corsi d&#8217;acqua e possibili mareggiate sulle coste esposte.<\/p>\n","protected":false},"excerpt":{"rendered":"<p>Diramata dalla Protezione civile regionale. Dal pomeriggio di marted\u00ec attese piogge intense, venti forti e possibili mareggiate<\/p>\n","protected":false},"author":28,"featured_media":59200,"comment_status":"closed","ping_status":"closed","sticky":false,"template":"","format":"image","meta":{"dwc-title":[""],"dwc-content":[""],"footnotes":""},"categories":[5],"tags":[943,2171,457],"class_list":["post-59199","post","type-post","status-publish","format-image","has-post-thumbnail","hentry","category-attualita","tag-maltempo","tag-meteo","tag-protezione-civile","post_format-post-format-image"],"rttpg_featured_image_url":{"full":["https:\/\/imagazine.it\/wp-content\/uploads\/2024\/10\/rain-5498257_1920.jpg",1366,911,false],"landscape":["https:\/\/imagazine.it\/wp-content\/uploads\/2024\/10\/rain-5498257_1920.jpg",1366,911,false],"portraits":["https:\/\/imagazine.it\/wp-content\/uploads\/2024\/10\/rain-5498257_1920.jpg",1366,911,false],"thumbnail":["https:\/\/imagazine.it\/wp-content\/uploads\/2024\/10\/rain-5498257_1920-150x150.jpg",150,150,true],"medium":["https:\/\/imagazine.it\/wp-content\/uploads\/2024\/10\/rain-5498257_1920-300x200.jpg",300,200,true],"large":["https:\/\/imagazine.it\/wp-content\/uploads\/2024\/10\/rain-5498257_1920-1024x683.jpg",640,427,true],"thumblist":["https:\/\/imagazine.it\/wp-content\/uploads\/2024\/10\/rain-5498257_1920-300x300.jpg",300,300,true],"thumbrelated":["https:\/\/imagazine.it\/wp-content\/uploads\/2024\/10\/rain-5498257_1920-500x500.jpg",500,500,true],"meccarouselthumb":["https:\/\/imagazine.it\/wp-content\/uploads\/2024\/10\/rain-5498257_1920-474x324.jpg",474,324,true],"gridsquare":["https:\/\/imagazine.it\/wp-content\/uploads\/2024\/10\/rain-5498257_1920-391x260.jpg",391,260,true],"tileview":["https:\/\/imagazine.it\/wp-content\/uploads\/2024\/10\/rain-5498257_1920-300x400.jpg",300,400,true],"1536x1536":["https:\/\/imagazine.it\/wp-content\/uploads\/2024\/10\/rain-5498257_1920.jpg",1366,911,false],"2048x2048":["https:\/\/imagazine.it\/wp-content\/uploads\/2024\/10\/rain-5498257_1920.jpg",1366,911,false],"newsup-slider-full":["https:\/\/imagazine.it\/wp-content\/uploads\/2024\/10\/rain-5498257_1920-1280x720.jpg",1280,720,true],"newsup-featured":["https:\/\/imagazine.it\/wp-content\/uploads\/2024\/10\/rain-5498257_1920-1024x683.jpg",1024,683,true],"newsup-medium":["https:\/\/imagazine.it\/wp-content\/uploads\/2024\/10\/rain-5498257_1920-720x380.jpg",720,380,true],"tptn_thumbnail":["https:\/\/imagazine.it\/wp-content\/uploads\/2024\/10\/rain-5498257_1920-250x210.jpg",250,210,true],"sow-carousel-default":["https:\/\/imagazine.it\/wp-content\/uploads\/2024\/10\/rain-5498257_1920-272x182.jpg",272,182,true]},"rttpg_author":{"display_name":"redazione","author_link":"https:\/\/imagazine.it\/home_desk\/author\/redazione\/"},"rttpg_comment":0,"rttpg_category":"<a href=\"https:\/\/imagazine.it\/home_desk\/category\/attualita\/\" rel=\"category tag\">ATTUALIT\u00c0<\/a>","rttpg_excerpt":"Diramata dalla Protezione civile regionale. Dal pomeriggio di marted\u00ec attese piogge intense, venti forti e possibili mareggiate","_links":{"self":[{"href":"https:\/\/imagazine.it\/home_desk\/wp-json\/wp\/v2\/posts\/59199","targetHints":{"allow":["GET"]}}],"collection":[{"href":"https:\/\/imagazine.it\/home_desk\/wp-json\/wp\/v2\/posts"}],"about":[{"href":"https:\/\/imagazine.it\/home_desk\/wp-json\/wp\/v2\/types\/post"}],"author":[{"embeddable":true,"href":"https:\/\/imagazine.it\/home_desk\/wp-json\/wp\/v2\/users\/28"}],"replies":[{"embeddable":true,"href":"https:\/\/imagazine.it\/home_desk\/wp-json\/wp\/v2\/comments?post=59199"}],"version-history":[{"count":0,"href":"https:\/\/imagazine.it\/home_desk\/wp-json\/wp\/v2\/posts\/59199\/revisions"}],"wp:featuredmedia":[{"embeddable":true,"href":"https:\/\/imagazine.it\/home_desk\/wp-json\/wp\/v2\/media\/59200"}],"wp:attachment":[{"href":"https:\/\/imagazine.it\/home_desk\/wp-json\/wp\/v2\/media?parent=59199"}],"wp:term":[{"taxonomy":"category","embeddable":true,"href":"https:\/\/imagazine.it\/home_desk\/wp-json\/wp\/v2\/categories?post=59199"},{"taxonomy":"post_tag","embeddable":true,"href":"https:\/\/imagazine.it\/home_desk\/wp-json\/wp\/v2\/tags?post=59199"}],"curies":[{"name":"wp","href":"https:\/\/api.w.org\/{rel}","templated":true}]}}