{"id":59105,"date":"2024-10-03T17:11:06","date_gmt":"2024-10-03T15:11:06","guid":{"rendered":"https:\/\/imagazine.it\/home_desk\/?p=59105"},"modified":"2024-10-07T10:40:06","modified_gmt":"2024-10-07T08:40:06","slug":"a-gorizia-lalta-formazione-cinematografica-transfrontaliera","status":"publish","type":"post","link":"https:\/\/imagazine.it\/home_desk\/a-gorizia-lalta-formazione-cinematografica-transfrontaliera\/","title":{"rendered":"A Gorizia l&#8217;Alta Formazione Cinematografica Transfrontaliera"},"content":{"rendered":"<p>GORIZIA \u2013 Si \u00e8 insediata ufficialmente oggi a<strong> Gorizia la prima \u201cScuola di Alta Formazione Cinematografica Transfrontaliera\u201d<\/strong>, a cura di Cross-border Film School nell\u2019ambito del progetto BorGO Cinema.<\/p>\n<p>Obiettivo \u00e8 quello di creare un polo di innovazione cinematografica internazionale: un\u2019iniziativa che rientra nel progetto culturale <strong>BorGO Cinema<\/strong>, che si \u00e8 aperto a inizio estate nel cuore storico della citt\u00e0, in via Rastello, grazie al supporto del Piano Nazionale di Ripresa e Resilienza (Pnrr) dedicato ai Borghi.<\/p>\n<p>Un&#8217;antica bottega \u00e8 stata riqualificata e trasformata in un hub di innovazione per la settima arte, grazie alla collaborazione di quattro eccellenze cinematografiche di Gorizia: Cross-border Film School, Palazzo del Cinema &#8211; Hi\u0161a Filma in collaborazione con ANAC, Kinoatelje ed \u00e8Storia.<\/p>\n<p>L\u2019associazione promotrice, <strong>Cross-border Film School<\/strong>, \u00e8 presieduta dal <a href=\"https:\/\/imagazine.it\/home_desk\/luomo-senza-colpa\/\">regista <strong>Ivan Gergolet<\/strong><\/a>, \u00e8 costituita da un team che comprende, tra gli altri, i registi <strong>Matteo Oleotto<\/strong> e <strong>Davide Del Degan<\/strong> e la casting director e creative producer <span style=\"text-decoration: underline;\"><a href=\"https:\/\/imagazine.it\/home_desk\/antonella-perrucci-limprenditrice-del-cinema\/\"><strong>Antonella Perrucci<\/strong><\/a><\/span> e l&#8217;avvocato <strong>Matteo Roiz<\/strong>.<\/p>\n<h3><strong>Oltre 300 Manifestazioni di Interesse <\/strong><\/h3>\n<p>Per la prima edizione della scuola, la call internazionale ha suscitato un enorme interesse: sono pervenute <strong>oltre 300 manifestazioni di interesse da tutta Europa<\/strong>, culminate in <strong>133 candidature formali da Italia, Slovenia, Croazia, Ungheria, Austria, Serbia, Inghilterra e Portogallo<\/strong>.<\/p>\n<p>Dopo la selezione da parte di una Giuria tecnica formata sono stati individuati i <strong>15 partecipanti<\/strong> che prenderanno parte all\u2019annualit\u00e0 formativa, concentrata su <strong>sceneggiatura, produzione e regia cinematografica<\/strong>. Le lezioni si terranno a partire da ottobre nella cornice di via Rastello.<\/p>\n<p>I <strong>partecipanti<\/strong> arrivano da <strong>6 Paesi<\/strong> <strong>europei: Ungheria<\/strong> (Evelyn Balogh e Eva Julia Boros, entrambe di 23 anni, Balazs Andras Gyory, 37 anni, Layla Riotta, 27 anni), <strong>Croazia<\/strong> (Lea Maria Krznaric di 26 anni), <strong>Slovenia<\/strong> (Luca Stancic Kodarin di 39 anni, Vanja Gruntar di 23 anni, Ajda Varl di 20 anni) <strong>Austria<\/strong> (Julian Pixel Schmiederer 22 anni, Tabea Baumann 32 anni, <strong>Portogallo<\/strong> (Diogo Linhares di 31 anni), <strong>Italia<\/strong> (Niccol\u00f2 Mariconda 25 anni, Camilla Francini 26 anni, Camilla Zurru 28 anni, Francesca Vintaloro 33 anni)<\/p>\n<p>Il <strong>programma didattico<\/strong> \u00e8 pensato per sviluppare <strong>tanto le competenze individuali quanto lo spirito di collaborazione tra i partecipanti<\/strong>.<\/p>\n<p>Nella fase iniziale del corso, gli studenti prenderanno parte a <strong>moduli di team building e workshop creativi<\/strong>, con l\u2019obiettivo di favorire la conoscenza reciproca e stimolare la loro capacit\u00e0 di sviluppare un&#8217;idea creativa e di lavorare insieme. Tra le attivit\u00e0 previste, la <strong>realizzazione di video-ritratti<\/strong> di <strong>personaggi significativi del territorio transfrontaliero<\/strong>, un primo approccio pratico alla creativit\u00e0 e alla narrazione visiva.<\/p>\n<p>Successivamente, il percorso si far\u00e0 pi\u00f9 specifico e <strong>ogni studente potr\u00e0 concentrarsi sulle competenze tecniche legate al proprio corso<\/strong> (sceneggiatura, produzione o regia). Questi insegnamenti mirati prepareranno gli allievi a lavorare in gruppo nella fase successiva, quando si dedicheranno allo sviluppo delle proprie idee originali.<\/p>\n<h3><strong>Dall\u2019Idea al Cortometraggio<\/strong><\/h3>\n<p>Verso la fine del percorso, i partecipanti inizieranno a lavorare alla <strong>definizione e presentazione delle proprie idee creative<\/strong>, <strong>realizzando sceneggiature, moodboard, note di regia e produzione<\/strong>.<\/p>\n<p>Saranno supportati nel percorso da professionisti del settore: spiccano nel corpo docente della Scuola due Maestri del settore, a partire dall\u2019autore della fotografia nel cinema di fama mondiale, due volte candidato all\u2019Oscar,<strong> Dante Spinotti<\/strong>.<\/p>\n<p>Inoltre, il noto sceneggiatore <strong>Maurizio Braucci<\/strong>, le registe slovene <strong>Sonja Prosenc <\/strong>e <strong>Anja Medved<\/strong>, la produttrice cinematografica croata I<strong>nes Vasiljevi\u0107<\/strong>, lo sceneggiatore greco <strong>Nicos Panayotopoulos<\/strong>, il consulente narrativo inglese <strong>Paul Tyler<\/strong>, la consulente di sceneggiatura tedesca <strong>Petra Kashmiry, <\/strong>la story-editor, produttrice e autrice cinematografica di origini cividalesi <strong>Erica Barbiani<\/strong>, l\u2019esperta di produzione e distribuzione spagnola <strong>Iris Peralta, <\/strong>la produttrice delegata <strong>Elisabetta Trautteur<\/strong>, l\u2019aiuto regista di Giuseppe Tornatore <strong>Marta Pasqualini<\/strong>, la produttrice spagnola <strong>Mayca Sanz<\/strong>, l\u2019imprenditore, esperto di intelligenza artificiale <strong>Matteo Flora<\/strong>, l\u2019avvocatessa, esperta di diritto d\u2019autore <strong>Lucia Maggi<\/strong>.<\/p>\n<p>Ogni gruppo preparer\u00e0 <strong>un progetto da presentare tramite <em>pitch<\/em> a un gruppo di produttori internazionali<\/strong> e alla direzione artistica della scuola. Il progetto migliore sar\u00e0 scelto per essere <strong>realizzato in forma di cortometraggio<\/strong>.<\/p>\n<p>L\u2019intero gruppo di studenti collaborer\u00e0 quindi alla realizzazione del cortometraggio selezionato, affrontando tutte le fasi della produzione cinematografica: dalla pre-produzione (casting, location scouting), alla produzione vera e propria (shooting), fino alla post-produzione, sempre sotto la guida di esperti del settore provenienti dal mondo cinematografico transfrontaliero.<\/p>\n<h3><strong>Una Vetrina Internazionale: il Cortometraggio nei Festival<\/strong><\/h3>\n<p>A coronamento del percorso formativo, il cortometraggio realizzato dagli studenti verr\u00e0 presentato alla comunit\u00e0 locale e intraprender\u00e0 un percorso di distribuzione nei circuiti cinematografici e nei festival di settore.<\/p>\n","protected":false},"excerpt":{"rendered":"<p>Inaugurata la scuola: un unicum a livello regionale e nazionale. Nel corpo docente anche Dante Spinotti. Partecipanti da 6 diversi Paesi<\/p>\n","protected":false},"author":28,"featured_media":59106,"comment_status":"closed","ping_status":"closed","sticky":false,"template":"","format":"image","meta":{"dwc-title":[""],"dwc-content":[""],"footnotes":""},"categories":[37],"tags":[403,43,129],"class_list":["post-59105","post","type-post","status-publish","format-image","has-post-thumbnail","hentry","category-cultura-e-spettacolo","tag-cinema","tag-gorizia","tag-scuola","post_format-post-format-image"],"rttpg_featured_image_url":{"full":["https:\/\/imagazine.it\/wp-content\/uploads\/2024\/10\/CrossBorderFilm-Conf-40.jpg",1366,781,false],"landscape":["https:\/\/imagazine.it\/wp-content\/uploads\/2024\/10\/CrossBorderFilm-Conf-40.jpg",1366,781,false],"portraits":["https:\/\/imagazine.it\/wp-content\/uploads\/2024\/10\/CrossBorderFilm-Conf-40.jpg",1366,781,false],"thumbnail":["https:\/\/imagazine.it\/wp-content\/uploads\/2024\/10\/CrossBorderFilm-Conf-40-150x150.jpg",150,150,true],"medium":["https:\/\/imagazine.it\/wp-content\/uploads\/2024\/10\/CrossBorderFilm-Conf-40-300x172.jpg",300,172,true],"large":["https:\/\/imagazine.it\/wp-content\/uploads\/2024\/10\/CrossBorderFilm-Conf-40-1024x585.jpg",640,366,true],"thumblist":["https:\/\/imagazine.it\/wp-content\/uploads\/2024\/10\/CrossBorderFilm-Conf-40-300x300.jpg",300,300,true],"thumbrelated":["https:\/\/imagazine.it\/wp-content\/uploads\/2024\/10\/CrossBorderFilm-Conf-40-500x500.jpg",500,500,true],"meccarouselthumb":["https:\/\/imagazine.it\/wp-content\/uploads\/2024\/10\/CrossBorderFilm-Conf-40-474x324.jpg",474,324,true],"gridsquare":["https:\/\/imagazine.it\/wp-content\/uploads\/2024\/10\/CrossBorderFilm-Conf-40-391x260.jpg",391,260,true],"tileview":["https:\/\/imagazine.it\/wp-content\/uploads\/2024\/10\/CrossBorderFilm-Conf-40-300x400.jpg",300,400,true],"1536x1536":["https:\/\/imagazine.it\/wp-content\/uploads\/2024\/10\/CrossBorderFilm-Conf-40.jpg",1366,781,false],"2048x2048":["https:\/\/imagazine.it\/wp-content\/uploads\/2024\/10\/CrossBorderFilm-Conf-40.jpg",1366,781,false],"newsup-slider-full":["https:\/\/imagazine.it\/wp-content\/uploads\/2024\/10\/CrossBorderFilm-Conf-40-1280x720.jpg",1280,720,true],"newsup-featured":["https:\/\/imagazine.it\/wp-content\/uploads\/2024\/10\/CrossBorderFilm-Conf-40-1024x585.jpg",1024,585,true],"newsup-medium":["https:\/\/imagazine.it\/wp-content\/uploads\/2024\/10\/CrossBorderFilm-Conf-40-720x380.jpg",720,380,true],"tptn_thumbnail":["https:\/\/imagazine.it\/wp-content\/uploads\/2024\/10\/CrossBorderFilm-Conf-40-250x210.jpg",250,210,true],"sow-carousel-default":["https:\/\/imagazine.it\/wp-content\/uploads\/2024\/10\/CrossBorderFilm-Conf-40-272x182.jpg",272,182,true]},"rttpg_author":{"display_name":"redazione","author_link":"https:\/\/imagazine.it\/home_desk\/author\/redazione\/"},"rttpg_comment":0,"rttpg_category":"<a href=\"https:\/\/imagazine.it\/home_desk\/category\/cultura-e-spettacolo\/\" rel=\"category tag\">CULTURA&amp;SPETTACOLO<\/a>","rttpg_excerpt":"Inaugurata la scuola: un unicum a livello regionale e nazionale. Nel corpo docente anche Dante Spinotti. Partecipanti da 6 diversi Paesi","_links":{"self":[{"href":"https:\/\/imagazine.it\/home_desk\/wp-json\/wp\/v2\/posts\/59105","targetHints":{"allow":["GET"]}}],"collection":[{"href":"https:\/\/imagazine.it\/home_desk\/wp-json\/wp\/v2\/posts"}],"about":[{"href":"https:\/\/imagazine.it\/home_desk\/wp-json\/wp\/v2\/types\/post"}],"author":[{"embeddable":true,"href":"https:\/\/imagazine.it\/home_desk\/wp-json\/wp\/v2\/users\/28"}],"replies":[{"embeddable":true,"href":"https:\/\/imagazine.it\/home_desk\/wp-json\/wp\/v2\/comments?post=59105"}],"version-history":[{"count":0,"href":"https:\/\/imagazine.it\/home_desk\/wp-json\/wp\/v2\/posts\/59105\/revisions"}],"wp:featuredmedia":[{"embeddable":true,"href":"https:\/\/imagazine.it\/home_desk\/wp-json\/wp\/v2\/media\/59106"}],"wp:attachment":[{"href":"https:\/\/imagazine.it\/home_desk\/wp-json\/wp\/v2\/media?parent=59105"}],"wp:term":[{"taxonomy":"category","embeddable":true,"href":"https:\/\/imagazine.it\/home_desk\/wp-json\/wp\/v2\/categories?post=59105"},{"taxonomy":"post_tag","embeddable":true,"href":"https:\/\/imagazine.it\/home_desk\/wp-json\/wp\/v2\/tags?post=59105"}],"curies":[{"name":"wp","href":"https:\/\/api.w.org\/{rel}","templated":true}]}}