{"id":59072,"date":"2024-10-02T15:38:37","date_gmt":"2024-10-02T13:38:37","guid":{"rendered":"https:\/\/imagazine.it\/home_desk\/?p=59072"},"modified":"2024-10-03T17:11:23","modified_gmt":"2024-10-03T15:11:23","slug":"trieste-spesa-gentile-per-le-persone-fragili","status":"publish","type":"post","link":"https:\/\/imagazine.it\/home_desk\/trieste-spesa-gentile-per-le-persone-fragili\/","title":{"rendered":"Trieste: &#8220;spesa gentile&#8221; per le persone fragili"},"content":{"rendered":"<p>TRIESTE \u2013 L\u2019<strong>Associazione de Banfield e Coop Alleanza 3.0<\/strong> lanciano il progetto \u201c<strong>Spesa gentile\u201d.<\/strong><\/p>\n<p>La presentazione dell&#8217;iniziativa si \u00e8 tenuta <strong>in occasione della festa dei nonni<\/strong> che ricorre proprio il <strong>2 ottobre<\/strong>, alla presenza del presidente della de Banfield, <strong>Massimo Simeon<\/strong>, del Consigliere di Amministrazione di Coop Alleanza 3.0,<strong> Nico Costa<\/strong>, con gli staff delle rispettive organizzazioni, oltre ad alcuni dei volontari che si sono gi\u00e0 messi a disposizione per l\u2019iniziativa,<\/p>\n<p>Fare la spesa in un supermercato talvolta pu\u00f2 essere <strong>un\u2019attivit\u00e0 complessa se sono state perse alcune capacit\u00e0 cognitive<\/strong>, <strong>fisiche<\/strong> o anche soltanto se ci si trova a vivere un <strong>momento temporaneo di spaesamento<\/strong> per qualsivoglia ragione.<\/p>\n<p>Pu\u00f2 succedere, ad esempio, di avere difficolt\u00e0 a orientarsi all\u2019interno dei supermercati, anche semplicemente per individuare il prodotto ricercato, leggere gli ingredienti o la data di scadenza.<\/p>\n<h3>Aiuto tra le scansie<\/h3>\n<p>L&#8217;obiettivo dell\u2019iniziativa <em>La Spesa gentile<\/em> \u00e8 quello di<strong> semplificare le attivit\u00e0 della vita quotidiana<\/strong>, proprio come quella di fare la spesa, consentendo con un piccolo aiuto di mantenere il pi\u00f9 a lungo possibile l\u2019autonomia.<\/p>\n<p>Una serie di <strong>volontari<\/strong>, opportunamente <strong>preparati con una semplice formazione dalle psicologhe del servizio CasaViola <\/strong>della Associazione de Banfield, saranno presenti in alcuni negozi Coop Alleanza 3.0 della provincia di Trieste, passeggiando tra le corsie dei supermercati per andare incontro e<strong> dare una mano a eventuali clienti in difficolt\u00e0<\/strong>.<\/p>\n<p>Per assicurare la buona riuscita del progetto, garantire possibilmente la presenza in giornate e orari prefissati e far s\u00ec che diventi un&#8217;attivit\u00e0 coinvolgente e piacevole per tutti, <strong>ci si appella alla cittadinanza per donare qualche ora del proprio tempo<\/strong>.<\/p>\n<p>\u00c8 possibile aderire compilando il modulo presente a questa pagina: <span style=\"text-decoration: underline;\"><a href=\"http:\/\/www.debanfield.it\/spesa-gentile\/\" target=\"_blank\" rel=\"noopener\">www.debanfield.it\/spesa-gentile\/<\/a><\/span><\/p>\n<p>\u00abQuesto nuovo progetto si inserisce nell\u2019insieme di iniziative che stanno andando a costituire in citt\u00e0 la rete della <em>Dementia Friendly Community<\/em>\u00bb, spiega Massimo Simeon. \u00ab<strong>\u201cAndare a fare la spesa\u201d \u00e8 una vera e propria occasione sociale<\/strong>. Quando ci\u00f2 viene compromesso dall\u2019insorgere di una condizione invalidante, \u00e8 utile la collaborazione di tutti per mantenere alla persona almeno un certo grado di autonomia\u00bb.<\/p>\n<p>\u00abQuesto progetto \u2013 aggiunge <strong>Nico Costa <\/strong>\u2013 render\u00e0 ancora pi\u00f9 inclusivi luoghi di importanza quotidiana come i negozi Coop di Largo Barriera e l\u2019Ipercoop Torri d\u2019Europa dove poter fare la spesa assistiti da volontari riconoscibili. Con \u201c<em>Spesa gentile<\/em>\u201d stiamo aggiungendo un altro passo importante a favore della nostra comunit\u00e0, a sostegno delle persone pi\u00f9 fragili prendendoci cura insieme degli altri, perch\u00e9 nessuno e nessuna rimanga indietro nella sua quotidianit\u00e0\u00bb.<\/p>\n","protected":false},"excerpt":{"rendered":"<p>Volontari preparati forniranno aiuto nei supermercati, contribuendo a mantenere il pi\u00f9 a lungo possibile l\u2019autonomia dei soggetti in difficolt\u00e0<\/p>\n","protected":false},"author":28,"featured_media":59073,"comment_status":"closed","ping_status":"closed","sticky":false,"template":"","format":"image","meta":{"dwc-title":[""],"dwc-content":[""],"footnotes":""},"categories":[5],"tags":[190,189,1085,97,95,145,65,214],"class_list":["post-59072","post","type-post","status-publish","format-image","has-post-thumbnail","hentry","category-attualita","tag-alzheimer","tag-anziani","tag-demenza","tag-salute","tag-sanita","tag-solidarieta","tag-trieste","tag-volontariato","post_format-post-format-image"],"rttpg_featured_image_url":{"full":["https:\/\/imagazine.it\/wp-content\/uploads\/2024\/10\/SPESA-GENTILE.jpg",1366,768,false],"landscape":["https:\/\/imagazine.it\/wp-content\/uploads\/2024\/10\/SPESA-GENTILE.jpg",1366,768,false],"portraits":["https:\/\/imagazine.it\/wp-content\/uploads\/2024\/10\/SPESA-GENTILE.jpg",1366,768,false],"thumbnail":["https:\/\/imagazine.it\/wp-content\/uploads\/2024\/10\/SPESA-GENTILE-150x150.jpg",150,150,true],"medium":["https:\/\/imagazine.it\/wp-content\/uploads\/2024\/10\/SPESA-GENTILE-300x169.jpg",300,169,true],"large":["https:\/\/imagazine.it\/wp-content\/uploads\/2024\/10\/SPESA-GENTILE-1024x576.jpg",640,360,true],"thumblist":["https:\/\/imagazine.it\/wp-content\/uploads\/2024\/10\/SPESA-GENTILE-300x300.jpg",300,300,true],"thumbrelated":["https:\/\/imagazine.it\/wp-content\/uploads\/2024\/10\/SPESA-GENTILE-500x500.jpg",500,500,true],"meccarouselthumb":["https:\/\/imagazine.it\/wp-content\/uploads\/2024\/10\/SPESA-GENTILE-474x324.jpg",474,324,true],"gridsquare":["https:\/\/imagazine.it\/wp-content\/uploads\/2024\/10\/SPESA-GENTILE-391x260.jpg",391,260,true],"tileview":["https:\/\/imagazine.it\/wp-content\/uploads\/2024\/10\/SPESA-GENTILE-300x400.jpg",300,400,true],"1536x1536":["https:\/\/imagazine.it\/wp-content\/uploads\/2024\/10\/SPESA-GENTILE.jpg",1366,768,false],"2048x2048":["https:\/\/imagazine.it\/wp-content\/uploads\/2024\/10\/SPESA-GENTILE.jpg",1366,768,false],"newsup-slider-full":["https:\/\/imagazine.it\/wp-content\/uploads\/2024\/10\/SPESA-GENTILE-1280x720.jpg",1280,720,true],"newsup-featured":["https:\/\/imagazine.it\/wp-content\/uploads\/2024\/10\/SPESA-GENTILE-1024x576.jpg",1024,576,true],"newsup-medium":["https:\/\/imagazine.it\/wp-content\/uploads\/2024\/10\/SPESA-GENTILE-720x380.jpg",720,380,true],"tptn_thumbnail":["https:\/\/imagazine.it\/wp-content\/uploads\/2024\/10\/SPESA-GENTILE-250x210.jpg",250,210,true],"sow-carousel-default":["https:\/\/imagazine.it\/wp-content\/uploads\/2024\/10\/SPESA-GENTILE-272x182.jpg",272,182,true]},"rttpg_author":{"display_name":"redazione","author_link":"https:\/\/imagazine.it\/home_desk\/author\/redazione\/"},"rttpg_comment":0,"rttpg_category":"<a href=\"https:\/\/imagazine.it\/home_desk\/category\/attualita\/\" rel=\"category tag\">ATTUALIT\u00c0<\/a>","rttpg_excerpt":"Volontari preparati forniranno aiuto nei supermercati, contribuendo a mantenere il pi\u00f9 a lungo possibile l\u2019autonomia dei soggetti in difficolt\u00e0","_links":{"self":[{"href":"https:\/\/imagazine.it\/home_desk\/wp-json\/wp\/v2\/posts\/59072","targetHints":{"allow":["GET"]}}],"collection":[{"href":"https:\/\/imagazine.it\/home_desk\/wp-json\/wp\/v2\/posts"}],"about":[{"href":"https:\/\/imagazine.it\/home_desk\/wp-json\/wp\/v2\/types\/post"}],"author":[{"embeddable":true,"href":"https:\/\/imagazine.it\/home_desk\/wp-json\/wp\/v2\/users\/28"}],"replies":[{"embeddable":true,"href":"https:\/\/imagazine.it\/home_desk\/wp-json\/wp\/v2\/comments?post=59072"}],"version-history":[{"count":0,"href":"https:\/\/imagazine.it\/home_desk\/wp-json\/wp\/v2\/posts\/59072\/revisions"}],"wp:featuredmedia":[{"embeddable":true,"href":"https:\/\/imagazine.it\/home_desk\/wp-json\/wp\/v2\/media\/59073"}],"wp:attachment":[{"href":"https:\/\/imagazine.it\/home_desk\/wp-json\/wp\/v2\/media?parent=59072"}],"wp:term":[{"taxonomy":"category","embeddable":true,"href":"https:\/\/imagazine.it\/home_desk\/wp-json\/wp\/v2\/categories?post=59072"},{"taxonomy":"post_tag","embeddable":true,"href":"https:\/\/imagazine.it\/home_desk\/wp-json\/wp\/v2\/tags?post=59072"}],"curies":[{"name":"wp","href":"https:\/\/api.w.org\/{rel}","templated":true}]}}