{"id":59011,"date":"2024-09-29T18:20:10","date_gmt":"2024-09-29T16:20:10","guid":{"rendered":"https:\/\/imagazine.it\/home_desk\/?p=59011"},"modified":"2024-09-30T18:24:56","modified_gmt":"2024-09-30T16:24:56","slug":"ruda-la-classe-del-55-si-ritrova-a-padova","status":"publish","type":"post","link":"https:\/\/imagazine.it\/home_desk\/ruda-la-classe-del-55-si-ritrova-a-padova\/","title":{"rendered":"Ruda: la classe del &#8217;55 si ritrova a&#8230; Padova"},"content":{"rendered":"<p>RUDA \u2013 La classe 1955 di Ruda, unita da un legame speciale forgiato negli anni, ha scelto di celebrare il suo 69\u00b0 compleanno immergendosi nella citt\u00e0 di Padova.<\/p>\n<p>Un viaggio nel tempo e nello spazio, per riscoprire l&#8217;amicizia e l&#8217;importanza dei ricordi condivisi.<\/p>\n<p>La giornata \u00e8 iniziata con un momento di preghiera a Sant\u2019Antonio, partecipando alla messa e invocando la sua benedizione su questa ricorrenza.<\/p>\n<p>Nel pomeriggio, il gruppo ha ammirato la stupenda Cappella degli Scrovegni e hanno potuto ammirare i capolavori custoditi nei Musei Civici degli Eremitani.<\/p>\n<p>La serata si \u00e8 conclusa in bellezza con una cena conviviale in un ristorante della Bassa Friulana, occasione per brindare all&#8217;amicizia e proiettarsi verso il futuro.<\/p>\n<p>In occasione del Giubileo della Speranza, che si celebrer\u00e0 il prossimo anno, si \u00e8 gi\u00e0 iniziato a organizzare un viaggio di tre giorni a Roma per festeggiare i 70 anni del gruppo.<\/p>\n","protected":false},"excerpt":{"rendered":"<p>Una giornata insieme nella citt\u00e0 di Sant&#8217;Antonio. In attesa dell&#8217;appuntamento del prossimo anno a Roma per il Giubileo<\/p>\n","protected":false},"author":22,"featured_media":59012,"comment_status":"closed","ping_status":"closed","sticky":false,"template":"","format":"image","meta":{"dwc-title":[""],"dwc-content":[""],"footnotes":""},"categories":[5],"tags":[2059,1684,212],"class_list":["post-59011","post","type-post","status-publish","format-image","has-post-thumbnail","hentry","category-attualita","tag-anniversari","tag-padova","tag-ruda","post_format-post-format-image"],"rttpg_featured_image_url":{"full":["https:\/\/imagazine.it\/wp-content\/uploads\/2024\/09\/San.Antonio-da-padova-classe-1955.jpg",1366,743,false],"landscape":["https:\/\/imagazine.it\/wp-content\/uploads\/2024\/09\/San.Antonio-da-padova-classe-1955.jpg",1366,743,false],"portraits":["https:\/\/imagazine.it\/wp-content\/uploads\/2024\/09\/San.Antonio-da-padova-classe-1955.jpg",1366,743,false],"thumbnail":["https:\/\/imagazine.it\/wp-content\/uploads\/2024\/09\/San.Antonio-da-padova-classe-1955-150x150.jpg",150,150,true],"medium":["https:\/\/imagazine.it\/wp-content\/uploads\/2024\/09\/San.Antonio-da-padova-classe-1955-300x163.jpg",300,163,true],"large":["https:\/\/imagazine.it\/wp-content\/uploads\/2024\/09\/San.Antonio-da-padova-classe-1955-1024x557.jpg",640,348,true],"thumblist":["https:\/\/imagazine.it\/wp-content\/uploads\/2024\/09\/San.Antonio-da-padova-classe-1955-300x300.jpg",300,300,true],"thumbrelated":["https:\/\/imagazine.it\/wp-content\/uploads\/2024\/09\/San.Antonio-da-padova-classe-1955-500x500.jpg",500,500,true],"meccarouselthumb":["https:\/\/imagazine.it\/wp-content\/uploads\/2024\/09\/San.Antonio-da-padova-classe-1955-474x324.jpg",474,324,true],"gridsquare":["https:\/\/imagazine.it\/wp-content\/uploads\/2024\/09\/San.Antonio-da-padova-classe-1955-391x260.jpg",391,260,true],"tileview":["https:\/\/imagazine.it\/wp-content\/uploads\/2024\/09\/San.Antonio-da-padova-classe-1955-300x400.jpg",300,400,true],"1536x1536":["https:\/\/imagazine.it\/wp-content\/uploads\/2024\/09\/San.Antonio-da-padova-classe-1955.jpg",1366,743,false],"2048x2048":["https:\/\/imagazine.it\/wp-content\/uploads\/2024\/09\/San.Antonio-da-padova-classe-1955.jpg",1366,743,false],"newsup-slider-full":["https:\/\/imagazine.it\/wp-content\/uploads\/2024\/09\/San.Antonio-da-padova-classe-1955-1280x720.jpg",1280,720,true],"newsup-featured":["https:\/\/imagazine.it\/wp-content\/uploads\/2024\/09\/San.Antonio-da-padova-classe-1955-1024x557.jpg",1024,557,true],"newsup-medium":["https:\/\/imagazine.it\/wp-content\/uploads\/2024\/09\/San.Antonio-da-padova-classe-1955-720x380.jpg",720,380,true],"tptn_thumbnail":["https:\/\/imagazine.it\/wp-content\/uploads\/2024\/09\/San.Antonio-da-padova-classe-1955-250x210.jpg",250,210,true],"sow-carousel-default":["https:\/\/imagazine.it\/wp-content\/uploads\/2024\/09\/San.Antonio-da-padova-classe-1955-272x182.jpg",272,182,true]},"rttpg_author":{"display_name":"Livio Nonis","author_link":"https:\/\/imagazine.it\/home_desk\/author\/nonis\/"},"rttpg_comment":0,"rttpg_category":"<a href=\"https:\/\/imagazine.it\/home_desk\/category\/attualita\/\" rel=\"category tag\">ATTUALIT\u00c0<\/a>","rttpg_excerpt":"Una giornata insieme nella citt\u00e0 di Sant'Antonio. In attesa dell'appuntamento del prossimo anno a Roma per il Giubileo","_links":{"self":[{"href":"https:\/\/imagazine.it\/home_desk\/wp-json\/wp\/v2\/posts\/59011","targetHints":{"allow":["GET"]}}],"collection":[{"href":"https:\/\/imagazine.it\/home_desk\/wp-json\/wp\/v2\/posts"}],"about":[{"href":"https:\/\/imagazine.it\/home_desk\/wp-json\/wp\/v2\/types\/post"}],"author":[{"embeddable":true,"href":"https:\/\/imagazine.it\/home_desk\/wp-json\/wp\/v2\/users\/22"}],"replies":[{"embeddable":true,"href":"https:\/\/imagazine.it\/home_desk\/wp-json\/wp\/v2\/comments?post=59011"}],"version-history":[{"count":0,"href":"https:\/\/imagazine.it\/home_desk\/wp-json\/wp\/v2\/posts\/59011\/revisions"}],"wp:featuredmedia":[{"embeddable":true,"href":"https:\/\/imagazine.it\/home_desk\/wp-json\/wp\/v2\/media\/59012"}],"wp:attachment":[{"href":"https:\/\/imagazine.it\/home_desk\/wp-json\/wp\/v2\/media?parent=59011"}],"wp:term":[{"taxonomy":"category","embeddable":true,"href":"https:\/\/imagazine.it\/home_desk\/wp-json\/wp\/v2\/categories?post=59011"},{"taxonomy":"post_tag","embeddable":true,"href":"https:\/\/imagazine.it\/home_desk\/wp-json\/wp\/v2\/tags?post=59011"}],"curies":[{"name":"wp","href":"https:\/\/api.w.org\/{rel}","templated":true}]}}