{"id":58916,"date":"2024-09-26T16:54:10","date_gmt":"2024-09-26T14:54:10","guid":{"rendered":"https:\/\/imagazine.it\/home_desk\/?p=58916"},"modified":"2024-09-30T10:12:37","modified_gmt":"2024-09-30T08:12:37","slug":"la-valle-dei-sorrisi-ultime-riprese-a-sappada","status":"publish","type":"post","link":"https:\/\/imagazine.it\/home_desk\/la-valle-dei-sorrisi-ultime-riprese-a-sappada\/","title":{"rendered":"La valle dei sorrisi: ultime riprese a Sappada"},"content":{"rendered":"<p><span style=\"font-size: 10pt;\"><em>Michele Riondino e Paolo Strippoli sul set (ph. Jarno Iotti)<\/em><\/span><\/p>\n<p>SAPPADA \u2013 La serenit\u00e0 di un paese di montagna, un insegnante di educazione fisica e un inquietante rituale: questi gli elementi di <strong><em>La valle dei sorrisi<\/em><\/strong>, nuovo lungometraggio di <strong>Paolo Strippoli<\/strong> prodotto da <strong>Fandango<\/strong> e <strong>Nightswim<\/strong> in coproduzione con <strong>Spok<\/strong>, e in collaborazione con <strong>Vision Distribution<\/strong>, le cui riprese in Friuli Venezia Giulia si avviano a conclusione, prevista per il prossimo 3 ottobre.<\/p>\n<p>Il film \u2013 girato in Friuli Venezia Giulia, tra <strong>Pontebba, Tarvisio, Malborghetto, Valbruna<\/strong> e, per la prima volta dopo il passaggio al FVG, <strong>Sappada<\/strong> \u2013 gode del contributo e del supporto logistico della <strong>FVG Film Commission \u2013 PromoTurismoFVG <\/strong>che questa mattina ha incontrato, proprio a Sappada &#8211; Plodn, il regista Paolo Strippoli e l\u2019attore protagonista <strong>Michele Riondino<\/strong>.<\/p>\n<p>Nel cast anche <strong>Romana Maggiora Vergano<\/strong>, <strong>Paolo Pierobon<\/strong>, <strong>Roberto Citran<\/strong> e per la prima volta sullo schermo <strong>Giulio Feltri<\/strong>.<\/p>\n<p>L\u2019incontro, introdotto da <strong>Chiara Valenti Omero<\/strong>, coordinatore della Friuli Venezia Giulia Film Commission &#8211; PromoTurismoFVG, \u00e8 stata l\u2019occasione per definire un primo bilancio dell\u2019<strong>impatto <\/strong>della produzione sul territorio regionale, composta da una <em>troupe<\/em> di 80 persone: <strong>6 <\/strong>sono state le <strong>settimane di riprese<\/strong>, alle quali vanno aggiunte le settimane di preparazione con troupe ridotta, <strong>42<\/strong> i giorni di <strong>permanenza<\/strong> in Friuli Venezia Giulia, oltre <strong>20 le maestranze locali<\/strong> coinvolte e <strong>500<\/strong> le <strong>comparse<\/strong>, tra adulti, minori e figurazioni speciali.<\/p>\n<h3>Le istituzioni<\/h3>\n<p>\u201c<em>Con questo film Sappada entra nell\u2019immaginario del cinema italiano. \u00c8 sotto gli occhi di tutti, un proliferare di produzioni tv e cinematografiche che hanno trovato conferma non solo della versatilit\u00e0 della nostra regione, ma anche della professionalit\u00e0 delle maestranze del Friuli Venezia Giulia con una duplice ricaduta: una visibilit\u00e0 senza precedenti e un rilevante impatto economico generato direttamente sul nostro territorio e quantificabile in circa 38,5 milioni di euro soltanto nel 2023<\/em>\u201d, ha sottolineato <strong>Sergio Emidio Bini<\/strong>, assessore regionale alle attivit\u00e0 produttive e al turismo.<\/p>\n<p>&#8220;<em>A nome di tutta l&#8217;amministrazione ringrazio FVG Film Commission per l&#8217;opportunit\u00e0 che ci ha offerto di diventare il set di un film che vanta un cast e una produzione di alto livello. Siamo subito entrati in sintonia con lo staff e ringrazio anche il regista Paolo Strippoli che, in punta di piedi, ha fatto il suo ingresso a Sappada cogliendo gli aspetti pi\u00f9 profondi della localit\u00e0, che solo gli occhi di un professionista attento e puntuale possono notare<\/em>&#8220;, ha dichiarato<strong> Silvio Fauner<\/strong>, vicesindaco e assessore al turismo del Comune di Sappada &#8211; Plodn.<\/p>\n<h3>La trama<\/h3>\n<p>Il film racconta di Sergio Rossetti \u2013 alias Michele Riondino \u2013 un insegnate di educazione fisica, che viene trasferito a Remis, un piccolo paese di montagna nel quale regna una serenit\u00e0 inscalfibile. Scoprir\u00e0 che dietro a quell\u2019equilibrio dorato si cela un inquietante rituale.<\/p>\n<p>Una notte a settimana gli abitanti di Remis si liberano del proprio dolore grazie a un adolescente, Matteo Corbin: basta abbracciarlo per stare meglio. Nel tentativo di salvare Matteo dalla follia della sua comunit\u00e0, Sergio scatener\u00e0 il lato oscuro di quello che tutti chiamano l\u2019angelo di Remis.<\/p>\n","protected":false},"excerpt":{"rendered":"<p>Giorni conclusivi sui monti friulani per il film di Paolo Strippoli con Michele Riondino nel ruolo di protagonista principale<\/p>\n","protected":false},"author":28,"featured_media":58917,"comment_status":"closed","ping_status":"closed","sticky":false,"template":"","format":"image","meta":{"dwc-title":[""],"dwc-content":[""],"footnotes":""},"categories":[37],"tags":[403,1410,108,1514,821],"class_list":["post-58916","post","type-post","status-publish","format-image","has-post-thumbnail","hentry","category-cultura-e-spettacolo","tag-cinema","tag-film","tag-montagna","tag-sappada","tag-spettacoli","post_format-post-format-image"],"rttpg_featured_image_url":{"full":["https:\/\/imagazine.it\/wp-content\/uploads\/2024\/09\/MICHELE-RIONDINO-PAOLO-STRIPPOLI-LVDS-ph-JARNO-IOTTI.jpg",1366,799,false],"landscape":["https:\/\/imagazine.it\/wp-content\/uploads\/2024\/09\/MICHELE-RIONDINO-PAOLO-STRIPPOLI-LVDS-ph-JARNO-IOTTI.jpg",1366,799,false],"portraits":["https:\/\/imagazine.it\/wp-content\/uploads\/2024\/09\/MICHELE-RIONDINO-PAOLO-STRIPPOLI-LVDS-ph-JARNO-IOTTI.jpg",1366,799,false],"thumbnail":["https:\/\/imagazine.it\/wp-content\/uploads\/2024\/09\/MICHELE-RIONDINO-PAOLO-STRIPPOLI-LVDS-ph-JARNO-IOTTI-150x150.jpg",150,150,true],"medium":["https:\/\/imagazine.it\/wp-content\/uploads\/2024\/09\/MICHELE-RIONDINO-PAOLO-STRIPPOLI-LVDS-ph-JARNO-IOTTI-300x175.jpg",300,175,true],"large":["https:\/\/imagazine.it\/wp-content\/uploads\/2024\/09\/MICHELE-RIONDINO-PAOLO-STRIPPOLI-LVDS-ph-JARNO-IOTTI-1024x599.jpg",640,374,true],"thumblist":["https:\/\/imagazine.it\/wp-content\/uploads\/2024\/09\/MICHELE-RIONDINO-PAOLO-STRIPPOLI-LVDS-ph-JARNO-IOTTI-300x300.jpg",300,300,true],"thumbrelated":["https:\/\/imagazine.it\/wp-content\/uploads\/2024\/09\/MICHELE-RIONDINO-PAOLO-STRIPPOLI-LVDS-ph-JARNO-IOTTI-500x500.jpg",500,500,true],"meccarouselthumb":["https:\/\/imagazine.it\/wp-content\/uploads\/2024\/09\/MICHELE-RIONDINO-PAOLO-STRIPPOLI-LVDS-ph-JARNO-IOTTI-474x324.jpg",474,324,true],"gridsquare":["https:\/\/imagazine.it\/wp-content\/uploads\/2024\/09\/MICHELE-RIONDINO-PAOLO-STRIPPOLI-LVDS-ph-JARNO-IOTTI-391x260.jpg",391,260,true],"tileview":["https:\/\/imagazine.it\/wp-content\/uploads\/2024\/09\/MICHELE-RIONDINO-PAOLO-STRIPPOLI-LVDS-ph-JARNO-IOTTI-300x400.jpg",300,400,true],"1536x1536":["https:\/\/imagazine.it\/wp-content\/uploads\/2024\/09\/MICHELE-RIONDINO-PAOLO-STRIPPOLI-LVDS-ph-JARNO-IOTTI.jpg",1366,799,false],"2048x2048":["https:\/\/imagazine.it\/wp-content\/uploads\/2024\/09\/MICHELE-RIONDINO-PAOLO-STRIPPOLI-LVDS-ph-JARNO-IOTTI.jpg",1366,799,false],"newsup-slider-full":["https:\/\/imagazine.it\/wp-content\/uploads\/2024\/09\/MICHELE-RIONDINO-PAOLO-STRIPPOLI-LVDS-ph-JARNO-IOTTI-1280x720.jpg",1280,720,true],"newsup-featured":["https:\/\/imagazine.it\/wp-content\/uploads\/2024\/09\/MICHELE-RIONDINO-PAOLO-STRIPPOLI-LVDS-ph-JARNO-IOTTI-1024x599.jpg",1024,599,true],"newsup-medium":["https:\/\/imagazine.it\/wp-content\/uploads\/2024\/09\/MICHELE-RIONDINO-PAOLO-STRIPPOLI-LVDS-ph-JARNO-IOTTI-720x380.jpg",720,380,true],"tptn_thumbnail":["https:\/\/imagazine.it\/wp-content\/uploads\/2024\/09\/MICHELE-RIONDINO-PAOLO-STRIPPOLI-LVDS-ph-JARNO-IOTTI-250x210.jpg",250,210,true],"sow-carousel-default":["https:\/\/imagazine.it\/wp-content\/uploads\/2024\/09\/MICHELE-RIONDINO-PAOLO-STRIPPOLI-LVDS-ph-JARNO-IOTTI-272x182.jpg",272,182,true]},"rttpg_author":{"display_name":"redazione","author_link":"https:\/\/imagazine.it\/home_desk\/author\/redazione\/"},"rttpg_comment":0,"rttpg_category":"<a href=\"https:\/\/imagazine.it\/home_desk\/category\/cultura-e-spettacolo\/\" rel=\"category tag\">CULTURA&amp;SPETTACOLO<\/a>","rttpg_excerpt":"Giorni conclusivi sui monti friulani per il film di Paolo Strippoli con Michele Riondino nel ruolo di protagonista principale","_links":{"self":[{"href":"https:\/\/imagazine.it\/home_desk\/wp-json\/wp\/v2\/posts\/58916","targetHints":{"allow":["GET"]}}],"collection":[{"href":"https:\/\/imagazine.it\/home_desk\/wp-json\/wp\/v2\/posts"}],"about":[{"href":"https:\/\/imagazine.it\/home_desk\/wp-json\/wp\/v2\/types\/post"}],"author":[{"embeddable":true,"href":"https:\/\/imagazine.it\/home_desk\/wp-json\/wp\/v2\/users\/28"}],"replies":[{"embeddable":true,"href":"https:\/\/imagazine.it\/home_desk\/wp-json\/wp\/v2\/comments?post=58916"}],"version-history":[{"count":0,"href":"https:\/\/imagazine.it\/home_desk\/wp-json\/wp\/v2\/posts\/58916\/revisions"}],"wp:featuredmedia":[{"embeddable":true,"href":"https:\/\/imagazine.it\/home_desk\/wp-json\/wp\/v2\/media\/58917"}],"wp:attachment":[{"href":"https:\/\/imagazine.it\/home_desk\/wp-json\/wp\/v2\/media?parent=58916"}],"wp:term":[{"taxonomy":"category","embeddable":true,"href":"https:\/\/imagazine.it\/home_desk\/wp-json\/wp\/v2\/categories?post=58916"},{"taxonomy":"post_tag","embeddable":true,"href":"https:\/\/imagazine.it\/home_desk\/wp-json\/wp\/v2\/tags?post=58916"}],"curies":[{"name":"wp","href":"https:\/\/api.w.org\/{rel}","templated":true}]}}