{"id":58878,"date":"2024-09-25T10:58:14","date_gmt":"2024-09-25T08:58:14","guid":{"rendered":"https:\/\/imagazine.it\/home_desk\/?p=58878"},"modified":"2024-09-30T11:57:24","modified_gmt":"2024-09-30T09:57:24","slug":"il-presepe-di-grado-in-piazza-san-pietro","status":"publish","type":"post","link":"https:\/\/imagazine.it\/home_desk\/il-presepe-di-grado-in-piazza-san-pietro\/","title":{"rendered":"Il Presepe di Grado in Piazza San Pietro"},"content":{"rendered":"<p><span style=\"font-size: 10pt;\"><em>L&#8217;arcivescovo di Gorizia firma l&#8217;atto che ufficializza il presepe di Grado in Vaticano<\/em><\/span><\/p>\n<p>GRADO \u2013 Il Presepe di Grado, con la sua suggestiva ambientazione lagunare, sar\u00e0 la rappresentazione della Nativit\u00e0 2024 in Piazza San Pietro.<\/p>\n<p>Sabato 7 dicembre, alle ore 17, si terr\u00e0 la solenne cerimonia di inaugurazione e illuminazione del grande presepe e dell\u2019albero di Natale.<\/p>\n<p>A presiedere l\u2019evento sar\u00e0 il <strong>cardinale Fernando V\u00e9rgez Alzaga<\/strong>, presidente del Governatorato dello Stato della Citt\u00e0 del Vaticano, insieme a <strong>suor Raffaella Petrini<\/strong>, segretario generale dello stesso Governatorato.<\/p>\n<p>Il presepe ricrea fedelmente l\u2019ambiente lagunare con una mota su cui sorge un caratteristico casone in legno e canne palustri, interamente costruito a mano dai volontari. Gli argini, modellati pezzo per pezzo, completano l\u2019opera, testimoniando l\u2019amore e la dedizione di chi l\u2019ha realizzata.<\/p>\n<p>Il presepe \u00e8 frutto della creativit\u00e0 e della passione di <strong>una quarantina di volontari della Comunit\u00e0 di Grado<\/strong>, ognuno portando il proprio contributo di maestria. Costruttori di casoni, fabbricanti di pontili, maestri d\u2019ascia, pescatori e artisti, uniti sotto l\u2019egida dei <strong>Portatori della Madonna di Barbana<\/strong>, hanno dato vita a questa opera unica, unendo tradizione e artigianato.<\/p>\n<p>Nata dall\u2019intuizione del cavalier <strong>Antonio Boemo<\/strong> oltre 25 anni fa, la rassegna presepiale di Grado \u00e8 oggi un evento di rilievo regionale. Partita da un piccolo sogno, \u00e8 cresciuta grazie all\u2019impegno di un\u2019intera comunit\u00e0, unendo le competenze di artigiani, artisti e volontari. Fondamentale anche il contributo delle associazioni: i Portatori della Madonna di Barbana guidati da Adelchi Quargnali, la Protezione Civile, i Graisani de Pal\u00f9, i Donatori di Sangue, Grado Voga, Grado Noi, Lega Navale e Marinai dell\u2019ANMI. Tutti hanno contribuito a rendere questo evento un punto di riferimento per il Natale in Friuli Venezia Giulia.<\/p>\n<figure id=\"attachment_58879\" aria-describedby=\"caption-attachment-58879\" style=\"width: 640px\" class=\"wp-caption aligncenter\"><img loading=\"lazy\" decoding=\"async\" class=\"size-large wp-image-58879\" src=\"https:\/\/imagazine.it\/wp-content\/uploads\/2024\/09\/antonio-boemo-1024x728.jpeg\" alt=\"\" width=\"640\" height=\"455\" title=\"\" srcset=\"https:\/\/imagazine.it\/wp-content\/uploads\/2024\/09\/antonio-boemo-1024x728.jpeg 1024w, https:\/\/imagazine.it\/wp-content\/uploads\/2024\/09\/antonio-boemo-300x213.jpeg 300w, https:\/\/imagazine.it\/wp-content\/uploads\/2024\/09\/antonio-boemo-768x546.jpeg 768w, https:\/\/imagazine.it\/wp-content\/uploads\/2024\/09\/antonio-boemo.jpeg 1366w\" sizes=\"auto, (max-width: 640px) 100vw, 640px\" \/><figcaption id=\"caption-attachment-58879\" class=\"wp-caption-text\">Il cavalier Antonio Boemo<\/figcaption><\/figure>\n<p>L\u2019ambientazione \u00e8 arricchita dalla presenza di briccole, tipiche segnalazioni marittime che indicano i canali navigabili e le rotte verso localit\u00e0 storiche come Aquileia, Trieste e Venezia, o verso il Santuario della Madonna di Barbana, un importante luogo di culto risalente al 582 e situato su un\u2019isola della laguna.<\/p>\n<p><strong>Monsignor Paolo Nutarelli<\/strong>, parroco di Santa Eufemia di Grado, \u00e8 raggiante di gioia nel condividere questa splendida notizia: \u201cGrazie a un grande lavoro di squadra, siamo riusciti a mettere insieme le diverse competenze per realizzare un presepe davvero unico. Artisti, pittori, falegnami e tanti altri hanno collaborato con maestria, ogni dettaglio \u00e8 stato curato con passione, creando un&#8217;atmosfera che emozioner\u00e0 grandi e piccini. Il presepe offrir\u00e0 al visitatore di San Pietro un&#8217;esperienza cos\u00ec realistica da fargli credere di essere a Grado\u201d.<\/p>\n<p>Da ottobre 2023 a luglio 2024, i volontari hanno lavorato principalmente nella sala monsignor Fain del \u201cRicreatorio Spes\u201d. Successivamente, per ragioni di spazio, hanno dovuto trasferirsi in una nuova location.<\/p>\n<p>\u201cQuello che ho notato \u2013 spiega monsignor Nutarelli \u2013 \u00e8 che nel costruire questo presepe cos\u00ec speciale, \u00e8 emersa in modo evidente l&#8217;identit\u00e0 dei gradesi, un presepe di Grado fatto dai gradesi, che respira l&#8217;aria del mare e delle nostre tradizioni\u201d.<\/p>\n<p><strong>Don Paolo, come sar\u00e0 questa nativit\u00e0? <\/strong><\/p>\n<p>\u201cVedremo Ges\u00f9 nascere in un casone, tra umili pescatori. Sar\u00e0 un&#8217;emozione profonda, che toccher\u00e0 il cuore sia dei credenti che chi non lo \u00e8. Questo presepe ci parler\u00e0 di semplicit\u00e0, solitudine e solidariet\u00e0 ed altro ancora, temi cos\u00ec attuali nel nostro mondo, e ci far\u00e0 riflettere sul vero senso del Natale&#8221;.<\/p>\n<p><strong>Avrebbe mai immaginato di vedere il presepe di Grado esposto sul sagrato della Basilica di San Pietro?<\/strong><\/p>\n<p>\u201c\u00c8 stato un percorso lungo e impegnativo, nato con l\u2019attuale vicario generale monsignor Armando Zorzin (in quegli anni parroco di Grado, ndr) e nel quale con entusiasmo ed emozione mi sono inserito e alla fine, grazie a tante persone, abbiamo raggiunto il nostro obiettivo. \u00c8 emozionante pensare che proprio la notte di Natale, con l&#8217;apertura della Porta Santa, Ges\u00f9 nascer\u00e0 simbolicamente, per la prima volta in San Pietro, in una laguna, ricordando a tutto il mondo le nostre tradizioni e la nostra storia. Il mondo intero conoscer\u00e0 la bellezza di Grado. \u00c8 un risultato che va ben oltre l&#8217;aspetto artistico, \u00e8 un&#8217;esperienza spirituale profonda. Esserne partecipe, lo sottolineo, mi emoziona immensamente\u201d.<\/p>\n","protected":false},"excerpt":{"rendered":"<p>La suggestiva ambientazione lagunare sar\u00e0 la rappresentazione della Nativit\u00e0 2024 in Vaticano. Il 7 dicembre la solenne inaugurazione<\/p>\n","protected":false},"author":22,"featured_media":58968,"comment_status":"closed","ping_status":"closed","sticky":false,"template":"","format":"image","meta":{"dwc-title":[""],"dwc-content":[""],"footnotes":""},"categories":[5],"tags":[174,398,2322,1143],"class_list":["post-58878","post","type-post","status-publish","format-image","has-post-thumbnail","hentry","category-attualita","tag-grado","tag-natale","tag-presepe","tag-vaticano","post_format-post-format-image"],"rttpg_featured_image_url":{"full":["https:\/\/imagazine.it\/wp-content\/uploads\/2024\/09\/firma-atto-presepe.jpg",1366,821,false],"landscape":["https:\/\/imagazine.it\/wp-content\/uploads\/2024\/09\/firma-atto-presepe.jpg",1366,821,false],"portraits":["https:\/\/imagazine.it\/wp-content\/uploads\/2024\/09\/firma-atto-presepe.jpg",1366,821,false],"thumbnail":["https:\/\/imagazine.it\/wp-content\/uploads\/2024\/09\/firma-atto-presepe-150x150.jpg",150,150,true],"medium":["https:\/\/imagazine.it\/wp-content\/uploads\/2024\/09\/firma-atto-presepe-300x180.jpg",300,180,true],"large":["https:\/\/imagazine.it\/wp-content\/uploads\/2024\/09\/firma-atto-presepe-1024x615.jpg",640,384,true],"thumblist":["https:\/\/imagazine.it\/wp-content\/uploads\/2024\/09\/firma-atto-presepe-300x300.jpg",300,300,true],"thumbrelated":["https:\/\/imagazine.it\/wp-content\/uploads\/2024\/09\/firma-atto-presepe-500x500.jpg",500,500,true],"meccarouselthumb":["https:\/\/imagazine.it\/wp-content\/uploads\/2024\/09\/firma-atto-presepe-474x324.jpg",474,324,true],"gridsquare":["https:\/\/imagazine.it\/wp-content\/uploads\/2024\/09\/firma-atto-presepe-391x260.jpg",391,260,true],"tileview":["https:\/\/imagazine.it\/wp-content\/uploads\/2024\/09\/firma-atto-presepe-300x400.jpg",300,400,true],"1536x1536":["https:\/\/imagazine.it\/wp-content\/uploads\/2024\/09\/firma-atto-presepe.jpg",1366,821,false],"2048x2048":["https:\/\/imagazine.it\/wp-content\/uploads\/2024\/09\/firma-atto-presepe.jpg",1366,821,false],"newsup-slider-full":["https:\/\/imagazine.it\/wp-content\/uploads\/2024\/09\/firma-atto-presepe-1280x720.jpg",1280,720,true],"newsup-featured":["https:\/\/imagazine.it\/wp-content\/uploads\/2024\/09\/firma-atto-presepe-1024x615.jpg",1024,615,true],"newsup-medium":["https:\/\/imagazine.it\/wp-content\/uploads\/2024\/09\/firma-atto-presepe-720x380.jpg",720,380,true],"tptn_thumbnail":["https:\/\/imagazine.it\/wp-content\/uploads\/2024\/09\/firma-atto-presepe-250x210.jpg",250,210,true],"sow-carousel-default":["https:\/\/imagazine.it\/wp-content\/uploads\/2024\/09\/firma-atto-presepe-272x182.jpg",272,182,true]},"rttpg_author":{"display_name":"Livio Nonis","author_link":"https:\/\/imagazine.it\/home_desk\/author\/nonis\/"},"rttpg_comment":0,"rttpg_category":"<a href=\"https:\/\/imagazine.it\/home_desk\/category\/attualita\/\" rel=\"category tag\">ATTUALIT\u00c0<\/a>","rttpg_excerpt":"La suggestiva ambientazione lagunare sar\u00e0 la rappresentazione della Nativit\u00e0 2024 in Vaticano. Il 7 dicembre la solenne inaugurazione","_links":{"self":[{"href":"https:\/\/imagazine.it\/home_desk\/wp-json\/wp\/v2\/posts\/58878","targetHints":{"allow":["GET"]}}],"collection":[{"href":"https:\/\/imagazine.it\/home_desk\/wp-json\/wp\/v2\/posts"}],"about":[{"href":"https:\/\/imagazine.it\/home_desk\/wp-json\/wp\/v2\/types\/post"}],"author":[{"embeddable":true,"href":"https:\/\/imagazine.it\/home_desk\/wp-json\/wp\/v2\/users\/22"}],"replies":[{"embeddable":true,"href":"https:\/\/imagazine.it\/home_desk\/wp-json\/wp\/v2\/comments?post=58878"}],"version-history":[{"count":0,"href":"https:\/\/imagazine.it\/home_desk\/wp-json\/wp\/v2\/posts\/58878\/revisions"}],"wp:featuredmedia":[{"embeddable":true,"href":"https:\/\/imagazine.it\/home_desk\/wp-json\/wp\/v2\/media\/58968"}],"wp:attachment":[{"href":"https:\/\/imagazine.it\/home_desk\/wp-json\/wp\/v2\/media?parent=58878"}],"wp:term":[{"taxonomy":"category","embeddable":true,"href":"https:\/\/imagazine.it\/home_desk\/wp-json\/wp\/v2\/categories?post=58878"},{"taxonomy":"post_tag","embeddable":true,"href":"https:\/\/imagazine.it\/home_desk\/wp-json\/wp\/v2\/tags?post=58878"}],"curies":[{"name":"wp","href":"https:\/\/api.w.org\/{rel}","templated":true}]}}