{"id":58864,"date":"2024-09-24T17:27:52","date_gmt":"2024-09-24T15:27:52","guid":{"rendered":"https:\/\/imagazine.it\/home_desk\/?p=58864"},"modified":"2024-09-25T16:35:28","modified_gmt":"2024-09-25T14:35:28","slug":"trieste-operativi-nuovi-bus-elettrici","status":"publish","type":"post","link":"https:\/\/imagazine.it\/home_desk\/trieste-operativi-nuovi-bus-elettrici\/","title":{"rendered":"Trieste: operativi nuovi bus elettrici"},"content":{"rendered":"<p><span style=\"font-size: 10pt;\"><em>(ph. Regione FVG)<\/em><\/span><\/p>\n<p>TRIESTE \u2013 Inaugurati <strong>tredici nuovi autobus elettrici<\/strong> attivi da oggi per <strong>Trieste Trasporti<\/strong>.<\/p>\n<p>L&#8217;investimento per questo primo lotto \u00e8 stato di 8,2 milioni di euro, 6,3 dei quali assegnati al Comune di Trieste dal Pnrr e i restanti di cofinanziamento da parte della stessa Trieste Trasporti.<\/p>\n<p>&#8220;Il rinnovamento della flotta con mezzi che inquinano e consumano meno \u2013 ha affermato l&#8217;assessore regionale alle Autonomie locali <strong>Pierpaolo Roberti<\/strong> \u2013 \u00e8 il risultato di una grande sinergia istituzionale. Occorre considerare che ci troviamo in un contesto in continua evoluzione, sia in termini di tecnologie e sia di infrastrutture, costi e normative; questo rende ancora pi\u00f9 complesse le attivit\u00e0 propedeutiche e progettuali, con oneri che ricadono sulle strutture tecniche a cui \u00e8 richiesto un importantissimo livello di competenza&#8221;.<\/p>\n<p>All&#8217;inaugurazione \u00e8 intervenuto anche l&#8217;assessore regionale alla Difesa dell&#8217;ambiente, Energia e Sviluppo sostenibile, <strong>Fabio Scoccimarro<\/strong>, secondo il quale &#8220;la maggiore sostenibilit\u00e0 dei trasporti e la riduzione delle emissioni inquinanti nelle citt\u00e0 avr\u00e0 benefici non solo ambientali e di carattere sanitario ma anche occupazionali, con una generazione di giovani professionisti pronti a raccogliere le sfide dell&#8217;idrogeno, a lavorare sullo sviluppo delle batterie e di tutte le tecnologie in una transizione realistica e non fanatica&#8221;.<\/p>\n<p>Alla presentazione nell&#8217;area del Broletto hanno preso parte numerose autorit\u00e0, tra cui il presidente di Trieste Trasporti e di Tpl Fvg, <strong>Maurizio Marzi Wildauer<\/strong>, e il sindaco di Trieste, <strong>Roberto Dipiazza<\/strong>.<\/p>\n<p>I nuovi autobus, in servizio da oggi, copriranno inizialmente i percorsi urbani delle linee 8, 17 e 18. Trieste Trasporti prevede che entro il 2030 i veicoli elettrici della flotta saranno 137.<\/p>\n","protected":false},"excerpt":{"rendered":"<p>Inaugurati tredici mezzi che copriranno inizialmente i percorsi urbani delle linee 8, 17 e 18. Investimento di oltre 8 milioni di euro<\/p>\n","protected":false},"author":28,"featured_media":58865,"comment_status":"closed","ping_status":"closed","sticky":false,"template":"","format":"image","meta":{"dwc-title":[""],"dwc-content":[""],"footnotes":""},"categories":[5],"tags":[66,2026,86,65,87],"class_list":["post-58864","post","type-post","status-publish","format-image","has-post-thumbnail","hentry","category-attualita","tag-ambiente","tag-elettrico","tag-trasporti","tag-trieste","tag-viabilita","post_format-post-format-image"],"rttpg_featured_image_url":{"full":["https:\/\/imagazine.it\/wp-content\/uploads\/2024\/09\/busTrieste.jpg",1366,755,false],"landscape":["https:\/\/imagazine.it\/wp-content\/uploads\/2024\/09\/busTrieste.jpg",1366,755,false],"portraits":["https:\/\/imagazine.it\/wp-content\/uploads\/2024\/09\/busTrieste.jpg",1366,755,false],"thumbnail":["https:\/\/imagazine.it\/wp-content\/uploads\/2024\/09\/busTrieste-150x150.jpg",150,150,true],"medium":["https:\/\/imagazine.it\/wp-content\/uploads\/2024\/09\/busTrieste-300x166.jpg",300,166,true],"large":["https:\/\/imagazine.it\/wp-content\/uploads\/2024\/09\/busTrieste-1024x566.jpg",640,354,true],"thumblist":["https:\/\/imagazine.it\/wp-content\/uploads\/2024\/09\/busTrieste-300x300.jpg",300,300,true],"thumbrelated":["https:\/\/imagazine.it\/wp-content\/uploads\/2024\/09\/busTrieste-500x500.jpg",500,500,true],"meccarouselthumb":["https:\/\/imagazine.it\/wp-content\/uploads\/2024\/09\/busTrieste-474x324.jpg",474,324,true],"gridsquare":["https:\/\/imagazine.it\/wp-content\/uploads\/2024\/09\/busTrieste-391x260.jpg",391,260,true],"tileview":["https:\/\/imagazine.it\/wp-content\/uploads\/2024\/09\/busTrieste-300x400.jpg",300,400,true],"1536x1536":["https:\/\/imagazine.it\/wp-content\/uploads\/2024\/09\/busTrieste.jpg",1366,755,false],"2048x2048":["https:\/\/imagazine.it\/wp-content\/uploads\/2024\/09\/busTrieste.jpg",1366,755,false],"newsup-slider-full":["https:\/\/imagazine.it\/wp-content\/uploads\/2024\/09\/busTrieste-1280x720.jpg",1280,720,true],"newsup-featured":["https:\/\/imagazine.it\/wp-content\/uploads\/2024\/09\/busTrieste-1024x566.jpg",1024,566,true],"newsup-medium":["https:\/\/imagazine.it\/wp-content\/uploads\/2024\/09\/busTrieste-720x380.jpg",720,380,true],"tptn_thumbnail":["https:\/\/imagazine.it\/wp-content\/uploads\/2024\/09\/busTrieste-250x210.jpg",250,210,true],"sow-carousel-default":["https:\/\/imagazine.it\/wp-content\/uploads\/2024\/09\/busTrieste-272x182.jpg",272,182,true]},"rttpg_author":{"display_name":"redazione","author_link":"https:\/\/imagazine.it\/home_desk\/author\/redazione\/"},"rttpg_comment":0,"rttpg_category":"<a href=\"https:\/\/imagazine.it\/home_desk\/category\/attualita\/\" rel=\"category tag\">ATTUALIT\u00c0<\/a>","rttpg_excerpt":"Inaugurati tredici mezzi che copriranno inizialmente i percorsi urbani delle linee 8, 17 e 18. Investimento di oltre 8 milioni di euro","_links":{"self":[{"href":"https:\/\/imagazine.it\/home_desk\/wp-json\/wp\/v2\/posts\/58864","targetHints":{"allow":["GET"]}}],"collection":[{"href":"https:\/\/imagazine.it\/home_desk\/wp-json\/wp\/v2\/posts"}],"about":[{"href":"https:\/\/imagazine.it\/home_desk\/wp-json\/wp\/v2\/types\/post"}],"author":[{"embeddable":true,"href":"https:\/\/imagazine.it\/home_desk\/wp-json\/wp\/v2\/users\/28"}],"replies":[{"embeddable":true,"href":"https:\/\/imagazine.it\/home_desk\/wp-json\/wp\/v2\/comments?post=58864"}],"version-history":[{"count":0,"href":"https:\/\/imagazine.it\/home_desk\/wp-json\/wp\/v2\/posts\/58864\/revisions"}],"wp:featuredmedia":[{"embeddable":true,"href":"https:\/\/imagazine.it\/home_desk\/wp-json\/wp\/v2\/media\/58865"}],"wp:attachment":[{"href":"https:\/\/imagazine.it\/home_desk\/wp-json\/wp\/v2\/media?parent=58864"}],"wp:term":[{"taxonomy":"category","embeddable":true,"href":"https:\/\/imagazine.it\/home_desk\/wp-json\/wp\/v2\/categories?post=58864"},{"taxonomy":"post_tag","embeddable":true,"href":"https:\/\/imagazine.it\/home_desk\/wp-json\/wp\/v2\/tags?post=58864"}],"curies":[{"name":"wp","href":"https:\/\/api.w.org\/{rel}","templated":true}]}}