{"id":58826,"date":"2024-09-23T18:37:51","date_gmt":"2024-09-23T16:37:51","guid":{"rendered":"https:\/\/imagazine.it\/home_desk\/?p=58826"},"modified":"2024-09-23T18:39:35","modified_gmt":"2024-09-23T16:39:35","slug":"acli-perteole-rendina-confermato-presidente","status":"publish","type":"post","link":"https:\/\/imagazine.it\/home_desk\/acli-perteole-rendina-confermato-presidente\/","title":{"rendered":"ACLI Perteole: Rendina confermato presidente"},"content":{"rendered":"<p><span style=\"font-size: 10pt;\"><em>Da sinistra Mammone e Rendina<\/em><\/span><\/p>\n<p>RUDA \u2013 Il rinnovato Consiglio direttivo delle <strong>ACLI di Perteole \u201cAchille Grandi\u201d<\/strong> ha confermato <strong>Luigi Rendina<\/strong> alla presidenza per il prossimo quadriennio.<\/p>\n<p><strong>Maria Mammone<\/strong> sar\u00e0 la vicepresidente, <strong>Mariagrazia Scagliarini<\/strong> la segretaria, <strong>Giancarlo Politti<\/strong> il responsabile del tesseramento, <strong>Patrizia Paviz<\/strong>, <strong>Giovanni Perissin<\/strong> e <strong>Giuliano Sabot<\/strong> saranno i consiglieri.<\/p>\n<p>Nei prossimi quattro anni l&#8217;obiettivo \u00e8 approfondire tematiche cruciali per il mondo del lavoro, organizzando convegni incentrati sui nuovi scenari lavorativi, sulle metodologie innovative e sull&#8217;impatto sempre pi\u00f9 significativo dell&#8217;intelligenza artificiale, con particolare attenzione alle implicazioni per i lavoratori.<\/p>\n<p>L\u2019intenzione \u00e8 anche di creare un calendario ricco e variegato di eventi che spazi dalle presentazioni letterarie e artistiche locali alle gite che coniugano svago di approfondimento culturale e religioso, per offrire opportunit\u00e0 di crescita e di arricchimento a tutti i soci, promuovendo un&#8217;associazione aperta e inclusiva, attenta alle diverse esigenze e interessi.<\/p>\n<p>Un altro obiettivo \u00e8 quello di rafforzare ulteriormente i legami con la Parrocchia di San Tommaso, con cui l&#8217;associazione vanta una proficua collaborazione da decenni. Si intende proseguire nel cammino comune, organizzando iniziative congiunte e condividendo progetti di reciproco interesse.<\/p>\n<p>L&#8217;ACLI di Perteole sostiene attivamente il nuovo punto vendita \u201c<em>Friend and Spritz<\/em>\u201d, un bar e alimentari di prossimit\u00e0 che offre ai residenti la possibilit\u00e0 di fare la spesa quotidiana senza dover raggiungere i grandi supermercati, contribuendo cos\u00ec a rendere pi\u00f9 vivibile il quartiere.<\/p>\n<p>Il Circolo Acli di Perteole, che conta 53 soci, \u00e8 in piena rinascita sotto la guida del presidente Rendina, rieletto per il secondo mandato consecutivo.<\/p>\n<p>Rendina, con una lunga militanza nelle Acli e gi\u00e0 vice di Giorgio Milocco e Luciana Palazzo, porta avanti un&#8217;esperienza e una continuit\u00e0 che consolidano il ruolo del circolo nel territorio.<\/p>\n","protected":false},"excerpt":{"rendered":"<p>Guider\u00e0 il sodalizio anche nel prossimo quadriennio. Maria Mammone alla vicepresidenza. Reso noto il programma del mandato<\/p>\n","protected":false},"author":22,"featured_media":58827,"comment_status":"closed","ping_status":"closed","sticky":false,"template":"","format":"image","meta":{"dwc-title":[""],"dwc-content":[""],"footnotes":""},"categories":[5],"tags":[1203,1204,212],"class_list":["post-58826","post","type-post","status-publish","format-image","has-post-thumbnail","hentry","category-attualita","tag-acli","tag-perteole","tag-ruda","post_format-post-format-image"],"rttpg_featured_image_url":{"full":["https:\/\/imagazine.it\/wp-content\/uploads\/2024\/09\/presidente-e-vice-acli-perteole-rendina-mammone-03.jpg",1366,771,false],"landscape":["https:\/\/imagazine.it\/wp-content\/uploads\/2024\/09\/presidente-e-vice-acli-perteole-rendina-mammone-03.jpg",1366,771,false],"portraits":["https:\/\/imagazine.it\/wp-content\/uploads\/2024\/09\/presidente-e-vice-acli-perteole-rendina-mammone-03.jpg",1366,771,false],"thumbnail":["https:\/\/imagazine.it\/wp-content\/uploads\/2024\/09\/presidente-e-vice-acli-perteole-rendina-mammone-03-150x150.jpg",150,150,true],"medium":["https:\/\/imagazine.it\/wp-content\/uploads\/2024\/09\/presidente-e-vice-acli-perteole-rendina-mammone-03-300x169.jpg",300,169,true],"large":["https:\/\/imagazine.it\/wp-content\/uploads\/2024\/09\/presidente-e-vice-acli-perteole-rendina-mammone-03-1024x578.jpg",640,361,true],"thumblist":["https:\/\/imagazine.it\/wp-content\/uploads\/2024\/09\/presidente-e-vice-acli-perteole-rendina-mammone-03-300x300.jpg",300,300,true],"thumbrelated":["https:\/\/imagazine.it\/wp-content\/uploads\/2024\/09\/presidente-e-vice-acli-perteole-rendina-mammone-03-500x500.jpg",500,500,true],"meccarouselthumb":["https:\/\/imagazine.it\/wp-content\/uploads\/2024\/09\/presidente-e-vice-acli-perteole-rendina-mammone-03-474x324.jpg",474,324,true],"gridsquare":["https:\/\/imagazine.it\/wp-content\/uploads\/2024\/09\/presidente-e-vice-acli-perteole-rendina-mammone-03-391x260.jpg",391,260,true],"tileview":["https:\/\/imagazine.it\/wp-content\/uploads\/2024\/09\/presidente-e-vice-acli-perteole-rendina-mammone-03-300x400.jpg",300,400,true],"1536x1536":["https:\/\/imagazine.it\/wp-content\/uploads\/2024\/09\/presidente-e-vice-acli-perteole-rendina-mammone-03.jpg",1366,771,false],"2048x2048":["https:\/\/imagazine.it\/wp-content\/uploads\/2024\/09\/presidente-e-vice-acli-perteole-rendina-mammone-03.jpg",1366,771,false],"newsup-slider-full":["https:\/\/imagazine.it\/wp-content\/uploads\/2024\/09\/presidente-e-vice-acli-perteole-rendina-mammone-03-1280x720.jpg",1280,720,true],"newsup-featured":["https:\/\/imagazine.it\/wp-content\/uploads\/2024\/09\/presidente-e-vice-acli-perteole-rendina-mammone-03-1024x578.jpg",1024,578,true],"newsup-medium":["https:\/\/imagazine.it\/wp-content\/uploads\/2024\/09\/presidente-e-vice-acli-perteole-rendina-mammone-03-720x380.jpg",720,380,true],"tptn_thumbnail":["https:\/\/imagazine.it\/wp-content\/uploads\/2024\/09\/presidente-e-vice-acli-perteole-rendina-mammone-03-250x210.jpg",250,210,true],"sow-carousel-default":["https:\/\/imagazine.it\/wp-content\/uploads\/2024\/09\/presidente-e-vice-acli-perteole-rendina-mammone-03-272x182.jpg",272,182,true]},"rttpg_author":{"display_name":"Livio Nonis","author_link":"https:\/\/imagazine.it\/home_desk\/author\/nonis\/"},"rttpg_comment":0,"rttpg_category":"<a href=\"https:\/\/imagazine.it\/home_desk\/category\/attualita\/\" rel=\"category tag\">ATTUALIT\u00c0<\/a>","rttpg_excerpt":"Guider\u00e0 il sodalizio anche nel prossimo quadriennio. Maria Mammone alla vicepresidenza. Reso noto il programma del mandato","_links":{"self":[{"href":"https:\/\/imagazine.it\/home_desk\/wp-json\/wp\/v2\/posts\/58826","targetHints":{"allow":["GET"]}}],"collection":[{"href":"https:\/\/imagazine.it\/home_desk\/wp-json\/wp\/v2\/posts"}],"about":[{"href":"https:\/\/imagazine.it\/home_desk\/wp-json\/wp\/v2\/types\/post"}],"author":[{"embeddable":true,"href":"https:\/\/imagazine.it\/home_desk\/wp-json\/wp\/v2\/users\/22"}],"replies":[{"embeddable":true,"href":"https:\/\/imagazine.it\/home_desk\/wp-json\/wp\/v2\/comments?post=58826"}],"version-history":[{"count":0,"href":"https:\/\/imagazine.it\/home_desk\/wp-json\/wp\/v2\/posts\/58826\/revisions"}],"wp:featuredmedia":[{"embeddable":true,"href":"https:\/\/imagazine.it\/home_desk\/wp-json\/wp\/v2\/media\/58827"}],"wp:attachment":[{"href":"https:\/\/imagazine.it\/home_desk\/wp-json\/wp\/v2\/media?parent=58826"}],"wp:term":[{"taxonomy":"category","embeddable":true,"href":"https:\/\/imagazine.it\/home_desk\/wp-json\/wp\/v2\/categories?post=58826"},{"taxonomy":"post_tag","embeddable":true,"href":"https:\/\/imagazine.it\/home_desk\/wp-json\/wp\/v2\/tags?post=58826"}],"curies":[{"name":"wp","href":"https:\/\/api.w.org\/{rel}","templated":true}]}}