{"id":58809,"date":"2024-09-23T14:23:06","date_gmt":"2024-09-23T12:23:06","guid":{"rendered":"https:\/\/imagazine.it\/home_desk\/?p=58809"},"modified":"2024-09-24T08:38:25","modified_gmt":"2024-09-24T06:38:25","slug":"in-friuli-il-nuovo-di-film-di-angioni-e-abatantuono","status":"publish","type":"post","link":"https:\/\/imagazine.it\/home_desk\/in-friuli-il-nuovo-di-film-di-angioni-e-abatantuono\/","title":{"rendered":"In Friuli il nuovo di film di Angioni e Abatantuono"},"content":{"rendered":"<p><span style=\"font-size: 10pt;\"><em>Max Angioni<\/em><\/span><\/p>\n<p>UDINE &#8211; Sono iniziate le riprese del film diretto da <strong>Volfango De Biasi<\/strong>, prodotto da Notorious Pictures Spa e Tramp Limited srl, distribuito da Columbia Pictures nel mondo ed Eagle Pictures in Italia.<\/p>\n<p><strong>Max Angioni\u00a0<\/strong>interpreta Simone, un orfano che in seguito ad una serie di disavventure viene condannato al lavoro di pubblica utilit\u00e0 in una casa di riposo dove inizialmente si scontra con una comunit\u00e0 di ospiti capeggiati da Ettore (Diego Abatantuono).<\/p>\n<p>Il film verte su uno scontro generazionale senza esclusione di colpi, ma \u00e8 anche la storia toccante di solitudini che si incontrano per rivendicare un proprio posto nel mondo. Una commedia che usa le armi dell\u2019ironia per proporre una riflessione inaspettata sul valore della terza et\u00e0.<\/p>\n<p>Protagonista con <strong>Diego Abatantuono<\/strong> e per la prima volta al cinema, Max Angioni \u00e8 un attore comico conosciuto dal grande pubblico per la partecipazione alle pi\u00f9 importanti trasmissioni comiche, da Zelig (Canale5) a LOL2 (Prime video), nonch\u00e9 conduttore delle Iene (Italiauno).<\/p>\n<p>Le riprese si svolgeranno nella <strong>provincia di Udine<\/strong> con il supporto della\u00a0Friuli Venezia Giulia Film Commission-PromoTurismoFVG\u00a0e in Puglia.<\/p>\n","protected":false},"excerpt":{"rendered":"<p>Cinque settimane di set in provincia di Udine sotto la direzione del regista Volfango De Biasi. Una riflessione sul valore della terza et\u00e0<\/p>\n","protected":false},"author":28,"featured_media":58810,"comment_status":"closed","ping_status":"closed","sticky":false,"template":"","format":"image","meta":{"dwc-title":[""],"dwc-content":[""],"footnotes":""},"categories":[37],"tags":[2464,2463,403,1410,101],"class_list":["post-58809","post","type-post","status-publish","format-image","has-post-thumbnail","hentry","category-cultura-e-spettacolo","tag-abatantuono","tag-angioni","tag-cinema","tag-film","tag-udine","post_format-post-format-image"],"rttpg_featured_image_url":{"full":["https:\/\/imagazine.it\/wp-content\/uploads\/2024\/09\/Max-Angioni_Lignano.jpg",1366,788,false],"landscape":["https:\/\/imagazine.it\/wp-content\/uploads\/2024\/09\/Max-Angioni_Lignano.jpg",1366,788,false],"portraits":["https:\/\/imagazine.it\/wp-content\/uploads\/2024\/09\/Max-Angioni_Lignano.jpg",1366,788,false],"thumbnail":["https:\/\/imagazine.it\/wp-content\/uploads\/2024\/09\/Max-Angioni_Lignano-150x150.jpg",150,150,true],"medium":["https:\/\/imagazine.it\/wp-content\/uploads\/2024\/09\/Max-Angioni_Lignano-300x173.jpg",300,173,true],"large":["https:\/\/imagazine.it\/wp-content\/uploads\/2024\/09\/Max-Angioni_Lignano-1024x591.jpg",640,369,true],"thumblist":["https:\/\/imagazine.it\/wp-content\/uploads\/2024\/09\/Max-Angioni_Lignano-300x300.jpg",300,300,true],"thumbrelated":["https:\/\/imagazine.it\/wp-content\/uploads\/2024\/09\/Max-Angioni_Lignano-500x500.jpg",500,500,true],"meccarouselthumb":["https:\/\/imagazine.it\/wp-content\/uploads\/2024\/09\/Max-Angioni_Lignano-474x324.jpg",474,324,true],"gridsquare":["https:\/\/imagazine.it\/wp-content\/uploads\/2024\/09\/Max-Angioni_Lignano-391x260.jpg",391,260,true],"tileview":["https:\/\/imagazine.it\/wp-content\/uploads\/2024\/09\/Max-Angioni_Lignano-300x400.jpg",300,400,true],"1536x1536":["https:\/\/imagazine.it\/wp-content\/uploads\/2024\/09\/Max-Angioni_Lignano.jpg",1366,788,false],"2048x2048":["https:\/\/imagazine.it\/wp-content\/uploads\/2024\/09\/Max-Angioni_Lignano.jpg",1366,788,false],"newsup-slider-full":["https:\/\/imagazine.it\/wp-content\/uploads\/2024\/09\/Max-Angioni_Lignano-1280x720.jpg",1280,720,true],"newsup-featured":["https:\/\/imagazine.it\/wp-content\/uploads\/2024\/09\/Max-Angioni_Lignano-1024x591.jpg",1024,591,true],"newsup-medium":["https:\/\/imagazine.it\/wp-content\/uploads\/2024\/09\/Max-Angioni_Lignano-720x380.jpg",720,380,true],"tptn_thumbnail":["https:\/\/imagazine.it\/wp-content\/uploads\/2024\/09\/Max-Angioni_Lignano-250x210.jpg",250,210,true],"sow-carousel-default":["https:\/\/imagazine.it\/wp-content\/uploads\/2024\/09\/Max-Angioni_Lignano-272x182.jpg",272,182,true]},"rttpg_author":{"display_name":"redazione","author_link":"https:\/\/imagazine.it\/home_desk\/author\/redazione\/"},"rttpg_comment":0,"rttpg_category":"<a href=\"https:\/\/imagazine.it\/home_desk\/category\/cultura-e-spettacolo\/\" rel=\"category tag\">CULTURA&amp;SPETTACOLO<\/a>","rttpg_excerpt":"Cinque settimane di set in provincia di Udine sotto la direzione del regista Volfango De Biasi. Una riflessione sul valore della terza et\u00e0","_links":{"self":[{"href":"https:\/\/imagazine.it\/home_desk\/wp-json\/wp\/v2\/posts\/58809","targetHints":{"allow":["GET"]}}],"collection":[{"href":"https:\/\/imagazine.it\/home_desk\/wp-json\/wp\/v2\/posts"}],"about":[{"href":"https:\/\/imagazine.it\/home_desk\/wp-json\/wp\/v2\/types\/post"}],"author":[{"embeddable":true,"href":"https:\/\/imagazine.it\/home_desk\/wp-json\/wp\/v2\/users\/28"}],"replies":[{"embeddable":true,"href":"https:\/\/imagazine.it\/home_desk\/wp-json\/wp\/v2\/comments?post=58809"}],"version-history":[{"count":0,"href":"https:\/\/imagazine.it\/home_desk\/wp-json\/wp\/v2\/posts\/58809\/revisions"}],"wp:featuredmedia":[{"embeddable":true,"href":"https:\/\/imagazine.it\/home_desk\/wp-json\/wp\/v2\/media\/58810"}],"wp:attachment":[{"href":"https:\/\/imagazine.it\/home_desk\/wp-json\/wp\/v2\/media?parent=58809"}],"wp:term":[{"taxonomy":"category","embeddable":true,"href":"https:\/\/imagazine.it\/home_desk\/wp-json\/wp\/v2\/categories?post=58809"},{"taxonomy":"post_tag","embeddable":true,"href":"https:\/\/imagazine.it\/home_desk\/wp-json\/wp\/v2\/tags?post=58809"}],"curies":[{"name":"wp","href":"https:\/\/api.w.org\/{rel}","templated":true}]}}