{"id":58566,"date":"2024-09-16T20:20:48","date_gmt":"2024-09-16T18:20:48","guid":{"rendered":"https:\/\/imagazine.it\/home_desk\/?p=58566"},"modified":"2024-09-18T12:49:53","modified_gmt":"2024-09-18T10:49:53","slug":"cervignano-premia-lolimpia-danze","status":"publish","type":"post","link":"https:\/\/imagazine.it\/home_desk\/cervignano-premia-lolimpia-danze\/","title":{"rendered":"Cervignano premia l&#8217;Olimpia Danze"},"content":{"rendered":"<p><span style=\"font-size: 10pt;\"><em>La premiazione di Danze Sportive Olimpia (ph. Claudio Pizzin)<\/em><\/span><\/p>\n<p>CERVIGNANO DEL FRIULI \u2013 Cervignano premia le sue eccellenze sportive.<\/p>\n<p>Anche quest\u2019anno il <strong>Gran Gal\u00e0 dello Sport<\/strong> organizzato dalla locale sezione dei <strong>Veterani dello Sport<\/strong> ha regalato emozioni e momenti di riflessione nella serata evento all\u2019interno del Teatro Pasolini.<\/p>\n<p>Numerosi gli sportivi premiati per i risultati ottenuti nella passata stagione agonistica.<\/p>\n<p>Il premio \u201cSportivo dell\u2019anno\u201d \u00e8 stato assegnato all\u2019<strong>Associazione Danze Sportive Olimpia<\/strong>.<\/p>\n<h3>Tutti i premiati<\/h3>\n<p>Per quanto concerne i singoli atleti dell\u2019Olimpia, riconoscimenti sono stati assegnati a <strong>Emanuele Miatto<\/strong>, <strong>Beatrice Macor<\/strong>, <strong>Sebastian Candotti<\/strong>, <strong>Diego Colautti<\/strong>, <strong>Greta Avian<\/strong>, <strong>Sara Ulian<\/strong>, <strong>Giacomo Mian<\/strong>, <strong>Asia Sandrigo<\/strong>, <strong>Riccardo Michelli<\/strong>, <strong>Anna Cangialosi<\/strong>, <strong>Aurora Tomasinsig<\/strong>, <strong>Thea Diaferio<\/strong>, <strong>Emma Sandrigo<\/strong>, <strong>Susanna Delcuratolo<\/strong>, <strong>Agnese Pettovello<\/strong>, <strong>Martina Lorefice<\/strong>, <strong>Giulia Milazzo<\/strong> ed <strong>Elisa Ran\u00f9<\/strong>.<\/p>\n<p>Un premio speciale \u00e8 stato assegnato agli atleti del CAMPP <strong>Milena Basello<\/strong>, <strong>Marco Boem<\/strong>, <strong>Claudio Concetta<\/strong>, <strong>Francesco Del Ponte<\/strong> e <strong>Annalisa Colantuono<\/strong>, protagonisti durante l\u2019anno nell\u2019attivit\u00e0 sportiva proprio con i Veterani dello Sport.<\/p>\n<p>Premiati inoltre <strong>Mattia Vrech<\/strong> (La Rosa Calcio), <strong>Massimo Jarc<\/strong> e <strong>Giorgio Zerbinati<\/strong> (Marciatori Cervignano), <strong>Rachele Giaquinto<\/strong> e <strong>Giorgia Basile<\/strong> (pattinaggio), <strong>Daniele Tonut<\/strong> (Velo Club).<\/p>\n<p>Cinque i premiati dello Sporting Club Volley: <strong>Lara Peressin<\/strong>, <strong>Sabina Kopic<\/strong>, <strong>Alex Cossar<\/strong>, <strong>Luca Ballaminut<\/strong> e <strong>Gianluca Scidel<\/strong>.<\/p>\n<p>Riconoscimenti anche per le danzatrici <strong>Anita Paoletti<\/strong> ed <strong>Eva Bergantin<\/strong>, e per <strong>Josef Marvucic<\/strong>, <strong>Clara Smilzotti<\/strong> e <strong>Luigi Scarantino<\/strong> tutti e tre del Canoa San Giorgio.<\/p>\n<p>Un premio speciale \u00e8 stato assegnato ai volontari che si adoperano per la comunit\u00e0: <strong>Dario Fabris<\/strong>, <strong>Massimiliano Zanel<\/strong>, <strong>Danilo Zorino<\/strong>, <strong>Franco Cuzzit<\/strong> e <strong>Sandro Cengarle<\/strong>.<\/p>\n<p>Incetta di premi per i <strong>Tigers<\/strong> per i successi nel baseball con le squadre Under 12, Under 14 e Under 15, oltre alla Under 13 di softball.<\/p>\n<p>Nel basket riconoscimenti anche l\u2019Under 17 dell\u2019<strong>ABC<\/strong>: <strong>Pietro Delpin<\/strong>, <strong>Tommaso Brunetta<\/strong>, <strong>Ruben Stabile<\/strong>, <strong>Gianfiliberto Bagnoli<\/strong>, <strong>Michelantonio Bonfitto<\/strong>, <strong>Giorgio Ienna<\/strong>, <strong>Luigi Paro<\/strong>, <strong>Francesco Medeot<\/strong>, <strong>Filippo Mosca<\/strong>, <strong>Fabio Nascig<\/strong> e l\u2019allenatore <strong>Franco Nicoletti<\/strong>.<\/p>\n<p>Nel pattinaggio premio speciale per il <strong>Roll Club Il Castello<\/strong> di Saciletto di Ruda.<\/p>\n<p>Sempre nella danza, infine, ulteriori riconoscimenti per <strong>Noemi Cesaro<\/strong>, <strong>Sara Facchin<\/strong>, <strong>Marta Zanfagnin<\/strong>, <strong>Vittoria Lo Faro<\/strong>, <strong>Margherita Antonini<\/strong>, <strong>Sara Machini<\/strong>, <strong>Gaia Ziraldo<\/strong>, <strong>Asia Flaborea<\/strong>, <strong>Greta Avian<\/strong>, <strong>Sara Ulian<\/strong> e <strong>Emma Zito<\/strong>.<\/p>\n<div id=\"metaslider-id-58576\" style=\"max-width: 800px; margin: 0 auto;\" class=\"ml-slider-3-108-0 metaslider metaslider-flex metaslider-58576 ml-slider has-dots-nav ms-theme-default\" role=\"region\" aria-label=\"Gala Sport Cervignano\" data-height=\"600\" data-width=\"800\">\n    <div id=\"metaslider_container_58576\">\n        <div id=\"metaslider_58576\">\n            <ul class='slides'>\n                <li style=\"display: block; width: 100%;\" class=\"slide-58600 ms-image \" aria-roledescription=\"slide\" data-date=\"2024-09-17 10:44:03\" data-filename=\"Gran-Gala-03.jpg\" data-slide-type=\"image\"><img loading=\"lazy\" decoding=\"async\" width=\"1000\" height=\"667\" src=\"https:\/\/imagazine.it\/wp-content\/uploads\/2024\/09\/Gran-Gala-03.jpg\" class=\"slider-58576 slide-58600 msDefaultImage\" alt=\"\" rel=\"\" title=\"_Gran Gal\u00e0-03\" srcset=\"https:\/\/imagazine.it\/wp-content\/uploads\/2024\/09\/Gran-Gala-03.jpg 1000w, https:\/\/imagazine.it\/wp-content\/uploads\/2024\/09\/Gran-Gala-03-300x200.jpg 300w, https:\/\/imagazine.it\/wp-content\/uploads\/2024\/09\/Gran-Gala-03-768x512.jpg 768w, https:\/\/imagazine.it\/wp-content\/uploads\/2024\/09\/Gran-Gala-03-391x260.jpg 391w, https:\/\/imagazine.it\/wp-content\/uploads\/2024\/09\/Gran-Gala-03-272x182.jpg 272w\" sizes=\"auto, (max-width: 1000px) 100vw, 1000px\"><div class=\"caption-wrap\"><div class=\"caption\">(ph. Claudio Pizzin)<\/div><\/div><\/li>\n                <li style=\"display: none; width: 100%;\" class=\"slide-58601 ms-image \" aria-roledescription=\"slide\" data-date=\"2024-09-17 10:44:04\" data-filename=\"Gran-Gala-04.jpg\" data-slide-type=\"image\"><img loading=\"lazy\" decoding=\"async\" width=\"1000\" height=\"667\" src=\"https:\/\/imagazine.it\/wp-content\/uploads\/2024\/09\/Gran-Gala-04.jpg\" class=\"slider-58576 slide-58601 msDefaultImage\" alt=\"\" rel=\"\" title=\"_Gran Gal\u00e0-04\" srcset=\"https:\/\/imagazine.it\/wp-content\/uploads\/2024\/09\/Gran-Gala-04.jpg 1000w, https:\/\/imagazine.it\/wp-content\/uploads\/2024\/09\/Gran-Gala-04-300x200.jpg 300w, https:\/\/imagazine.it\/wp-content\/uploads\/2024\/09\/Gran-Gala-04-768x512.jpg 768w, https:\/\/imagazine.it\/wp-content\/uploads\/2024\/09\/Gran-Gala-04-391x260.jpg 391w, https:\/\/imagazine.it\/wp-content\/uploads\/2024\/09\/Gran-Gala-04-272x182.jpg 272w\" sizes=\"auto, (max-width: 1000px) 100vw, 1000px\"><div class=\"caption-wrap\"><div class=\"caption\"><div>(ph. Claudio Pizzin)<\/div><\/div><\/div><\/li>\n                <li style=\"display: none; width: 100%;\" class=\"slide-58602 ms-image \" aria-roledescription=\"slide\" data-date=\"2024-09-17 10:44:04\" data-filename=\"Gran-Gala-05.jpg\" data-slide-type=\"image\"><img loading=\"lazy\" decoding=\"async\" width=\"1000\" height=\"667\" src=\"https:\/\/imagazine.it\/wp-content\/uploads\/2024\/09\/Gran-Gala-05.jpg\" class=\"slider-58576 slide-58602 msDefaultImage\" alt=\"\" rel=\"\" title=\"_Gran Gal\u00e0-05\" srcset=\"https:\/\/imagazine.it\/wp-content\/uploads\/2024\/09\/Gran-Gala-05.jpg 1000w, https:\/\/imagazine.it\/wp-content\/uploads\/2024\/09\/Gran-Gala-05-300x200.jpg 300w, https:\/\/imagazine.it\/wp-content\/uploads\/2024\/09\/Gran-Gala-05-768x512.jpg 768w, https:\/\/imagazine.it\/wp-content\/uploads\/2024\/09\/Gran-Gala-05-391x260.jpg 391w, https:\/\/imagazine.it\/wp-content\/uploads\/2024\/09\/Gran-Gala-05-272x182.jpg 272w\" sizes=\"auto, (max-width: 1000px) 100vw, 1000px\"><div class=\"caption-wrap\"><div class=\"caption\"><div>(ph. Claudio Pizzin)<\/div><\/div><\/div><\/li>\n                <li style=\"display: none; width: 100%;\" class=\"slide-58603 ms-image \" aria-roledescription=\"slide\" data-date=\"2024-09-17 10:44:04\" data-filename=\"Gran-Gala-06.jpg\" data-slide-type=\"image\"><img loading=\"lazy\" decoding=\"async\" width=\"1000\" height=\"667\" src=\"https:\/\/imagazine.it\/wp-content\/uploads\/2024\/09\/Gran-Gala-06.jpg\" class=\"slider-58576 slide-58603 msDefaultImage\" alt=\"\" rel=\"\" title=\"_Gran Gal\u00e0-06\" srcset=\"https:\/\/imagazine.it\/wp-content\/uploads\/2024\/09\/Gran-Gala-06.jpg 1000w, https:\/\/imagazine.it\/wp-content\/uploads\/2024\/09\/Gran-Gala-06-300x200.jpg 300w, https:\/\/imagazine.it\/wp-content\/uploads\/2024\/09\/Gran-Gala-06-768x512.jpg 768w, https:\/\/imagazine.it\/wp-content\/uploads\/2024\/09\/Gran-Gala-06-391x260.jpg 391w, https:\/\/imagazine.it\/wp-content\/uploads\/2024\/09\/Gran-Gala-06-272x182.jpg 272w\" sizes=\"auto, (max-width: 1000px) 100vw, 1000px\"><div class=\"caption-wrap\"><div class=\"caption\"><div>(ph. Claudio Pizzin)<\/div><\/div><\/div><\/li>\n                <li style=\"display: none; width: 100%;\" class=\"slide-58604 ms-image \" aria-roledescription=\"slide\" data-date=\"2024-09-17 10:44:04\" data-filename=\"Gran-Gala-07.jpg\" data-slide-type=\"image\"><img loading=\"lazy\" decoding=\"async\" width=\"1000\" height=\"667\" src=\"https:\/\/imagazine.it\/wp-content\/uploads\/2024\/09\/Gran-Gala-07.jpg\" class=\"slider-58576 slide-58604 msDefaultImage\" alt=\"\" rel=\"\" title=\"_Gran Gal\u00e0-07\" srcset=\"https:\/\/imagazine.it\/wp-content\/uploads\/2024\/09\/Gran-Gala-07.jpg 1000w, https:\/\/imagazine.it\/wp-content\/uploads\/2024\/09\/Gran-Gala-07-300x200.jpg 300w, https:\/\/imagazine.it\/wp-content\/uploads\/2024\/09\/Gran-Gala-07-768x512.jpg 768w, https:\/\/imagazine.it\/wp-content\/uploads\/2024\/09\/Gran-Gala-07-391x260.jpg 391w, https:\/\/imagazine.it\/wp-content\/uploads\/2024\/09\/Gran-Gala-07-272x182.jpg 272w\" sizes=\"auto, (max-width: 1000px) 100vw, 1000px\"><div class=\"caption-wrap\"><div class=\"caption\"><div>(ph. Claudio Pizzin)<\/div><\/div><\/div><\/li>\n                <li style=\"display: none; width: 100%;\" class=\"slide-58605 ms-image \" aria-roledescription=\"slide\" data-date=\"2024-09-17 10:44:04\" data-filename=\"Gran-Gala-08.jpg\" data-slide-type=\"image\"><img loading=\"lazy\" decoding=\"async\" width=\"1000\" height=\"667\" src=\"https:\/\/imagazine.it\/wp-content\/uploads\/2024\/09\/Gran-Gala-08.jpg\" class=\"slider-58576 slide-58605 msDefaultImage\" alt=\"\" rel=\"\" title=\"_Gran Gal\u00e0-08\" srcset=\"https:\/\/imagazine.it\/wp-content\/uploads\/2024\/09\/Gran-Gala-08.jpg 1000w, https:\/\/imagazine.it\/wp-content\/uploads\/2024\/09\/Gran-Gala-08-300x200.jpg 300w, https:\/\/imagazine.it\/wp-content\/uploads\/2024\/09\/Gran-Gala-08-768x512.jpg 768w, https:\/\/imagazine.it\/wp-content\/uploads\/2024\/09\/Gran-Gala-08-391x260.jpg 391w, https:\/\/imagazine.it\/wp-content\/uploads\/2024\/09\/Gran-Gala-08-272x182.jpg 272w\" sizes=\"auto, (max-width: 1000px) 100vw, 1000px\"><div class=\"caption-wrap\"><div class=\"caption\"><div>(ph. Claudio Pizzin)<\/div><\/div><\/div><\/li>\n                <li style=\"display: none; width: 100%;\" class=\"slide-58606 ms-image \" aria-roledescription=\"slide\" data-date=\"2024-09-17 10:44:04\" data-filename=\"Gran-Gala-09.jpg\" data-slide-type=\"image\"><img loading=\"lazy\" decoding=\"async\" width=\"1000\" height=\"667\" src=\"https:\/\/imagazine.it\/wp-content\/uploads\/2024\/09\/Gran-Gala-09.jpg\" class=\"slider-58576 slide-58606 msDefaultImage\" alt=\"\" rel=\"\" title=\"_Gran Gal\u00e0-09\" srcset=\"https:\/\/imagazine.it\/wp-content\/uploads\/2024\/09\/Gran-Gala-09.jpg 1000w, https:\/\/imagazine.it\/wp-content\/uploads\/2024\/09\/Gran-Gala-09-300x200.jpg 300w, https:\/\/imagazine.it\/wp-content\/uploads\/2024\/09\/Gran-Gala-09-768x512.jpg 768w, https:\/\/imagazine.it\/wp-content\/uploads\/2024\/09\/Gran-Gala-09-391x260.jpg 391w, https:\/\/imagazine.it\/wp-content\/uploads\/2024\/09\/Gran-Gala-09-272x182.jpg 272w\" sizes=\"auto, (max-width: 1000px) 100vw, 1000px\"><div class=\"caption-wrap\"><div class=\"caption\"><div>(ph. Claudio Pizzin)<\/div><\/div><\/div><\/li>\n                <li style=\"display: none; width: 100%;\" class=\"slide-58607 ms-image \" aria-roledescription=\"slide\" data-date=\"2024-09-17 10:44:04\" data-filename=\"Gran-Gala-10.jpg\" data-slide-type=\"image\"><img loading=\"lazy\" decoding=\"async\" width=\"1000\" height=\"667\" src=\"https:\/\/imagazine.it\/wp-content\/uploads\/2024\/09\/Gran-Gala-10.jpg\" class=\"slider-58576 slide-58607 msDefaultImage\" alt=\"\" rel=\"\" title=\"_Gran Gal\u00e0-10\" srcset=\"https:\/\/imagazine.it\/wp-content\/uploads\/2024\/09\/Gran-Gala-10.jpg 1000w, https:\/\/imagazine.it\/wp-content\/uploads\/2024\/09\/Gran-Gala-10-300x200.jpg 300w, https:\/\/imagazine.it\/wp-content\/uploads\/2024\/09\/Gran-Gala-10-768x512.jpg 768w, https:\/\/imagazine.it\/wp-content\/uploads\/2024\/09\/Gran-Gala-10-391x260.jpg 391w, https:\/\/imagazine.it\/wp-content\/uploads\/2024\/09\/Gran-Gala-10-272x182.jpg 272w\" sizes=\"auto, (max-width: 1000px) 100vw, 1000px\"><div class=\"caption-wrap\"><div class=\"caption\"><div>(ph. Claudio Pizzin)<\/div><\/div><\/div><\/li>\n                <li style=\"display: none; width: 100%;\" class=\"slide-58608 ms-image \" aria-roledescription=\"slide\" data-date=\"2024-09-17 10:44:04\" data-filename=\"Gran-Gala-11.jpg\" data-slide-type=\"image\"><img loading=\"lazy\" decoding=\"async\" width=\"1000\" height=\"667\" src=\"https:\/\/imagazine.it\/wp-content\/uploads\/2024\/09\/Gran-Gala-11.jpg\" class=\"slider-58576 slide-58608 msDefaultImage\" alt=\"\" rel=\"\" title=\"_Gran Gal\u00e0-11\" srcset=\"https:\/\/imagazine.it\/wp-content\/uploads\/2024\/09\/Gran-Gala-11.jpg 1000w, https:\/\/imagazine.it\/wp-content\/uploads\/2024\/09\/Gran-Gala-11-300x200.jpg 300w, https:\/\/imagazine.it\/wp-content\/uploads\/2024\/09\/Gran-Gala-11-768x512.jpg 768w, https:\/\/imagazine.it\/wp-content\/uploads\/2024\/09\/Gran-Gala-11-391x260.jpg 391w, https:\/\/imagazine.it\/wp-content\/uploads\/2024\/09\/Gran-Gala-11-272x182.jpg 272w\" sizes=\"auto, (max-width: 1000px) 100vw, 1000px\"><div class=\"caption-wrap\"><div class=\"caption\"><div>(ph. Claudio Pizzin)<\/div><\/div><\/div><\/li>\n                <li style=\"display: none; width: 100%;\" class=\"slide-58609 ms-image \" aria-roledescription=\"slide\" data-date=\"2024-09-17 10:44:05\" data-filename=\"Gran-Gala-12.jpg\" data-slide-type=\"image\"><img loading=\"lazy\" decoding=\"async\" width=\"1000\" height=\"667\" src=\"https:\/\/imagazine.it\/wp-content\/uploads\/2024\/09\/Gran-Gala-12.jpg\" class=\"slider-58576 slide-58609 msDefaultImage\" alt=\"\" rel=\"\" title=\"_Gran Gal\u00e0-12\" srcset=\"https:\/\/imagazine.it\/wp-content\/uploads\/2024\/09\/Gran-Gala-12.jpg 1000w, https:\/\/imagazine.it\/wp-content\/uploads\/2024\/09\/Gran-Gala-12-300x200.jpg 300w, https:\/\/imagazine.it\/wp-content\/uploads\/2024\/09\/Gran-Gala-12-768x512.jpg 768w, https:\/\/imagazine.it\/wp-content\/uploads\/2024\/09\/Gran-Gala-12-391x260.jpg 391w, https:\/\/imagazine.it\/wp-content\/uploads\/2024\/09\/Gran-Gala-12-272x182.jpg 272w\" sizes=\"auto, (max-width: 1000px) 100vw, 1000px\"><div class=\"caption-wrap\"><div class=\"caption\"><div>(ph. Claudio Pizzin)<\/div><\/div><\/div><\/li>\n                <li style=\"display: none; width: 100%;\" class=\"slide-58610 ms-image \" aria-roledescription=\"slide\" data-date=\"2024-09-17 10:44:05\" data-filename=\"Gran-Gala-13.jpg\" data-slide-type=\"image\"><img loading=\"lazy\" decoding=\"async\" width=\"1000\" height=\"667\" src=\"https:\/\/imagazine.it\/wp-content\/uploads\/2024\/09\/Gran-Gala-13.jpg\" class=\"slider-58576 slide-58610 msDefaultImage\" alt=\"\" rel=\"\" title=\"_Gran Gal\u00e0-13\" srcset=\"https:\/\/imagazine.it\/wp-content\/uploads\/2024\/09\/Gran-Gala-13.jpg 1000w, https:\/\/imagazine.it\/wp-content\/uploads\/2024\/09\/Gran-Gala-13-300x200.jpg 300w, https:\/\/imagazine.it\/wp-content\/uploads\/2024\/09\/Gran-Gala-13-768x512.jpg 768w, https:\/\/imagazine.it\/wp-content\/uploads\/2024\/09\/Gran-Gala-13-391x260.jpg 391w, https:\/\/imagazine.it\/wp-content\/uploads\/2024\/09\/Gran-Gala-13-272x182.jpg 272w\" sizes=\"auto, (max-width: 1000px) 100vw, 1000px\"><div class=\"caption-wrap\"><div class=\"caption\"><div>(ph. Claudio Pizzin)<\/div><\/div><\/div><\/li>\n                <li style=\"display: none; width: 100%;\" class=\"slide-58611 ms-image \" aria-roledescription=\"slide\" data-date=\"2024-09-17 10:44:05\" data-filename=\"Gran-Gala-14.jpg\" data-slide-type=\"image\"><img loading=\"lazy\" decoding=\"async\" width=\"1000\" height=\"667\" src=\"https:\/\/imagazine.it\/wp-content\/uploads\/2024\/09\/Gran-Gala-14.jpg\" class=\"slider-58576 slide-58611 msDefaultImage\" alt=\"\" rel=\"\" title=\"_Gran Gal\u00e0-14\" srcset=\"https:\/\/imagazine.it\/wp-content\/uploads\/2024\/09\/Gran-Gala-14.jpg 1000w, https:\/\/imagazine.it\/wp-content\/uploads\/2024\/09\/Gran-Gala-14-300x200.jpg 300w, https:\/\/imagazine.it\/wp-content\/uploads\/2024\/09\/Gran-Gala-14-768x512.jpg 768w, https:\/\/imagazine.it\/wp-content\/uploads\/2024\/09\/Gran-Gala-14-391x260.jpg 391w, https:\/\/imagazine.it\/wp-content\/uploads\/2024\/09\/Gran-Gala-14-272x182.jpg 272w\" sizes=\"auto, (max-width: 1000px) 100vw, 1000px\"><div class=\"caption-wrap\"><div class=\"caption\"><div>(ph. Claudio Pizzin)<\/div><\/div><\/div><\/li>\n                <li style=\"display: none; width: 100%;\" class=\"slide-58612 ms-image \" aria-roledescription=\"slide\" data-date=\"2024-09-17 10:44:05\" data-filename=\"Gran-Gala-15.jpg\" data-slide-type=\"image\"><img loading=\"lazy\" decoding=\"async\" width=\"1000\" height=\"667\" src=\"https:\/\/imagazine.it\/wp-content\/uploads\/2024\/09\/Gran-Gala-15.jpg\" class=\"slider-58576 slide-58612 msDefaultImage\" alt=\"\" rel=\"\" title=\"_Gran Gal\u00e0-15\" srcset=\"https:\/\/imagazine.it\/wp-content\/uploads\/2024\/09\/Gran-Gala-15.jpg 1000w, https:\/\/imagazine.it\/wp-content\/uploads\/2024\/09\/Gran-Gala-15-300x200.jpg 300w, https:\/\/imagazine.it\/wp-content\/uploads\/2024\/09\/Gran-Gala-15-768x512.jpg 768w, https:\/\/imagazine.it\/wp-content\/uploads\/2024\/09\/Gran-Gala-15-391x260.jpg 391w, https:\/\/imagazine.it\/wp-content\/uploads\/2024\/09\/Gran-Gala-15-272x182.jpg 272w\" sizes=\"auto, (max-width: 1000px) 100vw, 1000px\"><div class=\"caption-wrap\"><div class=\"caption\"><div>(ph. Claudio Pizzin)<\/div><\/div><\/div><\/li>\n                <li style=\"display: none; width: 100%;\" class=\"slide-58613 ms-image \" aria-roledescription=\"slide\" data-date=\"2024-09-17 10:44:05\" data-filename=\"Gran-Gala-16.jpg\" data-slide-type=\"image\"><img loading=\"lazy\" decoding=\"async\" width=\"1000\" height=\"667\" src=\"https:\/\/imagazine.it\/wp-content\/uploads\/2024\/09\/Gran-Gala-16.jpg\" class=\"slider-58576 slide-58613 msDefaultImage\" alt=\"\" rel=\"\" title=\"_Gran Gal\u00e0-16\" srcset=\"https:\/\/imagazine.it\/wp-content\/uploads\/2024\/09\/Gran-Gala-16.jpg 1000w, https:\/\/imagazine.it\/wp-content\/uploads\/2024\/09\/Gran-Gala-16-300x200.jpg 300w, https:\/\/imagazine.it\/wp-content\/uploads\/2024\/09\/Gran-Gala-16-768x512.jpg 768w, https:\/\/imagazine.it\/wp-content\/uploads\/2024\/09\/Gran-Gala-16-391x260.jpg 391w, https:\/\/imagazine.it\/wp-content\/uploads\/2024\/09\/Gran-Gala-16-272x182.jpg 272w\" sizes=\"auto, (max-width: 1000px) 100vw, 1000px\"><div class=\"caption-wrap\"><div class=\"caption\"><div>(ph. Claudio Pizzin)<\/div><\/div><\/div><\/li>\n                <li style=\"display: none; width: 100%;\" class=\"slide-58614 ms-image \" aria-roledescription=\"slide\" data-date=\"2024-09-17 10:44:05\" data-filename=\"Gran-Gala-17.jpg\" data-slide-type=\"image\"><img loading=\"lazy\" decoding=\"async\" width=\"1000\" height=\"667\" src=\"https:\/\/imagazine.it\/wp-content\/uploads\/2024\/09\/Gran-Gala-17.jpg\" class=\"slider-58576 slide-58614 msDefaultImage\" alt=\"\" rel=\"\" title=\"_Gran Gal\u00e0-17\" srcset=\"https:\/\/imagazine.it\/wp-content\/uploads\/2024\/09\/Gran-Gala-17.jpg 1000w, https:\/\/imagazine.it\/wp-content\/uploads\/2024\/09\/Gran-Gala-17-300x200.jpg 300w, https:\/\/imagazine.it\/wp-content\/uploads\/2024\/09\/Gran-Gala-17-768x512.jpg 768w, https:\/\/imagazine.it\/wp-content\/uploads\/2024\/09\/Gran-Gala-17-391x260.jpg 391w, https:\/\/imagazine.it\/wp-content\/uploads\/2024\/09\/Gran-Gala-17-272x182.jpg 272w\" sizes=\"auto, (max-width: 1000px) 100vw, 1000px\"><div class=\"caption-wrap\"><div class=\"caption\"><div>(ph. Claudio Pizzin)<\/div><\/div><\/div><\/li>\n                <li style=\"display: none; width: 100%;\" class=\"slide-58615 ms-image \" aria-roledescription=\"slide\" data-date=\"2024-09-17 10:44:05\" data-filename=\"Gran-Gala-18.jpg\" data-slide-type=\"image\"><img loading=\"lazy\" decoding=\"async\" width=\"1000\" height=\"667\" src=\"https:\/\/imagazine.it\/wp-content\/uploads\/2024\/09\/Gran-Gala-18.jpg\" class=\"slider-58576 slide-58615 msDefaultImage\" alt=\"\" rel=\"\" title=\"_Gran Gal\u00e0-18\" srcset=\"https:\/\/imagazine.it\/wp-content\/uploads\/2024\/09\/Gran-Gala-18.jpg 1000w, https:\/\/imagazine.it\/wp-content\/uploads\/2024\/09\/Gran-Gala-18-300x200.jpg 300w, https:\/\/imagazine.it\/wp-content\/uploads\/2024\/09\/Gran-Gala-18-768x512.jpg 768w, https:\/\/imagazine.it\/wp-content\/uploads\/2024\/09\/Gran-Gala-18-391x260.jpg 391w, https:\/\/imagazine.it\/wp-content\/uploads\/2024\/09\/Gran-Gala-18-272x182.jpg 272w\" sizes=\"auto, (max-width: 1000px) 100vw, 1000px\"><div class=\"caption-wrap\"><div class=\"caption\"><div>(ph. Claudio Pizzin)<\/div><\/div><\/div><\/li>\n                <li style=\"display: none; width: 100%;\" class=\"slide-58616 ms-image \" aria-roledescription=\"slide\" data-date=\"2024-09-17 10:44:05\" data-filename=\"Gran-Gala-19.jpg\" data-slide-type=\"image\"><img loading=\"lazy\" decoding=\"async\" width=\"1000\" height=\"667\" src=\"https:\/\/imagazine.it\/wp-content\/uploads\/2024\/09\/Gran-Gala-19.jpg\" class=\"slider-58576 slide-58616 msDefaultImage\" alt=\"\" rel=\"\" title=\"_Gran Gal\u00e0-19\" srcset=\"https:\/\/imagazine.it\/wp-content\/uploads\/2024\/09\/Gran-Gala-19.jpg 1000w, https:\/\/imagazine.it\/wp-content\/uploads\/2024\/09\/Gran-Gala-19-300x200.jpg 300w, https:\/\/imagazine.it\/wp-content\/uploads\/2024\/09\/Gran-Gala-19-768x512.jpg 768w, https:\/\/imagazine.it\/wp-content\/uploads\/2024\/09\/Gran-Gala-19-391x260.jpg 391w, https:\/\/imagazine.it\/wp-content\/uploads\/2024\/09\/Gran-Gala-19-272x182.jpg 272w\" sizes=\"auto, (max-width: 1000px) 100vw, 1000px\"><div class=\"caption-wrap\"><div class=\"caption\"><div>(ph. Claudio Pizzin)<\/div><\/div><\/div><\/li>\n                <li style=\"display: none; width: 100%;\" class=\"slide-58617 ms-image \" aria-roledescription=\"slide\" data-date=\"2024-09-17 10:44:05\" data-filename=\"Gran-Gala-20.jpg\" data-slide-type=\"image\"><img loading=\"lazy\" decoding=\"async\" width=\"1000\" height=\"667\" src=\"https:\/\/imagazine.it\/wp-content\/uploads\/2024\/09\/Gran-Gala-20.jpg\" class=\"slider-58576 slide-58617 msDefaultImage\" alt=\"\" rel=\"\" title=\"_Gran Gal\u00e0-20\" srcset=\"https:\/\/imagazine.it\/wp-content\/uploads\/2024\/09\/Gran-Gala-20.jpg 1000w, https:\/\/imagazine.it\/wp-content\/uploads\/2024\/09\/Gran-Gala-20-300x200.jpg 300w, https:\/\/imagazine.it\/wp-content\/uploads\/2024\/09\/Gran-Gala-20-768x512.jpg 768w, https:\/\/imagazine.it\/wp-content\/uploads\/2024\/09\/Gran-Gala-20-391x260.jpg 391w, https:\/\/imagazine.it\/wp-content\/uploads\/2024\/09\/Gran-Gala-20-272x182.jpg 272w\" sizes=\"auto, (max-width: 1000px) 100vw, 1000px\"><div class=\"caption-wrap\"><div class=\"caption\"><div>(ph. Claudio Pizzin)<\/div><\/div><\/div><\/li>\n                <li style=\"display: none; width: 100%;\" class=\"slide-58618 ms-image \" aria-roledescription=\"slide\" data-date=\"2024-09-17 10:44:06\" data-filename=\"Gran-Gala-21.jpg\" data-slide-type=\"image\"><img loading=\"lazy\" decoding=\"async\" width=\"1000\" height=\"667\" src=\"https:\/\/imagazine.it\/wp-content\/uploads\/2024\/09\/Gran-Gala-21.jpg\" class=\"slider-58576 slide-58618 msDefaultImage\" alt=\"\" rel=\"\" title=\"_Gran Gal\u00e0-21\" srcset=\"https:\/\/imagazine.it\/wp-content\/uploads\/2024\/09\/Gran-Gala-21.jpg 1000w, https:\/\/imagazine.it\/wp-content\/uploads\/2024\/09\/Gran-Gala-21-300x200.jpg 300w, https:\/\/imagazine.it\/wp-content\/uploads\/2024\/09\/Gran-Gala-21-768x512.jpg 768w, https:\/\/imagazine.it\/wp-content\/uploads\/2024\/09\/Gran-Gala-21-391x260.jpg 391w, https:\/\/imagazine.it\/wp-content\/uploads\/2024\/09\/Gran-Gala-21-272x182.jpg 272w\" sizes=\"auto, (max-width: 1000px) 100vw, 1000px\"><div class=\"caption-wrap\"><div class=\"caption\"><div>(ph. Claudio Pizzin)<\/div><\/div><\/div><\/li>\n                <li style=\"display: none; width: 100%;\" class=\"slide-58619 ms-image \" aria-roledescription=\"slide\" data-date=\"2024-09-17 10:44:06\" data-filename=\"Gran-Gala-25.jpg\" data-slide-type=\"image\"><img loading=\"lazy\" decoding=\"async\" width=\"1000\" height=\"667\" src=\"https:\/\/imagazine.it\/wp-content\/uploads\/2024\/09\/Gran-Gala-25.jpg\" class=\"slider-58576 slide-58619 msDefaultImage\" alt=\"\" rel=\"\" title=\"_Gran Gal\u00e0-25\" srcset=\"https:\/\/imagazine.it\/wp-content\/uploads\/2024\/09\/Gran-Gala-25.jpg 1000w, https:\/\/imagazine.it\/wp-content\/uploads\/2024\/09\/Gran-Gala-25-300x200.jpg 300w, https:\/\/imagazine.it\/wp-content\/uploads\/2024\/09\/Gran-Gala-25-768x512.jpg 768w, https:\/\/imagazine.it\/wp-content\/uploads\/2024\/09\/Gran-Gala-25-391x260.jpg 391w, https:\/\/imagazine.it\/wp-content\/uploads\/2024\/09\/Gran-Gala-25-272x182.jpg 272w\" sizes=\"auto, (max-width: 1000px) 100vw, 1000px\"><div class=\"caption-wrap\"><div class=\"caption\"><div>Andrea Balducci (ph. Claudio Pizzin)<\/div><\/div><\/div><\/li>\n                <li style=\"display: none; width: 100%;\" class=\"slide-58620 ms-image \" aria-roledescription=\"slide\" data-date=\"2024-09-17 10:44:06\" data-filename=\"Gran-Gala-29.jpg\" data-slide-type=\"image\"><img loading=\"lazy\" decoding=\"async\" width=\"1366\" height=\"910\" src=\"https:\/\/imagazine.it\/wp-content\/uploads\/2024\/09\/Gran-Gala-29.jpg\" class=\"slider-58576 slide-58620 msDefaultImage\" alt=\"\" rel=\"\" title=\"_Gran Gal\u00e0-29\" srcset=\"https:\/\/imagazine.it\/wp-content\/uploads\/2024\/09\/Gran-Gala-29.jpg 1366w, https:\/\/imagazine.it\/wp-content\/uploads\/2024\/09\/Gran-Gala-29-300x200.jpg 300w, https:\/\/imagazine.it\/wp-content\/uploads\/2024\/09\/Gran-Gala-29-1024x682.jpg 1024w, https:\/\/imagazine.it\/wp-content\/uploads\/2024\/09\/Gran-Gala-29-768x512.jpg 768w, https:\/\/imagazine.it\/wp-content\/uploads\/2024\/09\/Gran-Gala-29-391x260.jpg 391w, https:\/\/imagazine.it\/wp-content\/uploads\/2024\/09\/Gran-Gala-29-272x182.jpg 272w\" sizes=\"auto, (max-width: 1366px) 100vw, 1366px\"><div class=\"caption-wrap\"><div class=\"caption\"><div>(ph. Claudio Pizzin)<\/div><\/div><\/div><\/li>\n                <li style=\"display: none; width: 100%;\" class=\"slide-58621 ms-image \" aria-roledescription=\"slide\" data-date=\"2024-09-17 10:44:06\" data-filename=\"Gran-Gala-26.jpg\" data-slide-type=\"image\"><img loading=\"lazy\" decoding=\"async\" width=\"1000\" height=\"667\" src=\"https:\/\/imagazine.it\/wp-content\/uploads\/2024\/09\/Gran-Gala-26.jpg\" class=\"slider-58576 slide-58621 msDefaultImage\" alt=\"\" rel=\"\" title=\"Gran Gal\u00e0-26\" srcset=\"https:\/\/imagazine.it\/wp-content\/uploads\/2024\/09\/Gran-Gala-26.jpg 1000w, https:\/\/imagazine.it\/wp-content\/uploads\/2024\/09\/Gran-Gala-26-300x200.jpg 300w, https:\/\/imagazine.it\/wp-content\/uploads\/2024\/09\/Gran-Gala-26-768x512.jpg 768w, https:\/\/imagazine.it\/wp-content\/uploads\/2024\/09\/Gran-Gala-26-391x260.jpg 391w, https:\/\/imagazine.it\/wp-content\/uploads\/2024\/09\/Gran-Gala-26-272x182.jpg 272w\" sizes=\"auto, (max-width: 1000px) 100vw, 1000px\"><div class=\"caption-wrap\"><div class=\"caption\"><div>Giorgio Comisso (ph. Claudio Pizzin)<\/div><\/div><\/div><\/li>\n                <li style=\"display: none; width: 100%;\" class=\"slide-58622 ms-image \" aria-roledescription=\"slide\" data-date=\"2024-09-17 10:44:06\" data-filename=\"Gran-Gala-27.jpg\" data-slide-type=\"image\"><img loading=\"lazy\" decoding=\"async\" width=\"1000\" height=\"667\" src=\"https:\/\/imagazine.it\/wp-content\/uploads\/2024\/09\/Gran-Gala-27.jpg\" class=\"slider-58576 slide-58622 msDefaultImage\" alt=\"\" rel=\"\" title=\"Gran Gal\u00e0-27\" srcset=\"https:\/\/imagazine.it\/wp-content\/uploads\/2024\/09\/Gran-Gala-27.jpg 1000w, https:\/\/imagazine.it\/wp-content\/uploads\/2024\/09\/Gran-Gala-27-300x200.jpg 300w, https:\/\/imagazine.it\/wp-content\/uploads\/2024\/09\/Gran-Gala-27-768x512.jpg 768w, https:\/\/imagazine.it\/wp-content\/uploads\/2024\/09\/Gran-Gala-27-391x260.jpg 391w, https:\/\/imagazine.it\/wp-content\/uploads\/2024\/09\/Gran-Gala-27-272x182.jpg 272w\" sizes=\"auto, (max-width: 1000px) 100vw, 1000px\"><div class=\"caption-wrap\"><div class=\"caption\"><div>Roberto Tomat (ph. Claudio Pizzin)<\/div><\/div><\/div><\/li>\n            <\/ul>\n        <\/div>\n        \n    <\/div>\n<\/div>\n<h3>Esempi per la comunit\u00e0<\/h3>\n<p>\u201cQuesti atleti \u2013 ha commentato il presidente dei Veterani dello Sport di Cervignano, <strong>Giorgio Comisso<\/strong> \u2013 con la loro attivit\u00e0 e dedizione hanno incarnato al meglio i valori positivi che lo sport punta a valorizzare e tramandare. Un plauso anche alle loro societ\u00e0 sportive e ai dirigenti per l\u2019attivit\u00e0 svolta con impegno e dedizione\u201d.<\/p>\n<p>Intervenuto sul palco anche il sindaco di Cervignano, <strong>Andrea Balducci<\/strong>: &#8220;Grazie ai Veterani dello Sport \u2013 le sue parole \u2013 per questo evento ma, soprattutto, per le numerose iniziative che organizzano e seguono durante l&#8217;intero anno. Un plauso a tutti gli atleti qui presenti ma anche alle associazioni sportive che consentono a loro e a tanti altri giovani di potersi dedicare allo sport&#8221;.<\/p>\n<h3>La sfida contro la Sla<\/h3>\n<p>La serata, condotta da Roberto Tomat,\u00a0 \u00a0ha visto anche la presentazione del libro \u201c<em>Il mondo scritto con gli occhi<\/em>\u201d, di Claudia Fraulin, con la prefazione dell\u2019ex calciatore Javier Zanetti, condotta da <strong>Martina Del Piccolo<\/strong> e <strong>Paolo Medeossi che hanno intervistato la moglie di Stefano Marangone, Paola<\/strong>.<\/p>\n<p>Il testo raccoglie infatti gli scritti di <strong>Stefano Marangone<\/strong>, ex calciatore affetto da SLA (sclerosi laterale amiotrofica) che, paralizzato, riesce a comunicare attraverso uno speciale computer che legge il movimento oculare. Anche per questo le offerte raccolte durante la serata verranno destinate alla Fondazione per la Ricerca sulla SLA.<\/p>\n","protected":false},"excerpt":{"rendered":"<p>Nell&#8217;ambito del Gran Gal\u00e0 dello Sport promosso dai Veterani. Riconoscimenti per atleti e societ\u00e0 sportive. Con un occhio alla solidariet\u00e0<\/p>\n","protected":false},"author":12,"featured_media":58575,"comment_status":"closed","ping_status":"closed","sticky":false,"template":"","format":"image","meta":{"dwc-title":[""],"dwc-content":[""],"footnotes":""},"categories":[38],"tags":[119,885,540,2443],"class_list":["post-58566","post","type-post","status-publish","format-image","has-post-thumbnail","hentry","category-sport","tag-cervignano","tag-inclusione","tag-premi","tag-unvs","post_format-post-format-image"],"rttpg_featured_image_url":{"full":["https:\/\/imagazine.it\/wp-content\/uploads\/2024\/09\/Gran-Gala-01.jpg",1366,910,false],"landscape":["https:\/\/imagazine.it\/wp-content\/uploads\/2024\/09\/Gran-Gala-01.jpg",1366,910,false],"portraits":["https:\/\/imagazine.it\/wp-content\/uploads\/2024\/09\/Gran-Gala-01.jpg",1366,910,false],"thumbnail":["https:\/\/imagazine.it\/wp-content\/uploads\/2024\/09\/Gran-Gala-01-150x150.jpg",150,150,true],"medium":["https:\/\/imagazine.it\/wp-content\/uploads\/2024\/09\/Gran-Gala-01-300x200.jpg",300,200,true],"large":["https:\/\/imagazine.it\/wp-content\/uploads\/2024\/09\/Gran-Gala-01-1024x682.jpg",640,426,true],"thumblist":["https:\/\/imagazine.it\/wp-content\/uploads\/2024\/09\/Gran-Gala-01-300x300.jpg",300,300,true],"thumbrelated":["https:\/\/imagazine.it\/wp-content\/uploads\/2024\/09\/Gran-Gala-01-500x500.jpg",500,500,true],"meccarouselthumb":["https:\/\/imagazine.it\/wp-content\/uploads\/2024\/09\/Gran-Gala-01-474x324.jpg",474,324,true],"gridsquare":["https:\/\/imagazine.it\/wp-content\/uploads\/2024\/09\/Gran-Gala-01-391x260.jpg",391,260,true],"tileview":["https:\/\/imagazine.it\/wp-content\/uploads\/2024\/09\/Gran-Gala-01-300x400.jpg",300,400,true],"1536x1536":["https:\/\/imagazine.it\/wp-content\/uploads\/2024\/09\/Gran-Gala-01.jpg",1366,910,false],"2048x2048":["https:\/\/imagazine.it\/wp-content\/uploads\/2024\/09\/Gran-Gala-01.jpg",1366,910,false],"newsup-slider-full":["https:\/\/imagazine.it\/wp-content\/uploads\/2024\/09\/Gran-Gala-01-1280x720.jpg",1280,720,true],"newsup-featured":["https:\/\/imagazine.it\/wp-content\/uploads\/2024\/09\/Gran-Gala-01-1024x682.jpg",1024,682,true],"newsup-medium":["https:\/\/imagazine.it\/wp-content\/uploads\/2024\/09\/Gran-Gala-01-720x380.jpg",720,380,true],"tptn_thumbnail":["https:\/\/imagazine.it\/wp-content\/uploads\/2024\/09\/Gran-Gala-01-250x210.jpg",250,210,true],"sow-carousel-default":["https:\/\/imagazine.it\/wp-content\/uploads\/2024\/09\/Gran-Gala-01-272x182.jpg",272,182,true]},"rttpg_author":{"display_name":"Claudio Pizzin","author_link":"https:\/\/imagazine.it\/home_desk\/author\/pizzin\/"},"rttpg_comment":0,"rttpg_category":"<a href=\"https:\/\/imagazine.it\/home_desk\/category\/sport\/\" rel=\"category tag\">SPORT<\/a>","rttpg_excerpt":"Nell'ambito del Gran Gal\u00e0 dello Sport promosso dai Veterani. Riconoscimenti per atleti e societ\u00e0 sportive. Con un occhio alla solidariet\u00e0","_links":{"self":[{"href":"https:\/\/imagazine.it\/home_desk\/wp-json\/wp\/v2\/posts\/58566","targetHints":{"allow":["GET"]}}],"collection":[{"href":"https:\/\/imagazine.it\/home_desk\/wp-json\/wp\/v2\/posts"}],"about":[{"href":"https:\/\/imagazine.it\/home_desk\/wp-json\/wp\/v2\/types\/post"}],"author":[{"embeddable":true,"href":"https:\/\/imagazine.it\/home_desk\/wp-json\/wp\/v2\/users\/12"}],"replies":[{"embeddable":true,"href":"https:\/\/imagazine.it\/home_desk\/wp-json\/wp\/v2\/comments?post=58566"}],"version-history":[{"count":0,"href":"https:\/\/imagazine.it\/home_desk\/wp-json\/wp\/v2\/posts\/58566\/revisions"}],"wp:featuredmedia":[{"embeddable":true,"href":"https:\/\/imagazine.it\/home_desk\/wp-json\/wp\/v2\/media\/58575"}],"wp:attachment":[{"href":"https:\/\/imagazine.it\/home_desk\/wp-json\/wp\/v2\/media?parent=58566"}],"wp:term":[{"taxonomy":"category","embeddable":true,"href":"https:\/\/imagazine.it\/home_desk\/wp-json\/wp\/v2\/categories?post=58566"},{"taxonomy":"post_tag","embeddable":true,"href":"https:\/\/imagazine.it\/home_desk\/wp-json\/wp\/v2\/tags?post=58566"}],"curies":[{"name":"wp","href":"https:\/\/api.w.org\/{rel}","templated":true}]}}