{"id":58563,"date":"2024-09-16T17:27:25","date_gmt":"2024-09-16T15:27:25","guid":{"rendered":"https:\/\/imagazine.it\/home_desk\/?p=58563"},"modified":"2024-09-16T17:27:25","modified_gmt":"2024-09-16T15:27:25","slug":"oslavia-rinnova-la-vendemmia-solidale","status":"publish","type":"post","link":"https:\/\/imagazine.it\/home_desk\/oslavia-rinnova-la-vendemmia-solidale\/","title":{"rendered":"Oslavia rinnova la vendemmia solidale"},"content":{"rendered":"<p><span style=\"font-size: 10pt;\"><em>(\u00a9 Il Goriziano)<\/em><\/span><\/p>\n<p>GORIZIA \u2013 Rinnovata la tradizione con la <strong><em>Vendemmia Solidale<\/em><\/strong> presso la <strong>panchina Fiegl a Oslavia<\/strong>.<\/p>\n<p>L\u2019evento, promosso dall\u2019Associazione dei Produttori della Ribolla di Oslavia e dall\u2019Unione Italiana Ciechi e Ipovedenti \u2013 Sezione di Gorizia, unisce passione per il territorio e inclusione sociale, creando un momento di forte impatto emotivo e comunitario.<\/p>\n<p>L\u2019iniziativa rappresenta un&#8217;occasione di sensibilizzazione verso il tema dell&#8217;accessibilit\u00e0 e dell&#8217;inclusione, grazie alla partecipazione attiva di persone non vedenti e ipovedenti, che hanno potuto vendemmiare proprio la preziosa Ribolla di Oslavia, accompagnate da guide esperte.<\/p>\n<p>Dopo la vendemmia, i partecipanti hanno preso parte a un laboratorio sensoriale, organizzato dall&#8217;Unione Italiana Ciechi e Ipovedenti, in cui si sono esplorate le diverse sensazioni legate al vino attraverso l\u2019olfatto e il gusto.<\/p>\n<p>Un modo per sperimentare il vino in maniera profonda, oltre la vista, scoprendo nuovi significati e connessioni con il territorio.<\/p>\n<p>\u201cIl laboratorio \u2013 ha spiegato <strong>Niccol\u00f2 Finochiaro<\/strong>, presidente dell\u2019Unione Italiana Ciechi e ipovedenti &#8211; Sezione di Gorizia \u2013 \u00e8 stato importante perch\u00e9 abbiamo lavorato tutti senza uno dei sensi pi\u00f9 utilizzati, la vista, equiparando le nostre capacit\u00e0 di scoperta\u201d.<\/p>\n<p>A seguire, il tradizionale passaggio del grappolo, un momento simbolico di scambio tra le aziende vinicole coinvolte: quest\u2019anno, il grappolo \u00e8 passato dalle mani della cantina Gravner a quelle della cantina Fiegl.<\/p>\n<p>Un passaggio di consegne per ricordarsi che ogni anno, una cantina alla volta, \u00e8 chiamata a dedicare un momento della vendemmia anche ai temi sociali.<\/p>\n<p>L\u2019evento si \u00e8 concluso con un momento conviviale.<\/p>\n<p>&#8220;Coinvolgere gli amici dell&#8217;Unione Italiana Ciechi e Ipovedenti \u2013 ha dichiarato <strong>Sasa Radikon<\/strong>, presidente dell&#8217;Associazione dei Produttori della Ribolla di Oslavia \u2013 ci permette di condividere la bellezza della vendemmia in una maniera nuova e arricchente, dimostrando che il vino pu\u00f2 essere vissuto e apprezzato con tutti i sensi&#8221;.<\/p>\n<p>L\u2019appuntamento annuale di RibolliAMO si sposta quest\u2019anno a novembre in quanto le sette cantine di APRO (Dario Princic, La Castellada, Primosic, Fiegl, Gravner, Radikon e Il Carpino) stanno organizzando un lancio importante assieme a una rinomata realt\u00e0 del Friuli Venezia Giulia frutto di un anno di ricerche e di sperimentazioni per dar ancor di pi\u00f9 valore al territorio e al vino che lo rappresenta.<\/p>\n<p>L\u2019evento ha goduto del patrocinio del Comune di Gorizia.<\/p>\n","protected":false},"excerpt":{"rendered":"<p>Tradizionale giornata inclusiva assieme  alla sezione goriziana dell\u2019Unione Italiana Ciechi e Ipovedenti. Con un laboratorio sensoriale<\/p>\n","protected":false},"author":28,"featured_media":58564,"comment_status":"closed","ping_status":"closed","sticky":false,"template":"","format":"image","meta":{"dwc-title":[""],"dwc-content":[""],"footnotes":""},"categories":[6],"tags":[256,43,885,2442,2441,549],"class_list":["post-58563","post","type-post","status-publish","format-image","has-post-thumbnail","hentry","category-societa","tag-disabilita","tag-gorizia","tag-inclusione","tag-oslavia","tag-vendemmia","tag-vino","post_format-post-format-image"],"rttpg_featured_image_url":{"full":["https:\/\/imagazine.it\/wp-content\/uploads\/2024\/09\/Foto-Il-Goriziano-6.jpg",1366,831,false],"landscape":["https:\/\/imagazine.it\/wp-content\/uploads\/2024\/09\/Foto-Il-Goriziano-6.jpg",1366,831,false],"portraits":["https:\/\/imagazine.it\/wp-content\/uploads\/2024\/09\/Foto-Il-Goriziano-6.jpg",1366,831,false],"thumbnail":["https:\/\/imagazine.it\/wp-content\/uploads\/2024\/09\/Foto-Il-Goriziano-6-150x150.jpg",150,150,true],"medium":["https:\/\/imagazine.it\/wp-content\/uploads\/2024\/09\/Foto-Il-Goriziano-6-300x183.jpg",300,183,true],"large":["https:\/\/imagazine.it\/wp-content\/uploads\/2024\/09\/Foto-Il-Goriziano-6-1024x623.jpg",640,389,true],"thumblist":["https:\/\/imagazine.it\/wp-content\/uploads\/2024\/09\/Foto-Il-Goriziano-6-300x300.jpg",300,300,true],"thumbrelated":["https:\/\/imagazine.it\/wp-content\/uploads\/2024\/09\/Foto-Il-Goriziano-6-500x500.jpg",500,500,true],"meccarouselthumb":["https:\/\/imagazine.it\/wp-content\/uploads\/2024\/09\/Foto-Il-Goriziano-6-474x324.jpg",474,324,true],"gridsquare":["https:\/\/imagazine.it\/wp-content\/uploads\/2024\/09\/Foto-Il-Goriziano-6-391x260.jpg",391,260,true],"tileview":["https:\/\/imagazine.it\/wp-content\/uploads\/2024\/09\/Foto-Il-Goriziano-6-300x400.jpg",300,400,true],"1536x1536":["https:\/\/imagazine.it\/wp-content\/uploads\/2024\/09\/Foto-Il-Goriziano-6.jpg",1366,831,false],"2048x2048":["https:\/\/imagazine.it\/wp-content\/uploads\/2024\/09\/Foto-Il-Goriziano-6.jpg",1366,831,false],"newsup-slider-full":["https:\/\/imagazine.it\/wp-content\/uploads\/2024\/09\/Foto-Il-Goriziano-6-1280x720.jpg",1280,720,true],"newsup-featured":["https:\/\/imagazine.it\/wp-content\/uploads\/2024\/09\/Foto-Il-Goriziano-6-1024x623.jpg",1024,623,true],"newsup-medium":["https:\/\/imagazine.it\/wp-content\/uploads\/2024\/09\/Foto-Il-Goriziano-6-720x380.jpg",720,380,true],"tptn_thumbnail":["https:\/\/imagazine.it\/wp-content\/uploads\/2024\/09\/Foto-Il-Goriziano-6-250x210.jpg",250,210,true],"sow-carousel-default":["https:\/\/imagazine.it\/wp-content\/uploads\/2024\/09\/Foto-Il-Goriziano-6-272x182.jpg",272,182,true]},"rttpg_author":{"display_name":"redazione","author_link":"https:\/\/imagazine.it\/home_desk\/author\/redazione\/"},"rttpg_comment":0,"rttpg_category":"<a href=\"https:\/\/imagazine.it\/home_desk\/category\/societa\/\" rel=\"category tag\">SOCIET\u00c0<\/a>","rttpg_excerpt":"Tradizionale giornata inclusiva assieme alla sezione goriziana dell\u2019Unione Italiana Ciechi e Ipovedenti. Con un laboratorio sensoriale","_links":{"self":[{"href":"https:\/\/imagazine.it\/home_desk\/wp-json\/wp\/v2\/posts\/58563","targetHints":{"allow":["GET"]}}],"collection":[{"href":"https:\/\/imagazine.it\/home_desk\/wp-json\/wp\/v2\/posts"}],"about":[{"href":"https:\/\/imagazine.it\/home_desk\/wp-json\/wp\/v2\/types\/post"}],"author":[{"embeddable":true,"href":"https:\/\/imagazine.it\/home_desk\/wp-json\/wp\/v2\/users\/28"}],"replies":[{"embeddable":true,"href":"https:\/\/imagazine.it\/home_desk\/wp-json\/wp\/v2\/comments?post=58563"}],"version-history":[{"count":0,"href":"https:\/\/imagazine.it\/home_desk\/wp-json\/wp\/v2\/posts\/58563\/revisions"}],"wp:featuredmedia":[{"embeddable":true,"href":"https:\/\/imagazine.it\/home_desk\/wp-json\/wp\/v2\/media\/58564"}],"wp:attachment":[{"href":"https:\/\/imagazine.it\/home_desk\/wp-json\/wp\/v2\/media?parent=58563"}],"wp:term":[{"taxonomy":"category","embeddable":true,"href":"https:\/\/imagazine.it\/home_desk\/wp-json\/wp\/v2\/categories?post=58563"},{"taxonomy":"post_tag","embeddable":true,"href":"https:\/\/imagazine.it\/home_desk\/wp-json\/wp\/v2\/tags?post=58563"}],"curies":[{"name":"wp","href":"https:\/\/api.w.org\/{rel}","templated":true}]}}