{"id":58404,"date":"2024-09-10T15:28:06","date_gmt":"2024-09-10T13:28:06","guid":{"rendered":"https:\/\/imagazine.it\/home_desk\/?p=58404"},"modified":"2024-09-12T12:53:46","modified_gmt":"2024-09-12T10:53:46","slug":"gusti-di-frontiera-e-qui-la-festa","status":"publish","type":"post","link":"https:\/\/imagazine.it\/home_desk\/gusti-di-frontiera-e-qui-la-festa\/","title":{"rendered":"Gusti di Frontiera: \u00e8 qui la festa"},"content":{"rendered":"<p>GORIZIA \u2013 In vista della 19\u00aa edizione, in programma da <strong>gioved\u00ec 26 a domenica 29 settembre<\/strong>,<strong> Gusti di Frontiera<\/strong> svela le carte del suo <strong>mappamondo di gusti e sapori<\/strong> e del cartellone di <strong>eventi<\/strong>.<\/p>\n<p>Con <strong>350 stand<\/strong> in <strong>rappresentanza di 45 diversi Paesi <\/strong>dai cinque continenti, radunati, come da tradizione, in <strong>14 Borghi<\/strong> distribuiti nell\u2019intera superfice del centro citt\u00e0, <strong>Gorizia<\/strong> si conferma capitale dei <strong>sapori dal mondo<\/strong>.<\/p>\n<p>Tra cibo di strada, piatti legati alla tradizione e specialit\u00e0 pi\u00f9 spiccatamente esotiche, la geografia del gusto proporr\u00e0 <strong>Borgo Italia<\/strong> che dar\u00e0 spazio a tutte le regioni italiane, compreso <strong>Borgo Friuli Venezia Giulia,<\/strong> con tutta la migliore enogastronomia della regione ospitante. L\u2019Europa sar\u00e0 suddivisa in <strong>Borgo Nord Europa<\/strong>, <strong>Borgo Europa Centrale<\/strong> e <strong>Borgo Slovenia e Balcan<\/strong>i. Un posto a s\u00e9 stante per <strong>Borgo Francia<\/strong> e per <strong>Borgo Iberico. <\/strong>Spiccano anche il <strong>Borgo Latino e Americano<\/strong>, <strong>Borgo Oriente<\/strong> e la new entry <strong>Borgo Dolci Gusti,<\/strong> che raduna le tante <strong>proposte dolci<\/strong> giunte agli organizzatori.<\/p>\n<p>Nel grande villaggio del gusto trovano posto anche le gettonatissime offerte di <strong>Borgo Truckfood<\/strong>.<\/p>\n<p>Un grande ritorno alle origini \u00e8 rappresentato da <strong>\u201cGusti in Piazza\u201d<\/strong>: le <strong>Piazze Cavour e Sant&#8217;Antonio<\/strong> ospiteranno gli <strong>stand istituzionali<\/strong>, tra tutti <strong>\u201c<em>IoSonoFVG<\/em>\u201d<\/strong>, a cura di <strong>Promoturismo FVG<\/strong>.<\/p>\n<p>In <strong>Piazza Sant\u2019Antonio<\/strong> trover\u00e0 spazio anche il rinnovato <strong>Salotto del Gusto<\/strong>, un\u2019arena che ospiter\u00e0 per quattro giorni <strong>incontri, presentazioni editoriali e talk<\/strong>, il tutto <strong>anche in <em>live streaming<\/em><\/strong>, con protagonisti della scena locale del food e \u201cstelle\u201d del panorama culinario nazionale.<\/p>\n<p>Curato dai giornalisti <strong>Nicola Santini e Fabiana Romanutti<\/strong>, sar\u00e0 proprio il <strong>Salotto del Gusto<\/strong> a ospitare, <strong>gioved\u00ec 26 settembre, l\u2019inaugurazione ufficiale <\/strong>della manifestazione: un evento affidato, a partire dalla 17, ad un volto del piccolo schermo, <strong>Tessa Gelisio<\/strong>, alla guida del programma di Italia1 <em>Cotto e Mangiato<\/em>.<\/p>\n<p>Ad affiancare sul palco la \u201cmadrina\u201d ufficiale di questa edizione, l\u2019autore televisivo <strong>Aldo Dalla Vecchia<\/strong>. A precedere l\u2019incontro, nello stand di PromoTurismo, che cura l\u2019appuntamento, l\u2019esibizione del violinista<strong> Pierpaolo Foti<\/strong>.<\/p>\n<p>Il Salotto proporr\u00e0 <strong>quattro giornate tematiche<\/strong>, alternando \u201c<strong>La cucina in Tv\u201d, \u201cMangiare con gli occhi: La cucina fotografata scritta raccontata\u201d, \u201cParole da mangiare: la cucina in radio\u201d e infine \u201cDal live al web<\/strong>\u201d.<\/p>\n<p>Tra gli ospiti attesi lo<strong> chef e conduttore televisivo<\/strong> <strong>Andrea Mainardi<\/strong>, la conduttrice televisiva e radiofonica <strong>Francesca Barberini, <\/strong>l\u2019autore e conduttore di Radio Radio <strong>Francesco Vergovich<\/strong>, <strong>Isabella Brega<\/strong> firma storica del Touring Club Italiano, <strong>Tea Orizio Food Creator <\/strong>del network Giallo Zafferano, la food influencer <strong>Fiorella Breglia<\/strong>, lo storico della cucina italiana <strong>Carlo Spallino Centonze<\/strong>.<\/p>\n<p>A suggellare il cartellone del Salotto del Gusto in programma domenica l\u2019assegnazione di due Premi speciali: il <em>Premio Gusti di Frontiera alla carriera<\/em> e il <em>Premio Salotto del Gusto all\u2019innovazione<\/em>.<\/p>\n<p><strong>Gli stand di Gusti di Frontiera 2024 apriranno gioved\u00ec 26 alle 13<\/strong> per restare aperti fino all\u2019<strong>1<\/strong>; <strong>venerd\u00ec e<\/strong> <strong>sabato orario 10.30\u201303<\/strong> mentre <strong>domenica dalle 10.30 alle 24.<\/strong><\/p>\n<p><strong>Numerose le aperture straordinarie o gratuite di luoghi culturali e delle mostre in occasione della manifestazione, <\/strong>a partire<strong> dall\u2019ingresso gratuito in Castello<\/strong> (gioved\u00ec dalla 15 alle 20, da venerd\u00ec a domenica dalla 10 alle 18) del <strong>Museo del confine Lasciapassare\/Prepustnica<\/strong>, al Valico del Rafut (venerd\u00ec, sabato e domenica dalla 10 alle 18) dove \u00e8 possibile visitare la mostra fotografica e multimediale alla scoperta della storia di Gorizia, Nova Gorica e del confine \u201cStorie e memorie di una citt\u00e0 di confine\u201d.<\/p>\n<p>Ingresso gratuito anche al <strong>Museo ERPAC di Palazzo Attems Petzenstein a Borgo Castello<\/strong> (Piazza Edmondo De Amicis) per le mostre \u201c<strong>Italia Sessanta<\/strong>. Arte, Moda e Design. Dal Boom al Pop\u201d e \u201cMemorie di un Museo 1924 &#8211; 2024. <strong>Il racconto della Grande Guerra<\/strong>\u201d.<\/p>\n<p>Gioved\u00ec 26 settembre alle 19.00 \u00e8 prevista una Visita guidata a Palazzo Attems mentre alle 21.00 \u00e8 previsto l\u2019evento gratuito \u201cLe parfait danser. Musica da danza dell\u2019Europa medievale dal XIII al XVI secolo. Ensemble di Alta Cappella Into the wind (Francia)\u201d. Un concerto organizzato dal Dramsam &#8211; Centro Giuliano di Musica Antica per il festival Musica Cortese 2024.<\/p>\n<p>A <strong>Palazzo Coronini <\/strong>sar\u00e0 possibile visitare la mostra \u201c<strong>Storie di Montagna a Palazzo Coronini. Julius Kugy e donne in quota<\/strong>\u201d mentre al<strong> Piano Nobile del Palazzo municipale<\/strong> \u00e8 allestita la Mostra d\u2019arte Bonsai e Suiseki, a cura del Bonsai Club Gorizia.<\/p>\n<p>La sala espositiva della Fondazione Cassa di Risparmio di Gorizia, in via Carducci, apre le porte al suo <strong>Smart Space<\/strong> con un viaggio immersivo nella storia di Gorizia (gioved\u00ec 26 e venerd\u00ec 27 settembre visite alle 16 e alle 17.30; sabato 28 e domenica 29: visite alle 10, 11.30, 16 e 17.30).<\/p>\n<p><strong>Promoturismo<\/strong> proporr\u00e0 una serie di <strong>visite guidate<\/strong>: <strong>sabato 28 e domenica 29 settembre<\/strong> alle 10.30, \u201c<strong>Atmosfere goriziane<\/strong>\u201d: dal colle su cui sorge l\u2019imponente castello si pu\u00f2 vedere in un solo istante Gorizia, il Collio, la zona del Brda, il fiume Isonzo simbolo della Prima Guerra Mondiale e i tre rilievi su cui si sono svolte alcune delle battaglie pi\u00f9 importanti della Grande Guerra in Italia: Calvario, Sabotino e San Michele.<\/p>\n<p>Punto d\u2019incontro: Infopoint PromoTurismoFVG- Gorizia, Corso Italia 9. <strong>Sempre sabato e domenica<\/strong>, alle 15.00, la visita \u201cGorizia. Una storia di frontiera\u201d: la travagliata storia della citt\u00e0 nel Novecento si racconta avvicinandosi al confine. Punto d\u2019incontro: Piazza Vittoria &#8211; colonna di Sant\u2019Ignazio.<strong> Per info e prenotazioni: <\/strong>0481 535764 PromoTurismoFVG Info Point Gorizia<\/p>\n<p>Anche quest\u2019anno saranno attivate corse gratuite da e per i <strong>parcheggi<\/strong> di interscambio della manifestazione con corse ogni 15 minuti: Parcheggio in via A. Cordon e via Toscolano, Parcheggio SDAG, Parcheggio quartiere fieristico, Stazione ferroviaria.<\/p>\n<p>Nelle giornate della manifestazione <strong>Trenitalia effettuer\u00e0 73 treni ordinari<\/strong>, ai quali si aggiungeranno <strong>56 treni straordinari<\/strong> da e per Gorizia, con partenze al venerd\u00ec e sabato sera fino alle 3 del mattino (informazioni sul sito <span style=\"text-decoration: underline;\"><a href=\"http:\/\/www.trenitalia.com\" target=\"_blank\" rel=\"noopener\"><strong>www.trenitalia.com<\/strong><\/a><\/span>). Ogni 30 minuti, inoltre, sar\u00e0 attivo il <strong>Trenino internazionale Gorizia-Nova Gorica<\/strong> (venerd\u00ec dalle 18:00 alle 00: 00; sabato 28 dalle 11:00 alle 00:00; domenica dalle 11:00 alle 22:00).<\/p>\n","protected":false},"excerpt":{"rendered":"<p>Presentata la 19\u00aa edizione dell&#8217;evento. Oltre ai sapori di tutti i continenti, attesa per il Salotto del Gusto e per lo spazio speciale con i prodotti del territorio. Potenziati i trasporti<\/p>\n","protected":false},"author":28,"featured_media":58405,"comment_status":"closed","ping_status":"closed","sticky":false,"template":"","format":"image","meta":{"dwc-title":[""],"dwc-content":[""],"footnotes":""},"categories":[8],"tags":[576,261,826,417,43,2273],"class_list":["post-58404","post","type-post","status-publish","format-image","has-post-thumbnail","hentry","category-turismo","tag-enogastronomia","tag-eventi","tag-eventi-fvg","tag-food","tag-gorizia","tag-gusti-di-frontiera","post_format-post-format-image"],"rttpg_featured_image_url":{"full":["https:\/\/imagazine.it\/wp-content\/uploads\/2024\/09\/confstampagusti.jpg",1366,663,false],"landscape":["https:\/\/imagazine.it\/wp-content\/uploads\/2024\/09\/confstampagusti.jpg",1366,663,false],"portraits":["https:\/\/imagazine.it\/wp-content\/uploads\/2024\/09\/confstampagusti.jpg",1366,663,false],"thumbnail":["https:\/\/imagazine.it\/wp-content\/uploads\/2024\/09\/confstampagusti-150x150.jpg",150,150,true],"medium":["https:\/\/imagazine.it\/wp-content\/uploads\/2024\/09\/confstampagusti-300x146.jpg",300,146,true],"large":["https:\/\/imagazine.it\/wp-content\/uploads\/2024\/09\/confstampagusti-1024x497.jpg",640,311,true],"thumblist":["https:\/\/imagazine.it\/wp-content\/uploads\/2024\/09\/confstampagusti-300x300.jpg",300,300,true],"thumbrelated":["https:\/\/imagazine.it\/wp-content\/uploads\/2024\/09\/confstampagusti-500x500.jpg",500,500,true],"meccarouselthumb":["https:\/\/imagazine.it\/wp-content\/uploads\/2024\/09\/confstampagusti-474x324.jpg",474,324,true],"gridsquare":["https:\/\/imagazine.it\/wp-content\/uploads\/2024\/09\/confstampagusti-391x260.jpg",391,260,true],"tileview":["https:\/\/imagazine.it\/wp-content\/uploads\/2024\/09\/confstampagusti-300x400.jpg",300,400,true],"1536x1536":["https:\/\/imagazine.it\/wp-content\/uploads\/2024\/09\/confstampagusti.jpg",1366,663,false],"2048x2048":["https:\/\/imagazine.it\/wp-content\/uploads\/2024\/09\/confstampagusti.jpg",1366,663,false],"newsup-slider-full":["https:\/\/imagazine.it\/wp-content\/uploads\/2024\/09\/confstampagusti-1280x663.jpg",1280,663,true],"newsup-featured":["https:\/\/imagazine.it\/wp-content\/uploads\/2024\/09\/confstampagusti-1024x497.jpg",1024,497,true],"newsup-medium":["https:\/\/imagazine.it\/wp-content\/uploads\/2024\/09\/confstampagusti-720x380.jpg",720,380,true],"tptn_thumbnail":["https:\/\/imagazine.it\/wp-content\/uploads\/2024\/09\/confstampagusti-250x210.jpg",250,210,true],"sow-carousel-default":["https:\/\/imagazine.it\/wp-content\/uploads\/2024\/09\/confstampagusti-272x182.jpg",272,182,true]},"rttpg_author":{"display_name":"redazione","author_link":"https:\/\/imagazine.it\/home_desk\/author\/redazione\/"},"rttpg_comment":0,"rttpg_category":"<a href=\"https:\/\/imagazine.it\/home_desk\/category\/turismo\/\" rel=\"category tag\">TURISMO<\/a>","rttpg_excerpt":"Presentata la 19\u00aa edizione dell'evento. Oltre ai sapori di tutti i continenti, attesa per il Salotto del Gusto e per lo spazio speciale con i prodotti del territorio. Potenziati i trasporti","_links":{"self":[{"href":"https:\/\/imagazine.it\/home_desk\/wp-json\/wp\/v2\/posts\/58404","targetHints":{"allow":["GET"]}}],"collection":[{"href":"https:\/\/imagazine.it\/home_desk\/wp-json\/wp\/v2\/posts"}],"about":[{"href":"https:\/\/imagazine.it\/home_desk\/wp-json\/wp\/v2\/types\/post"}],"author":[{"embeddable":true,"href":"https:\/\/imagazine.it\/home_desk\/wp-json\/wp\/v2\/users\/28"}],"replies":[{"embeddable":true,"href":"https:\/\/imagazine.it\/home_desk\/wp-json\/wp\/v2\/comments?post=58404"}],"version-history":[{"count":0,"href":"https:\/\/imagazine.it\/home_desk\/wp-json\/wp\/v2\/posts\/58404\/revisions"}],"wp:featuredmedia":[{"embeddable":true,"href":"https:\/\/imagazine.it\/home_desk\/wp-json\/wp\/v2\/media\/58405"}],"wp:attachment":[{"href":"https:\/\/imagazine.it\/home_desk\/wp-json\/wp\/v2\/media?parent=58404"}],"wp:term":[{"taxonomy":"category","embeddable":true,"href":"https:\/\/imagazine.it\/home_desk\/wp-json\/wp\/v2\/categories?post=58404"},{"taxonomy":"post_tag","embeddable":true,"href":"https:\/\/imagazine.it\/home_desk\/wp-json\/wp\/v2\/tags?post=58404"}],"curies":[{"name":"wp","href":"https:\/\/api.w.org\/{rel}","templated":true}]}}