{"id":58397,"date":"2024-09-10T13:15:34","date_gmt":"2024-09-10T11:15:34","guid":{"rendered":"https:\/\/imagazine.it\/home_desk\/?p=58397"},"modified":"2024-09-12T11:56:37","modified_gmt":"2024-09-12T09:56:37","slug":"uno-spazio-di-decompressione-al-museo","status":"publish","type":"post","link":"https:\/\/imagazine.it\/home_desk\/uno-spazio-di-decompressione-al-museo\/","title":{"rendered":"Uno spazio di decompressione al museo"},"content":{"rendered":"<p>TRIESTE \u2013 Uno spazio silenzioso, tranquillo, protetto.<\/p>\n<p>Da oggi all&#8217;<strong>Immaginario Scientifico di Trieste<\/strong> \u00e8 disponibile una nuova zona museale dedicata alla<strong> decompressione sensoriale<\/strong> all&#8217;interno del percorso espositivo.<\/p>\n<p>Questo spazio \u00e8 frutto della collaborazione fra <strong>Immaginario Scientifico<\/strong> e <strong>Universit\u00e0 di Trieste, con il contributo di Fondosviluppo FVG<\/strong>.<\/p>\n<p>\u00c8 una zona di rifugio per chi, durante la visita in un ambiente cos\u00ec dinamico e socializzante come il museo della scienza, possa necessitare di una pausa per riequilibrare i propri sensi.<\/p>\n<p>Lo spazio \u00e8 stato presentato da <strong>Serena Mizzan<\/strong>, presidente e direttrice dell\u2019Immaginario Scientifico, <strong>Serena Tonel<\/strong>, vicesindaco del Comune di Trieste, <strong>Giuseppe Graffi Brunoro<\/strong>, presidente di Fondosviluppo FVG, <strong>Caterina Falbo<\/strong>, collaboratrice del Rettore per Terza missione e divulgazione scientifica dell\u2019Universit\u00e0 di Trieste, <strong>Massimo Tognolli<\/strong>, assessore alle Politiche Sociali e al Welfare del Comune di Trieste, <strong>Giuseppina Scavuzzo<\/strong>, professoressa associata in Composizione architettonica e urbana all\u2019Universit\u00e0 di Trieste, ed <strong>Elena Bulfone<\/strong>, presidente della Fondazione ProgettoAutismo FVG Onlus.<\/p>\n<p><img loading=\"lazy\" decoding=\"async\" class=\"aligncenter size-full wp-image-58401\" src=\"https:\/\/imagazine.it\/wp-content\/uploads\/2024\/09\/newStanza.jpeg\" alt=\"\" width=\"1000\" height=\"700\" title=\"\" srcset=\"https:\/\/imagazine.it\/wp-content\/uploads\/2024\/09\/newStanza.jpeg 1000w, https:\/\/imagazine.it\/wp-content\/uploads\/2024\/09\/newStanza-300x210.jpeg 300w, https:\/\/imagazine.it\/wp-content\/uploads\/2024\/09\/newStanza-768x538.jpeg 768w\" sizes=\"auto, (max-width: 1000px) 100vw, 1000px\" \/><\/p>\n<h3>A chi \u00e8 rivolto<\/h3>\n<p>L\u2019iniziativa nasce dall&#8217;esigenza di rendere il museo sempre pi\u00f9 <strong>inclusivo<\/strong> per tutti i visitatori, in particolare per le persone con <strong>atipicit\u00e0 sensoriali<\/strong>, come coloro nello <strong>spettro autistico<\/strong>, <strong>anziani<\/strong> o persone con <strong>disturbi neurodegenerativi<\/strong>.<\/p>\n<p>Lo spazio di decompressione comprende una <strong>particolare seduta<\/strong>, rivestita in materiale fonoassorbente, conosciuta come &#8220;<em>Alone-Together Seat<\/em>&#8220;.<\/p>\n<p><img loading=\"lazy\" decoding=\"async\" class=\"aligncenter size-full wp-image-58399\" src=\"https:\/\/imagazine.it\/wp-content\/uploads\/2024\/09\/Rifugio-Sensoriale-Immaginario-Scientifico-03.jpg\" alt=\"\" width=\"1000\" height=\"750\" title=\"\" srcset=\"https:\/\/imagazine.it\/wp-content\/uploads\/2024\/09\/Rifugio-Sensoriale-Immaginario-Scientifico-03.jpg 1000w, https:\/\/imagazine.it\/wp-content\/uploads\/2024\/09\/Rifugio-Sensoriale-Immaginario-Scientifico-03-300x225.jpg 300w, https:\/\/imagazine.it\/wp-content\/uploads\/2024\/09\/Rifugio-Sensoriale-Immaginario-Scientifico-03-768x576.jpg 768w\" sizes=\"auto, (max-width: 1000px) 100vw, 1000px\" \/><\/p>\n<p>Questo innovativo elemento d&#8217;arredo \u00e8 stato realizzato nell&#8217;ambito del progetto di ricerca europeo <em>La casa sensibile Senshome<\/em>, guidato dalla professoressa Scavuzzo del Dipartimento di Ingegneria e Architettura dell&#8217;Universit\u00e0 di Trieste.<\/p>\n<p>Originariamente progettata per ambienti residenziali, grazie all&#8217;evoluzione del progetto (ora <em>BeSenshome<\/em>) la seduta \u00e8 stata adattata per il contesto museale. \u00c8 pensata per favorire il benessere sensoriale di persone con autismo o altre disabilit\u00e0 sensoriali e cognitive, e pu\u00f2 ospitare fino a due persone, offrendo cos\u00ec uno spazio tranquillo anche per altre esigenze, come per esempio l&#8217;<strong>allattamento<\/strong> o per tutte le situazioni in cui si prova un <strong>sovraccarico sensoriale<\/strong>.<\/p>\n<p>A completare l&#8217;area rifugio vi sono degli elementi in <strong>materiale fonoassorbente<\/strong> che riducono i rumori, e due pannelli informativi, anch&#8217;essi in materiale fonoassorbente, forniti gratuitamente da Eternoivica s.r.l. di Padova.<\/p>\n<p>I pannelli informativi offrono <strong>spiegazioni <\/strong>su temi come la percezione del suono, il sovraccarico sensoriale e le atipicit\u00e0 sensoriali, il funzionamento dei materiali fonoassorbenti e fonoisolanti.<\/p>\n<p>Il nuovo spazio non \u00e8 dunque solo un luogo di pausa e rifugio, ma anche uno strumento di <strong>divulgazione scientifica<\/strong>. Racconta al pubblico le ricerche multidisciplinari condotte dall&#8217;Universit\u00e0 di Trieste, con particolare attenzione all&#8217;importanza delle neurodiversit\u00e0 e delle atipicit\u00e0 sensoriali.<\/p>\n<p>Consolidando la presenza dell&#8217;Universit\u00e0 all&#8217;Immaginario Scientifico<em>,<\/em> lo spazio appena inaugurato testimonia l&#8217;impegno anche dell&#8217;Ateneo di promuovere <strong>accessibilit\u00e0 e inclusione<\/strong>.<\/p>\n<p>Durante gli orari di apertura del museo lo spazio sar\u00e0 sempre disponibile.<\/p>\n<p>Per maggiori informazioni: <span style=\"text-decoration: underline;\"><a href=\"http:\/\/www.immaginarioscientifico.it\/\" target=\"_blank\" rel=\"noopener\">www.immaginarioscientifico.it<\/a><\/span><\/p>\n","protected":false},"excerpt":{"rendered":"<p>All&#8217;Immaginario Scientifico di Trieste apre una nuova zona per la \u201cdecompressione sensoriale\u201d, per persone con disabilit\u00e0 sensoriali o cognitive<\/p>\n","protected":false},"author":28,"featured_media":58398,"comment_status":"closed","ping_status":"closed","sticky":false,"template":"","format":"image","meta":{"dwc-title":[""],"dwc-content":[""],"footnotes":""},"categories":[5],"tags":[189,252,885,98,65,388],"class_list":["post-58397","post","type-post","status-publish","format-image","has-post-thumbnail","hentry","category-attualita","tag-anziani","tag-autismo","tag-inclusione","tag-ricerca","tag-trieste","tag-universita","post_format-post-format-image"],"rttpg_featured_image_url":{"full":["https:\/\/imagazine.it\/wp-content\/uploads\/2024\/09\/Rifugio-Sensoriale-Immaginario-Scientifico-02.jpg",1366,824,false],"landscape":["https:\/\/imagazine.it\/wp-content\/uploads\/2024\/09\/Rifugio-Sensoriale-Immaginario-Scientifico-02.jpg",1366,824,false],"portraits":["https:\/\/imagazine.it\/wp-content\/uploads\/2024\/09\/Rifugio-Sensoriale-Immaginario-Scientifico-02.jpg",1366,824,false],"thumbnail":["https:\/\/imagazine.it\/wp-content\/uploads\/2024\/09\/Rifugio-Sensoriale-Immaginario-Scientifico-02-150x150.jpg",150,150,true],"medium":["https:\/\/imagazine.it\/wp-content\/uploads\/2024\/09\/Rifugio-Sensoriale-Immaginario-Scientifico-02-300x181.jpg",300,181,true],"large":["https:\/\/imagazine.it\/wp-content\/uploads\/2024\/09\/Rifugio-Sensoriale-Immaginario-Scientifico-02-1024x618.jpg",640,386,true],"thumblist":["https:\/\/imagazine.it\/wp-content\/uploads\/2024\/09\/Rifugio-Sensoriale-Immaginario-Scientifico-02-300x300.jpg",300,300,true],"thumbrelated":["https:\/\/imagazine.it\/wp-content\/uploads\/2024\/09\/Rifugio-Sensoriale-Immaginario-Scientifico-02-500x500.jpg",500,500,true],"meccarouselthumb":["https:\/\/imagazine.it\/wp-content\/uploads\/2024\/09\/Rifugio-Sensoriale-Immaginario-Scientifico-02-474x324.jpg",474,324,true],"gridsquare":["https:\/\/imagazine.it\/wp-content\/uploads\/2024\/09\/Rifugio-Sensoriale-Immaginario-Scientifico-02-391x260.jpg",391,260,true],"tileview":["https:\/\/imagazine.it\/wp-content\/uploads\/2024\/09\/Rifugio-Sensoriale-Immaginario-Scientifico-02-300x400.jpg",300,400,true],"1536x1536":["https:\/\/imagazine.it\/wp-content\/uploads\/2024\/09\/Rifugio-Sensoriale-Immaginario-Scientifico-02.jpg",1366,824,false],"2048x2048":["https:\/\/imagazine.it\/wp-content\/uploads\/2024\/09\/Rifugio-Sensoriale-Immaginario-Scientifico-02.jpg",1366,824,false],"newsup-slider-full":["https:\/\/imagazine.it\/wp-content\/uploads\/2024\/09\/Rifugio-Sensoriale-Immaginario-Scientifico-02-1280x720.jpg",1280,720,true],"newsup-featured":["https:\/\/imagazine.it\/wp-content\/uploads\/2024\/09\/Rifugio-Sensoriale-Immaginario-Scientifico-02-1024x618.jpg",1024,618,true],"newsup-medium":["https:\/\/imagazine.it\/wp-content\/uploads\/2024\/09\/Rifugio-Sensoriale-Immaginario-Scientifico-02-720x380.jpg",720,380,true],"tptn_thumbnail":["https:\/\/imagazine.it\/wp-content\/uploads\/2024\/09\/Rifugio-Sensoriale-Immaginario-Scientifico-02-250x210.jpg",250,210,true],"sow-carousel-default":["https:\/\/imagazine.it\/wp-content\/uploads\/2024\/09\/Rifugio-Sensoriale-Immaginario-Scientifico-02-272x182.jpg",272,182,true]},"rttpg_author":{"display_name":"redazione","author_link":"https:\/\/imagazine.it\/home_desk\/author\/redazione\/"},"rttpg_comment":0,"rttpg_category":"<a href=\"https:\/\/imagazine.it\/home_desk\/category\/attualita\/\" rel=\"category tag\">ATTUALIT\u00c0<\/a>","rttpg_excerpt":"All'Immaginario Scientifico di Trieste apre una nuova zona per la \u201cdecompressione sensoriale\u201d, per persone con disabilit\u00e0 sensoriali o cognitive","_links":{"self":[{"href":"https:\/\/imagazine.it\/home_desk\/wp-json\/wp\/v2\/posts\/58397","targetHints":{"allow":["GET"]}}],"collection":[{"href":"https:\/\/imagazine.it\/home_desk\/wp-json\/wp\/v2\/posts"}],"about":[{"href":"https:\/\/imagazine.it\/home_desk\/wp-json\/wp\/v2\/types\/post"}],"author":[{"embeddable":true,"href":"https:\/\/imagazine.it\/home_desk\/wp-json\/wp\/v2\/users\/28"}],"replies":[{"embeddable":true,"href":"https:\/\/imagazine.it\/home_desk\/wp-json\/wp\/v2\/comments?post=58397"}],"version-history":[{"count":0,"href":"https:\/\/imagazine.it\/home_desk\/wp-json\/wp\/v2\/posts\/58397\/revisions"}],"wp:featuredmedia":[{"embeddable":true,"href":"https:\/\/imagazine.it\/home_desk\/wp-json\/wp\/v2\/media\/58398"}],"wp:attachment":[{"href":"https:\/\/imagazine.it\/home_desk\/wp-json\/wp\/v2\/media?parent=58397"}],"wp:term":[{"taxonomy":"category","embeddable":true,"href":"https:\/\/imagazine.it\/home_desk\/wp-json\/wp\/v2\/categories?post=58397"},{"taxonomy":"post_tag","embeddable":true,"href":"https:\/\/imagazine.it\/home_desk\/wp-json\/wp\/v2\/tags?post=58397"}],"curies":[{"name":"wp","href":"https:\/\/api.w.org\/{rel}","templated":true}]}}