{"id":58284,"date":"2024-09-04T18:43:51","date_gmt":"2024-09-04T16:43:51","guid":{"rendered":"https:\/\/imagazine.it\/home_desk\/?p=58284"},"modified":"2024-09-06T12:23:58","modified_gmt":"2024-09-06T10:23:58","slug":"nuove-relazioni-per-il-teatro-di-monfalcone","status":"publish","type":"post","link":"https:\/\/imagazine.it\/home_desk\/nuove-relazioni-per-il-teatro-di-monfalcone\/","title":{"rendered":"Nuove &#8220;Relazioni&#8221; per il Teatro di Monfalcone"},"content":{"rendered":"<p>MONFALCONE \u2013 Presentata la nuova stagione del <strong>Teatro Comunale &#8220;Marlena Bonezzi&#8221;<\/strong>, intitolata \u201cRelazioni\u201d.<\/p>\n<p>Curata dalle <strong>direzioni artistiche<\/strong> di <strong>Simone D\u2019Eusanio <\/strong>per la<strong> Musica<\/strong> e di <strong>Alberto Bevilacqua<\/strong> per la <strong>Prosa<\/strong>, la stagione propone <strong>27 appuntamenti musicali e 13 spettacoli teatrali<\/strong>, oltre a <strong>progetti didattici ed educativi<\/strong> volti ad avvicinare il pubblico e i giovani al mondo dello spettacolo dal vivo, anche attraverso un\u2019offerta artistica comprensiva di proposte contemporanee.<\/p>\n<p>La rassegna musicale \u2018Controcanto\u2019, dedicata alla musica contemporanea e ai diversi generi, si apre il <strong>18 ottobre<\/strong> con il celebre fisarmonicista <strong>Richard Galliano<\/strong>, accompagnato da <strong>Philippe Aerts<\/strong> al contrabbasso e <strong>Adrien Moignard<\/strong> alla chitarra, per un omaggio a Piazzolla e ai grandi maestri del tango e jazz, dal titolo \u2018<strong>New York Tango Trio\u2019<\/strong>.<\/p>\n<p>L&#8217;<strong>8 novembre<\/strong>, il teatro ospita &#8220;<strong>Tuorlo d&#8217;uovo<\/strong>&#8221; della <strong>Compagnia Bellanda<\/strong>, un&#8217;esplorazione dei legami di coppia ispirata al Simposio di Platone, con coreografie innovative che fondono breakdance e musica.<\/p>\n<p>Il <strong>3 dicembre<\/strong> sar\u00e0 la volta dell\u2019artista di fama mondiale <strong>Mario Biondi<\/strong>, che presenta il suo &#8220;<strong>Live 2024<\/strong>&#8220;, un tributo al cantautorato italiano con reinterpretazioni di classici come <em>La donna cannone<\/em> di De Gregori.<\/p>\n<p>Il <strong>21 febbraio 2025<\/strong>, l&#8217;opera multimediale &#8220;<strong>Caraviaggianti<\/strong>&#8220;, diretta da <strong>Rita Marcotulli<\/strong>, offrir\u00e0 una combinazione di diverse forme espressive ispirata alle opere di Caravaggio, con testi di Stefano Benni. Proseguono e chiudono la rassegna altri appuntamenti che spaziano dalle <em>performance<\/em> a cappella ai ritmi della musica elettronica dal vivo.<\/p>\n<p>Parallelamente, la stagione musicale promette di coinvolgere il pubblico con diverse suggestioni ed emozioni.<\/p>\n<p>Ad aprire il cartellone il <strong>15 novembre<\/strong> ci sar\u00e0 l&#8217;<strong>Atos Trio<\/strong>, che offrir\u00e0 un concerto di <strong>musica da camera <\/strong>dal titolo<strong> <em>Tre voci e un suono<\/em><\/strong>.<\/p>\n<p>Il violinista <strong>Ning Feng<\/strong> si esibir\u00e0 il <strong>6 dicembre<\/strong> con il concerto <strong>Le vette del virtuosismo<\/strong>, mentre, a inaugurare il nuovo anno, il <strong>10 gennaio 2025<\/strong> <strong>Anna Maria Chiuri<\/strong> e il <strong>Trio Rachmaninov <\/strong>porteranno in scena un repertorio operistico dedicato a figure femminili dal titolo <strong><em>Gitane, Zingarelle, streghe e nobildonne<\/em><\/strong>.<\/p>\n<p>Un altro appuntamento di spicco attende il pubblico il <strong>14 febbraio<\/strong>, con <strong>Stefan Milenkovich<\/strong> ed <strong>Enrico Bronz<\/strong>i, che proporranno <strong><em>Tre secoli in Duo<\/em><\/strong>, progetto che esplora la continuit\u00e0 della musica attraverso le epoche.<\/p>\n<p>Il <strong>7 marzo<\/strong>, <strong>Beethoven in Vermont<\/strong> porter\u00e0 una riflessione sulle relazioni artistiche e umane con il vivace <strong>Trio Metamorphosi<\/strong> per una rappresentazione scenica che immagina il dialogo tra i musicisti della \u2018vecchia Europa\u2019 e i loro giovani allievi americani.<\/p>\n<p>Si conferma la rassegna collaterale &#8220;<strong>Concerti per Organo<\/strong>&#8220;, quattro appuntamenti a ingresso libero in collaborazione con tre parrocchie del territorio, che offrono l\u2019opportunit\u00e0 di ascoltare il maestoso suono dell\u2019organo in contesti storici.<\/p>\n<p>Per quanto riguarda la stagione di prosa, realizzata insieme all\u2019ERT, il programma prevede <strong>13 spettacoli<\/strong> che combinano grandi classici, novit\u00e0 contemporanee e progetti innovativi.<\/p>\n<p>Il cartellone apre il <strong>5 e 6 novembre<\/strong> con <strong>Massimo Lopez e Tullio Solenghi<\/strong> e il loro spettacolo <strong><em>Dove eravamo rimasti<\/em><\/strong>, un mix di sketch comici e brani musicali.<\/p>\n<p>Il <strong>30 novembre e 1<\/strong>\u00b0 dicembre <strong><em>I ragazzi irresistibili<\/em> di Neil Simon<\/strong>, con Umberto Orsini e Franco Branciaroli, mette in scena due anziani attori di variet\u00e0 che cercano di ricucire il loro rapporto.<\/p>\n<p>Tra i titoli di spicco, <em><strong>Re Lear<\/strong><\/em><strong> di William Shakespeare<\/strong> il <strong>17 e 18 dicembre<\/strong>, diretto da Ferdinando Bruni e Francesco Frongia, che promette una reinterpretazione potente del classico shakespeariano.<\/p>\n<p>Il <strong>28 febbraio e 1\u00b0 marzo<\/strong> andr\u00e0 in scena <strong><em>Crisi di nervi<\/em><\/strong>, tre atti unici di <strong>Anton \u010cechov<\/strong>, diretti dal celebre regista Peter Stein.<\/p>\n<p>Anche la commedia <em><strong>Amanti<\/strong><\/em> di <strong>Ivan Cotroneo<\/strong> (21 e 22 gennaio 2025) e lo spettacolo <em><strong>Il sogno di una cosa<\/strong><\/em> (8 e 9 febbraio 2025), tratto dall\u2019omonimo romanzo di <strong>Pier Paolo Pasolini<\/strong>, offrono una visione intrigante e riflessiva sui rapporti umani.<\/p>\n<p>Il <strong>25 e 26 marzo<\/strong>, <strong>Giacomo Poretti e Daniela Cristofori<\/strong> saranno i protagonisti di <strong><em>Condominio Mon Amour<\/em><\/strong>, una commedia che esplora il contrasto tra rapporti umani e logiche moderne di automazione.<\/p>\n<p>A chiudere la stagione, il <strong>2 e 3 aprile<\/strong>, sar\u00e0 Neri Marcor\u00e8 con <strong><em>La Buona Novella<\/em><\/strong>, ispirata alle canzoni di <strong>Fabrizio De Andr\u00e9<\/strong>. Lo spettacolo, una Sacra Rappresentazione moderna, unisce musica e prosa per narrare episodi tratti dai vangeli apocrifi.<\/p>\n<p>Tra gli appuntamenti della rassegna di prosa &#8220;FuturaMente&#8221;, \u00e8 stato menzionato anche <em><strong>Teatro Delusio<\/strong><\/em> della compagnia <strong>Familie Fl\u00f6z<\/strong>, che andr\u00e0 in scena il <strong>20 febbraio<\/strong> 2025. Il pubblico sar\u00e0 trasportato dietro le quinte di un teatro, dove i tecnici diventano protagonisti di un mondo fatto di illusioni, tra danza, acrobazia e clownerie.<\/p>\n<p>L&#8217;<strong>11 marzo <\/strong>arriva <em><strong>Supplici<\/strong><\/em><strong> di Euripide<\/strong>, in una potente rilettura di, che esplora temi come la democrazia, il pacifismo e l&#8217;umanit\u00e0.<\/p>\n<p>Il <strong>21 marzo<\/strong>, <strong>Pierpaolo Spollon<\/strong> presenter\u00e0 <em><strong>Quel che provo dir non so<\/strong><\/em>, un monologo che indaga la natura delle emozioni e la loro importanza, coinvolgendo il pubblico in un percorso introspettivo e di scoperta personale.<\/p>\n<p>Oltre ai cartelloni principali, la stagione offre iniziative educative rivolte al pubblico e agli studenti.<\/p>\n<p>Il progetto &#8220;<strong>Dentro la Scena<\/strong>&#8221; coinvolge le scuole primarie e secondarie in percorsi di approfondimento dedicati agli spettacoli di prosa e musica.<\/p>\n<p>Parallelamente, la rassegna &#8220;<strong>Dietro le Quinte<\/strong>&#8221; propone incontri serali per il pubblico e le visite guidate &#8220;<strong>Dietro il Sipario<\/strong>&#8220;, che permettono agli studenti di scoprire i segreti del dietro le quinte del teatro.<\/p>\n<p><strong>Dal 5 ottobre<\/strong> i <strong>possessori di Card e Abbonamenti<\/strong> avranno l&#8217;opportunit\u00e0 di <strong>acquistare da subito i biglietti per tutta la stagione<\/strong>, cos\u00ec da avere una maggiore libert\u00e0 di scelta e flessibilit\u00e0.<\/p>\n<p>A partire <strong>dal 19 ottobre<\/strong>, anche il pubblico potr\u00e0 acquistare i singoli biglietti per l&#8217;intero cartellone.<\/p>\n<p><strong>Invariat<\/strong>i invece rimangono <strong>i prezzi di card, abbonamenti e singoli biglietti<\/strong>.<\/p>\n<p>La nuova stagione \u00e8 stata presentata dall\u2019assessore alla Cultura del Comune di Monfalcone,<strong> Luca Fasan<\/strong>, dal consigliere regionale<strong> Antonio Calligaris<\/strong>, dal direttore Prosa <strong>Alberto Bevilacqua<\/strong> (Ente Regionale Teatrale del Friuli Venezia Giulia), dal direttore Musica <strong>Simone D\u2019Eusanio<\/strong> e dal presidente della Fondazione Carigo, <strong>Alberto Bergamin<\/strong>.<\/p>\n","protected":false},"excerpt":{"rendered":"<p>Svelata la stagione artistica del &#8220;Marlena Bonezzi&#8221;. Apertura con la fisarmonica di Richard Galliano. In tutto 27 appuntamenti musicali e 13 spettacoli teatrali<\/p>\n","protected":false},"author":28,"featured_media":58285,"comment_status":"closed","ping_status":"closed","sticky":false,"template":"","format":"image","meta":{"dwc-title":[""],"dwc-content":[""],"footnotes":""},"categories":[37],"tags":[261,826,51,821,52],"class_list":["post-58284","post","type-post","status-publish","format-image","has-post-thumbnail","hentry","category-cultura-e-spettacolo","tag-eventi","tag-eventi-fvg","tag-monfalcone","tag-spettacoli","tag-teatro","post_format-post-format-image"],"rttpg_featured_image_url":{"full":["https:\/\/imagazine.it\/wp-content\/uploads\/2024\/09\/04.09.2024-Presentazione-stagione-teatrale-Monfalcone_064.jpg",1366,845,false],"landscape":["https:\/\/imagazine.it\/wp-content\/uploads\/2024\/09\/04.09.2024-Presentazione-stagione-teatrale-Monfalcone_064.jpg",1366,845,false],"portraits":["https:\/\/imagazine.it\/wp-content\/uploads\/2024\/09\/04.09.2024-Presentazione-stagione-teatrale-Monfalcone_064.jpg",1366,845,false],"thumbnail":["https:\/\/imagazine.it\/wp-content\/uploads\/2024\/09\/04.09.2024-Presentazione-stagione-teatrale-Monfalcone_064-150x150.jpg",150,150,true],"medium":["https:\/\/imagazine.it\/wp-content\/uploads\/2024\/09\/04.09.2024-Presentazione-stagione-teatrale-Monfalcone_064-300x186.jpg",300,186,true],"large":["https:\/\/imagazine.it\/wp-content\/uploads\/2024\/09\/04.09.2024-Presentazione-stagione-teatrale-Monfalcone_064-1024x633.jpg",640,396,true],"thumblist":["https:\/\/imagazine.it\/wp-content\/uploads\/2024\/09\/04.09.2024-Presentazione-stagione-teatrale-Monfalcone_064-300x300.jpg",300,300,true],"thumbrelated":["https:\/\/imagazine.it\/wp-content\/uploads\/2024\/09\/04.09.2024-Presentazione-stagione-teatrale-Monfalcone_064-500x500.jpg",500,500,true],"meccarouselthumb":["https:\/\/imagazine.it\/wp-content\/uploads\/2024\/09\/04.09.2024-Presentazione-stagione-teatrale-Monfalcone_064-474x324.jpg",474,324,true],"gridsquare":["https:\/\/imagazine.it\/wp-content\/uploads\/2024\/09\/04.09.2024-Presentazione-stagione-teatrale-Monfalcone_064-391x260.jpg",391,260,true],"tileview":["https:\/\/imagazine.it\/wp-content\/uploads\/2024\/09\/04.09.2024-Presentazione-stagione-teatrale-Monfalcone_064-300x400.jpg",300,400,true],"1536x1536":["https:\/\/imagazine.it\/wp-content\/uploads\/2024\/09\/04.09.2024-Presentazione-stagione-teatrale-Monfalcone_064.jpg",1366,845,false],"2048x2048":["https:\/\/imagazine.it\/wp-content\/uploads\/2024\/09\/04.09.2024-Presentazione-stagione-teatrale-Monfalcone_064.jpg",1366,845,false],"newsup-slider-full":["https:\/\/imagazine.it\/wp-content\/uploads\/2024\/09\/04.09.2024-Presentazione-stagione-teatrale-Monfalcone_064-1280x720.jpg",1280,720,true],"newsup-featured":["https:\/\/imagazine.it\/wp-content\/uploads\/2024\/09\/04.09.2024-Presentazione-stagione-teatrale-Monfalcone_064-1024x633.jpg",1024,633,true],"newsup-medium":["https:\/\/imagazine.it\/wp-content\/uploads\/2024\/09\/04.09.2024-Presentazione-stagione-teatrale-Monfalcone_064-720x380.jpg",720,380,true],"tptn_thumbnail":["https:\/\/imagazine.it\/wp-content\/uploads\/2024\/09\/04.09.2024-Presentazione-stagione-teatrale-Monfalcone_064-250x210.jpg",250,210,true],"sow-carousel-default":["https:\/\/imagazine.it\/wp-content\/uploads\/2024\/09\/04.09.2024-Presentazione-stagione-teatrale-Monfalcone_064-272x182.jpg",272,182,true]},"rttpg_author":{"display_name":"redazione","author_link":"https:\/\/imagazine.it\/home_desk\/author\/redazione\/"},"rttpg_comment":0,"rttpg_category":"<a href=\"https:\/\/imagazine.it\/home_desk\/category\/cultura-e-spettacolo\/\" rel=\"category tag\">CULTURA&amp;SPETTACOLO<\/a>","rttpg_excerpt":"Svelata la stagione artistica del \"Marlena Bonezzi\". Apertura con la fisarmonica di Richard Galliano. In tutto 27 appuntamenti musicali e 13 spettacoli teatrali","_links":{"self":[{"href":"https:\/\/imagazine.it\/home_desk\/wp-json\/wp\/v2\/posts\/58284","targetHints":{"allow":["GET"]}}],"collection":[{"href":"https:\/\/imagazine.it\/home_desk\/wp-json\/wp\/v2\/posts"}],"about":[{"href":"https:\/\/imagazine.it\/home_desk\/wp-json\/wp\/v2\/types\/post"}],"author":[{"embeddable":true,"href":"https:\/\/imagazine.it\/home_desk\/wp-json\/wp\/v2\/users\/28"}],"replies":[{"embeddable":true,"href":"https:\/\/imagazine.it\/home_desk\/wp-json\/wp\/v2\/comments?post=58284"}],"version-history":[{"count":0,"href":"https:\/\/imagazine.it\/home_desk\/wp-json\/wp\/v2\/posts\/58284\/revisions"}],"wp:featuredmedia":[{"embeddable":true,"href":"https:\/\/imagazine.it\/home_desk\/wp-json\/wp\/v2\/media\/58285"}],"wp:attachment":[{"href":"https:\/\/imagazine.it\/home_desk\/wp-json\/wp\/v2\/media?parent=58284"}],"wp:term":[{"taxonomy":"category","embeddable":true,"href":"https:\/\/imagazine.it\/home_desk\/wp-json\/wp\/v2\/categories?post=58284"},{"taxonomy":"post_tag","embeddable":true,"href":"https:\/\/imagazine.it\/home_desk\/wp-json\/wp\/v2\/tags?post=58284"}],"curies":[{"name":"wp","href":"https:\/\/api.w.org\/{rel}","templated":true}]}}