{"id":58173,"date":"2024-08-28T14:40:54","date_gmt":"2024-08-28T12:40:54","guid":{"rendered":"https:\/\/imagazine.it\/home_desk\/?p=58173"},"modified":"2024-08-28T14:44:14","modified_gmt":"2024-08-28T12:44:14","slug":"capi-scout-cervignanesi-protagonisti-alla-route-nazionale","status":"publish","type":"post","link":"https:\/\/imagazine.it\/home_desk\/capi-scout-cervignanesi-protagonisti-alla-route-nazionale\/","title":{"rendered":"Capi scout cervignanesi protagonisti alla Route Nazionale"},"content":{"rendered":"<p><span style=\"font-size: 10pt;\"><em>I capi scout cervignanesi a Verona<\/em><\/span><\/p>\n<p>CERVIGNANO DEL FRIULI \u2013 Anche la <strong>Comunit\u00e0 Capi di Cervignano<\/strong> ha partecipato all\u2019evento nazionale per celebrare i <strong>50 anni della fondazione dell\u2019AGESCI<\/strong> (Associazione Guide Scout Cattolici Italiani) che nel 1974 aveva riunito in un\u2019unica grande famiglia l\u2019Agi (Associazione Guide Italiane) e l\u2019Asci (Associazione Scout Cattolici Italiani) dando vita alla nuova associazione.<\/p>\n<p>Dal 22 al 25 agosto oltre 18mila capi scout si sono ritrovati a <strong>Verona<\/strong> e, tra loro, anche <strong>11 capi del gruppo cervignanese<\/strong>.<\/p>\n<p>Sono state quattro giornate intense scandite da momenti di dialogo e confronto sul tema della felicit\u00e0, momenti di riflessione e servizio spinti dal ritmo dei passi sulla strada e dai momenti di festa.<\/p>\n<h3>Giovani ed ecologia<\/h3>\n<p>Il tema della felicit\u00e0 \u00e8 stato declinato in diversi aspetti, in particolare la <strong>Co.Ca di Cervignano<\/strong> ha voluto riflettere e portare il suo contributo nella Route Nazionale sul tema \u201c<em>Felici di prendersi cura e custodire\u201d, <\/em>forte del suo <strong>impegno pedagogico con i bambini e ragazzi della comunit\u00e0 cervignanese<\/strong> e per la cura ecologica che ha avuto nei confronti della <strong>Base e Parco Scout<\/strong>.<\/p>\n<p>Un\u2019area di ripristino ambientale e paesaggistico messa a disposizione dei ragazzi e di chiunque cerchi un posto per svolgere delle attivit\u00e0 a contatto con la natura.<\/p>\n<p>La Comunit\u00e0 Capi di Cervignano, come quelle di tutta Italia, escono da questa esperienza con rinnovato entusiasmo e solida motivazione nel portare avanti il loro impegno a favore della comunit\u00e0 attraverso la cura educativa e la crescita umana e cristiana.<\/p>\n<p><img loading=\"lazy\" decoding=\"async\" class=\"aligncenter size-full wp-image-58174\" src=\"https:\/\/imagazine.it\/wp-content\/uploads\/2024\/08\/capi-cervignano-05.jpg\" alt=\"\" width=\"1000\" height=\"581\" title=\"\" srcset=\"https:\/\/imagazine.it\/wp-content\/uploads\/2024\/08\/capi-cervignano-05.jpg 1000w, https:\/\/imagazine.it\/wp-content\/uploads\/2024\/08\/capi-cervignano-05-300x174.jpg 300w, https:\/\/imagazine.it\/wp-content\/uploads\/2024\/08\/capi-cervignano-05-768x446.jpg 768w\" sizes=\"auto, (max-width: 1000px) 100vw, 1000px\" \/><\/p>\n<h3>Il ringraziamento di Mattarella<\/h3>\n<p>Il Presidente della Repubblica, Sergio Mattarella, indirizzando un messaggio di saluto ai partecipanti dell\u2019Associazione ha richiamato come \u201c<em>La nostra societ\u00e0 deve molto al movimento, per il costante impegno educativo verso giovani e giovanissimi, per il vissuto di solidariet\u00e0, per l\u2019esperienza di libert\u00e0 di cui \u00e8 espressione, per la sensibilit\u00e0 testimoniata e fatta crescere nei confronti della madre Terra\u201d.<\/em><\/p>\n<h3>Il testamento di Baden Powell<\/h3>\n<p>Nell\u2019ultima lettera che Baden Powell rivolge agli scout, un suo \u201ctestamento spirituale\u201d, ci lasciava queste parole: <em>\u201c[&#8230;] il vero modo di essere felici \u00e8 quello di procurare la felicit\u00e0 agli altri. Preoccupatevi di lasciare questo mondo un po&#8217; migliore di come lo avete trovato e, quando suoner\u00e0 la vostra ora di morire, potrete morire felici nella coscienza di non aver sprecato il vostro tempo, ma di avere fatto &#8220;del vostro meglio&#8221;. &#8220;Siate preparati&#8221; cos\u00ec, a vivere felici e a morire felici: mantenete la vostra promessa di esploratori, anche quando non sarete pi\u00f9 ragazzi, e Dio vi aiuti in questo\u201d.<\/em><\/p>\n","protected":false},"excerpt":{"rendered":"<p>Una delegazione di 11 persone presente a Verona per celebrare i 50 anni di fondazione dell&#8217;AGESCI. Tra impegno pedagogico e cura ecologica<\/p>\n","protected":false},"author":28,"featured_media":58176,"comment_status":"closed","ping_status":"closed","sticky":false,"template":"","format":"image","meta":{"dwc-title":[""],"dwc-content":[""],"footnotes":""},"categories":[5],"tags":[66,119,198,83,1081,1871],"class_list":["post-58173","post","type-post","status-publish","format-image","has-post-thumbnail","hentry","category-attualita","tag-ambiente","tag-cervignano","tag-educazione","tag-giovani","tag-scout","tag-verona","post_format-post-format-image"],"rttpg_featured_image_url":{"full":["https:\/\/imagazine.it\/wp-content\/uploads\/2024\/08\/capi-cervignano-01.jpg",1366,735,false],"landscape":["https:\/\/imagazine.it\/wp-content\/uploads\/2024\/08\/capi-cervignano-01.jpg",1366,735,false],"portraits":["https:\/\/imagazine.it\/wp-content\/uploads\/2024\/08\/capi-cervignano-01.jpg",1366,735,false],"thumbnail":["https:\/\/imagazine.it\/wp-content\/uploads\/2024\/08\/capi-cervignano-01-150x150.jpg",150,150,true],"medium":["https:\/\/imagazine.it\/wp-content\/uploads\/2024\/08\/capi-cervignano-01-300x161.jpg",300,161,true],"large":["https:\/\/imagazine.it\/wp-content\/uploads\/2024\/08\/capi-cervignano-01-1024x551.jpg",640,344,true],"thumblist":["https:\/\/imagazine.it\/wp-content\/uploads\/2024\/08\/capi-cervignano-01-300x300.jpg",300,300,true],"thumbrelated":["https:\/\/imagazine.it\/wp-content\/uploads\/2024\/08\/capi-cervignano-01-500x500.jpg",500,500,true],"meccarouselthumb":["https:\/\/imagazine.it\/wp-content\/uploads\/2024\/08\/capi-cervignano-01-474x324.jpg",474,324,true],"gridsquare":["https:\/\/imagazine.it\/wp-content\/uploads\/2024\/08\/capi-cervignano-01-391x260.jpg",391,260,true],"tileview":["https:\/\/imagazine.it\/wp-content\/uploads\/2024\/08\/capi-cervignano-01-300x400.jpg",300,400,true],"1536x1536":["https:\/\/imagazine.it\/wp-content\/uploads\/2024\/08\/capi-cervignano-01.jpg",1366,735,false],"2048x2048":["https:\/\/imagazine.it\/wp-content\/uploads\/2024\/08\/capi-cervignano-01.jpg",1366,735,false],"newsup-slider-full":["https:\/\/imagazine.it\/wp-content\/uploads\/2024\/08\/capi-cervignano-01-1280x720.jpg",1280,720,true],"newsup-featured":["https:\/\/imagazine.it\/wp-content\/uploads\/2024\/08\/capi-cervignano-01-1024x551.jpg",1024,551,true],"newsup-medium":["https:\/\/imagazine.it\/wp-content\/uploads\/2024\/08\/capi-cervignano-01-720x380.jpg",720,380,true],"tptn_thumbnail":["https:\/\/imagazine.it\/wp-content\/uploads\/2024\/08\/capi-cervignano-01-250x210.jpg",250,210,true],"sow-carousel-default":["https:\/\/imagazine.it\/wp-content\/uploads\/2024\/08\/capi-cervignano-01-272x182.jpg",272,182,true]},"rttpg_author":{"display_name":"redazione","author_link":"https:\/\/imagazine.it\/home_desk\/author\/redazione\/"},"rttpg_comment":0,"rttpg_category":"<a href=\"https:\/\/imagazine.it\/home_desk\/category\/attualita\/\" rel=\"category tag\">ATTUALIT\u00c0<\/a>","rttpg_excerpt":"Una delegazione di 11 persone presente a Verona per celebrare i 50 anni di fondazione dell'AGESCI. Tra impegno pedagogico e cura ecologica","_links":{"self":[{"href":"https:\/\/imagazine.it\/home_desk\/wp-json\/wp\/v2\/posts\/58173","targetHints":{"allow":["GET"]}}],"collection":[{"href":"https:\/\/imagazine.it\/home_desk\/wp-json\/wp\/v2\/posts"}],"about":[{"href":"https:\/\/imagazine.it\/home_desk\/wp-json\/wp\/v2\/types\/post"}],"author":[{"embeddable":true,"href":"https:\/\/imagazine.it\/home_desk\/wp-json\/wp\/v2\/users\/28"}],"replies":[{"embeddable":true,"href":"https:\/\/imagazine.it\/home_desk\/wp-json\/wp\/v2\/comments?post=58173"}],"version-history":[{"count":0,"href":"https:\/\/imagazine.it\/home_desk\/wp-json\/wp\/v2\/posts\/58173\/revisions"}],"wp:featuredmedia":[{"embeddable":true,"href":"https:\/\/imagazine.it\/home_desk\/wp-json\/wp\/v2\/media\/58176"}],"wp:attachment":[{"href":"https:\/\/imagazine.it\/home_desk\/wp-json\/wp\/v2\/media?parent=58173"}],"wp:term":[{"taxonomy":"category","embeddable":true,"href":"https:\/\/imagazine.it\/home_desk\/wp-json\/wp\/v2\/categories?post=58173"},{"taxonomy":"post_tag","embeddable":true,"href":"https:\/\/imagazine.it\/home_desk\/wp-json\/wp\/v2\/tags?post=58173"}],"curies":[{"name":"wp","href":"https:\/\/api.w.org\/{rel}","templated":true}]}}