{"id":58164,"date":"2024-08-28T12:11:29","date_gmt":"2024-08-28T10:11:29","guid":{"rendered":"https:\/\/imagazine.it\/home_desk\/?p=58164"},"modified":"2024-08-29T12:27:10","modified_gmt":"2024-08-29T10:27:10","slug":"conciliare-studio-e-sport-giulia-rizzi-ricevuta-a-udine","status":"publish","type":"post","link":"https:\/\/imagazine.it\/home_desk\/conciliare-studio-e-sport-giulia-rizzi-ricevuta-a-udine\/","title":{"rendered":"Conciliare studio e sport: Giulia Rizzi ricevuta a Udine"},"content":{"rendered":"<p><em><span style=\"font-size: 10pt;\">Da sinistra Roberto Pinton, Giulia Rizzi, Edi Piasentier<\/span><\/em><\/p>\n<p>UDINE \u2013 La schermitrice udinese <strong>Giulia Rizzi<\/strong>, oro olimpico nella spada a squadre ai Giochi di Parigi, e studentessa dell\u2019Universit\u00e0 di Udine, ha incontrato il rettore dell\u2019Ateneo, <strong>Roberto Pinton<\/strong>.<\/p>\n<p>La campionessa azzurra \u00e8 studentessa del corso di laurea in Allevamento e salute animale, indirizzo assistente veterinario, del Dipartimento di Scienze agroalimentari, ambientali e animali. All\u2019incontro era presente anche il direttore del dipartimento, <strong>Edi Piasentier<\/strong>.<\/p>\n<p>\u00abGiulia Rizzi \u2013 ha affermato il rettore Pinton \u2013 \u00e8 un orgoglio per l\u2019Italia, il Friuli e per il nostro Ateneo. Rappresenta un\u2019eccellenza nell\u2019impegno sportivo a livello internazionale che si concilia con lo studio universitario. Dobbiamo essere grati a Giulia per i valori e l\u2019esempio positivo di umanit\u00e0 e professionalit\u00e0 che trasmette ai nostri giovani. Grazie alla sua volont\u00e0, dedizione, capacit\u00e0 ed entusiasmo dimostra come anche un\u2019atleta che ha raggiunto successi mondiali nella sua disciplina possa affrontare con il giusto impegno gli studi universitari\u00bb.<\/p>\n<p>\u00abSono onorata di essere stata ricevuta dal rettore e dal direttore del dipartimento al quale appartiene il mio corso di laurea \u2013 ha affermato Giulia Rizzi \u2013. Sport e studio sono un connubio vincente e invito qualsiasi giovane studente a interessarsi a questo doppio progetto perch\u00e9 con un po&#8217; di organizzazione e di sacrificio \u00e8 alla portata di tutti, a qualsiasi livello\u00bb.<\/p>\n<p>Per il direttore del dipartimento Piasentier \u00abl\u2019esempio di Giulia \u00e8 sicuramente d\u2019ispirazione per tutti i giovani a credere con fiducia in s\u00e9 stessi, nelle proprie capacit\u00e0 e passioni, coltivandole con impegno, dedizione e tenacia\u00bb.<\/p>\n<p>\u00ab\u00c8 un onore per l\u2019Universit\u00e0 di Udine \u2013 sottolinea il delegato per lo sport dell\u2019Ateneo, <strong>Stefano Lazzer<\/strong> \u2013 poter annoverare fra i suoi studenti una campionessa olimpica. Giulia Rizzi \u00e8 una straordinaria atleta che dal Friuli porta lustro a tutto il territorio. Incarna il modello ideale di studente impegnato nello sport ad alti livelli. Il nostro ateneo, a questo proposito vanta un programma all\u2019avanguardia prevedendo la figura dello studente-atleta che consente di conciliare la carriera universitaria con quella agonistica\u00bb.<\/p>\n<p>Quest\u2019anno, oltre alle olimpiadi, Giulia Rizzi ha vinto l\u2019oro nel campionato italiano individuale e in quello a squadre ai campionati europei. Nella spada a squadre ha vinto anche i Giochi del Mediterraneo nel 2022 e i campionati italiani dal 2016 al 2019 e nel 2022.<\/p>\n","protected":false},"excerpt":{"rendered":"<p>Dopo il trionfo a Parigi la schermitrice olimpionica ricevuta dal rettore dell&#8217;Ateneo friulano, dove frequenta corso di laurea in Allevamento e salute animale<\/p>\n","protected":false},"author":28,"featured_media":58165,"comment_status":"closed","ping_status":"closed","sticky":false,"template":"","format":"image","meta":{"dwc-title":[""],"dwc-content":[""],"footnotes":""},"categories":[38],"tags":[2304,2382,2383,101,206,388],"class_list":["post-58164","post","type-post","status-publish","format-image","has-post-thumbnail","hentry","category-sport","tag-olimpiadi","tag-rizzi","tag-scherma","tag-udine","tag-uniud","tag-universita","post_format-post-format-image"],"rttpg_featured_image_url":{"full":["https:\/\/imagazine.it\/wp-content\/uploads\/2024\/08\/Da-sinistra-Roberto-Pinton-Giulia-Rizzi-Edi-Piasentier.jpg",1366,815,false],"landscape":["https:\/\/imagazine.it\/wp-content\/uploads\/2024\/08\/Da-sinistra-Roberto-Pinton-Giulia-Rizzi-Edi-Piasentier.jpg",1366,815,false],"portraits":["https:\/\/imagazine.it\/wp-content\/uploads\/2024\/08\/Da-sinistra-Roberto-Pinton-Giulia-Rizzi-Edi-Piasentier.jpg",1366,815,false],"thumbnail":["https:\/\/imagazine.it\/wp-content\/uploads\/2024\/08\/Da-sinistra-Roberto-Pinton-Giulia-Rizzi-Edi-Piasentier-150x150.jpg",150,150,true],"medium":["https:\/\/imagazine.it\/wp-content\/uploads\/2024\/08\/Da-sinistra-Roberto-Pinton-Giulia-Rizzi-Edi-Piasentier-300x179.jpg",300,179,true],"large":["https:\/\/imagazine.it\/wp-content\/uploads\/2024\/08\/Da-sinistra-Roberto-Pinton-Giulia-Rizzi-Edi-Piasentier-1024x611.jpg",640,382,true],"thumblist":["https:\/\/imagazine.it\/wp-content\/uploads\/2024\/08\/Da-sinistra-Roberto-Pinton-Giulia-Rizzi-Edi-Piasentier-300x300.jpg",300,300,true],"thumbrelated":["https:\/\/imagazine.it\/wp-content\/uploads\/2024\/08\/Da-sinistra-Roberto-Pinton-Giulia-Rizzi-Edi-Piasentier-500x500.jpg",500,500,true],"meccarouselthumb":["https:\/\/imagazine.it\/wp-content\/uploads\/2024\/08\/Da-sinistra-Roberto-Pinton-Giulia-Rizzi-Edi-Piasentier-474x324.jpg",474,324,true],"gridsquare":["https:\/\/imagazine.it\/wp-content\/uploads\/2024\/08\/Da-sinistra-Roberto-Pinton-Giulia-Rizzi-Edi-Piasentier-391x260.jpg",391,260,true],"tileview":["https:\/\/imagazine.it\/wp-content\/uploads\/2024\/08\/Da-sinistra-Roberto-Pinton-Giulia-Rizzi-Edi-Piasentier-300x400.jpg",300,400,true],"1536x1536":["https:\/\/imagazine.it\/wp-content\/uploads\/2024\/08\/Da-sinistra-Roberto-Pinton-Giulia-Rizzi-Edi-Piasentier.jpg",1366,815,false],"2048x2048":["https:\/\/imagazine.it\/wp-content\/uploads\/2024\/08\/Da-sinistra-Roberto-Pinton-Giulia-Rizzi-Edi-Piasentier.jpg",1366,815,false],"newsup-slider-full":["https:\/\/imagazine.it\/wp-content\/uploads\/2024\/08\/Da-sinistra-Roberto-Pinton-Giulia-Rizzi-Edi-Piasentier-1280x720.jpg",1280,720,true],"newsup-featured":["https:\/\/imagazine.it\/wp-content\/uploads\/2024\/08\/Da-sinistra-Roberto-Pinton-Giulia-Rizzi-Edi-Piasentier-1024x611.jpg",1024,611,true],"newsup-medium":["https:\/\/imagazine.it\/wp-content\/uploads\/2024\/08\/Da-sinistra-Roberto-Pinton-Giulia-Rizzi-Edi-Piasentier-720x380.jpg",720,380,true],"tptn_thumbnail":["https:\/\/imagazine.it\/wp-content\/uploads\/2024\/08\/Da-sinistra-Roberto-Pinton-Giulia-Rizzi-Edi-Piasentier-250x210.jpg",250,210,true],"sow-carousel-default":["https:\/\/imagazine.it\/wp-content\/uploads\/2024\/08\/Da-sinistra-Roberto-Pinton-Giulia-Rizzi-Edi-Piasentier-272x182.jpg",272,182,true]},"rttpg_author":{"display_name":"redazione","author_link":"https:\/\/imagazine.it\/home_desk\/author\/redazione\/"},"rttpg_comment":0,"rttpg_category":"<a href=\"https:\/\/imagazine.it\/home_desk\/category\/sport\/\" rel=\"category tag\">SPORT<\/a>","rttpg_excerpt":"Dopo il trionfo a Parigi la schermitrice olimpionica ricevuta dal rettore dell'Ateneo friulano, dove frequenta corso di laurea in Allevamento e salute animale","_links":{"self":[{"href":"https:\/\/imagazine.it\/home_desk\/wp-json\/wp\/v2\/posts\/58164","targetHints":{"allow":["GET"]}}],"collection":[{"href":"https:\/\/imagazine.it\/home_desk\/wp-json\/wp\/v2\/posts"}],"about":[{"href":"https:\/\/imagazine.it\/home_desk\/wp-json\/wp\/v2\/types\/post"}],"author":[{"embeddable":true,"href":"https:\/\/imagazine.it\/home_desk\/wp-json\/wp\/v2\/users\/28"}],"replies":[{"embeddable":true,"href":"https:\/\/imagazine.it\/home_desk\/wp-json\/wp\/v2\/comments?post=58164"}],"version-history":[{"count":0,"href":"https:\/\/imagazine.it\/home_desk\/wp-json\/wp\/v2\/posts\/58164\/revisions"}],"wp:featuredmedia":[{"embeddable":true,"href":"https:\/\/imagazine.it\/home_desk\/wp-json\/wp\/v2\/media\/58165"}],"wp:attachment":[{"href":"https:\/\/imagazine.it\/home_desk\/wp-json\/wp\/v2\/media?parent=58164"}],"wp:term":[{"taxonomy":"category","embeddable":true,"href":"https:\/\/imagazine.it\/home_desk\/wp-json\/wp\/v2\/categories?post=58164"},{"taxonomy":"post_tag","embeddable":true,"href":"https:\/\/imagazine.it\/home_desk\/wp-json\/wp\/v2\/tags?post=58164"}],"curies":[{"name":"wp","href":"https:\/\/api.w.org\/{rel}","templated":true}]}}