{"id":58110,"date":"2024-08-26T13:31:06","date_gmt":"2024-08-26T11:31:06","guid":{"rendered":"https:\/\/imagazine.it\/home_desk\/?p=58110"},"modified":"2024-08-28T12:11:53","modified_gmt":"2024-08-28T10:11:53","slug":"ceccarelli-group-si-espande-anche-allinterporto-di-cervignano","status":"publish","type":"post","link":"https:\/\/imagazine.it\/home_desk\/ceccarelli-group-si-espande-anche-allinterporto-di-cervignano\/","title":{"rendered":"Ceccarelli Group si espande anche all&#8217;Interporto di Cervignano"},"content":{"rendered":"<p><span style=\"font-size: 10pt;\"><em>Ceccarelli in Interporto a Cervignano<\/em><\/span><\/p>\n<p>CERVIGNANO DEL FRIULI \u2013 <strong>Ceccarelli Group<\/strong>, azienda leader nel settore della logistica e dei trasporti, con quartier generale a Udine ma con sedi anche Tolmezzo, Pradamano, Budoia, Trieste, Padova, Milano e Prato, aggiunge il tassello dell&#8217;autoporto di Cervignano del Friuli.<\/p>\n<p>Si tratta di uno dei centri pi\u00f9 importanti della bassa pianura friulana e uno degli snodi di comunicazione principali inserito nel corridoio Baltico-Adriatico.<\/p>\n<p>Infatti, con il nuovo regolamento Ten-T, che ridefinisce la mappa delle grandi reti di trasporto europee, il Consiglio dell\u2019Unione Europea ha consolidato la posizione dell\u2019Italia come hub logistico euromediterraneo.<\/p>\n<p>\u00abL\u2019insediamento di Ceccarelli Group presso la sede di Interporto Cervignano \u2013 commenta la direttrice dell&#8217;Interporto, <strong>Tiziana Maiori<\/strong> \u2013 rappresenta un\u2019ulteriore conferma del percorso che la societ\u00e0 sta compiendo. Interporto Cervignano sta infatti investendo tantissimo in infrastrutture per garantire maggiori risultati in termini di aumento dei traffici e di soddisfazioni dei clienti. Accogliamo quindi con grande piacere Ceccarelli Group sperando che sia l\u2019inizio di una soddisfacente relazione commerciale e un\u2019occasione di crescita per il futuro di tutto il territorio della bassa friulana\u00bb.<\/p>\n<h3><strong>Il nuovo insediamento<\/strong><\/h3>\n<p>A Cervignano, Ceccarelli Group gestir\u00e0 uno spazio di <strong>8mila e 400 metri quadri<\/strong> divisi su 7 moduli da cui partiranno spedizioni per tutto il territorio nazionale, ma anche, tramite Cursor, la divisione internazionale del Gruppo, verso il resto dell&#8217;Europa.<\/p>\n<p>Qui saranno impiegati 4 nuovi addetti di magazzino, dipendenti diretti di Ceccarelli Group, per una operativit\u00e0 di 7 giorni su 7 e un consolidamento giornaliero di 15 mezzi della flotta del Gruppo per attivit\u00e0 di navettaggio e partenze.<\/p>\n<p>Non solo spedizioni comunque, perch\u00e9 Ceccarelli Group gestir\u00e0 nell&#8217;Interporto di Cervignano anche le proprie soluzioni di logistica con l&#8217;utilizzo di <em>software<\/em> sviluppati internamente da Euro\u2019s, software house del Gruppo e con l&#8217;esternalizzazione delle risorse presenti.<\/p>\n<figure id=\"attachment_58111\" aria-describedby=\"caption-attachment-58111\" style=\"width: 1000px\" class=\"wp-caption aligncenter\"><img loading=\"lazy\" decoding=\"async\" class=\"size-full wp-image-58111\" src=\"https:\/\/imagazine.it\/wp-content\/uploads\/2024\/08\/Luca-Ceccarelli_agosto-2024.jpg\" alt=\"\" width=\"1000\" height=\"724\" title=\"\" srcset=\"https:\/\/imagazine.it\/wp-content\/uploads\/2024\/08\/Luca-Ceccarelli_agosto-2024.jpg 1000w, https:\/\/imagazine.it\/wp-content\/uploads\/2024\/08\/Luca-Ceccarelli_agosto-2024-300x217.jpg 300w, https:\/\/imagazine.it\/wp-content\/uploads\/2024\/08\/Luca-Ceccarelli_agosto-2024-768x556.jpg 768w\" sizes=\"auto, (max-width: 1000px) 100vw, 1000px\" \/><figcaption id=\"caption-attachment-58111\" class=\"wp-caption-text\">Luca Ceccarelli<\/figcaption><\/figure>\n<p>\u00abCon questa nuova apertura \u2013 spiega il presidente di Ceccarelli Group, <strong>Luca Ceccarelli<\/strong> \u2013 andremo a gestire una importante operazione di logistica integrata, che andr\u00e0 ad abbracciare ogni <em>business unit<\/em> del nostro Gruppo, dai trasporti nazionali ai trasporti internazionali, all\u2019integrazione software e infine, appunto, la logistica. Attualmente \u2013 prosegue \u2013 la locazione \u00e8 mono committente e abbiamo tutto l\u2019interesse a mantenere e ampliare l\u2019insediamento. Pertanto abbiamo gi\u00e0 intensificato rapporti e contatti per gettare le basi affinch\u00e8 ci siano nuove opportunit\u00e0 di logistica integrata\u00bb.<\/p>\n","protected":false},"excerpt":{"rendered":"<p>In gestione 8mila e 400 metri quadri con spedizioni in Italia e nel resto d&#8217;Europa, oltre alla logistica interna di spazi e merci<\/p>\n","protected":false},"author":28,"featured_media":58112,"comment_status":"closed","ping_status":"closed","sticky":false,"template":"","format":"image","meta":{"dwc-title":[""],"dwc-content":[""],"footnotes":""},"categories":[5],"tags":[119,336,2368,2367,86],"class_list":["post-58110","post","type-post","status-publish","format-image","has-post-thumbnail","hentry","category-attualita","tag-cervignano","tag-economia","tag-interporto","tag-logistica","tag-trasporti","post_format-post-format-image"],"rttpg_featured_image_url":{"full":["https:\/\/imagazine.it\/wp-content\/uploads\/2024\/08\/ok.jpg",1366,768,false],"landscape":["https:\/\/imagazine.it\/wp-content\/uploads\/2024\/08\/ok.jpg",1366,768,false],"portraits":["https:\/\/imagazine.it\/wp-content\/uploads\/2024\/08\/ok.jpg",1366,768,false],"thumbnail":["https:\/\/imagazine.it\/wp-content\/uploads\/2024\/08\/ok-150x150.jpg",150,150,true],"medium":["https:\/\/imagazine.it\/wp-content\/uploads\/2024\/08\/ok-300x169.jpg",300,169,true],"large":["https:\/\/imagazine.it\/wp-content\/uploads\/2024\/08\/ok-1024x576.jpg",640,360,true],"thumblist":["https:\/\/imagazine.it\/wp-content\/uploads\/2024\/08\/ok-300x300.jpg",300,300,true],"thumbrelated":["https:\/\/imagazine.it\/wp-content\/uploads\/2024\/08\/ok-500x500.jpg",500,500,true],"meccarouselthumb":["https:\/\/imagazine.it\/wp-content\/uploads\/2024\/08\/ok-474x324.jpg",474,324,true],"gridsquare":["https:\/\/imagazine.it\/wp-content\/uploads\/2024\/08\/ok-391x260.jpg",391,260,true],"tileview":["https:\/\/imagazine.it\/wp-content\/uploads\/2024\/08\/ok-300x400.jpg",300,400,true],"1536x1536":["https:\/\/imagazine.it\/wp-content\/uploads\/2024\/08\/ok.jpg",1366,768,false],"2048x2048":["https:\/\/imagazine.it\/wp-content\/uploads\/2024\/08\/ok.jpg",1366,768,false],"newsup-slider-full":["https:\/\/imagazine.it\/wp-content\/uploads\/2024\/08\/ok-1280x720.jpg",1280,720,true],"newsup-featured":["https:\/\/imagazine.it\/wp-content\/uploads\/2024\/08\/ok-1024x576.jpg",1024,576,true],"newsup-medium":["https:\/\/imagazine.it\/wp-content\/uploads\/2024\/08\/ok-720x380.jpg",720,380,true],"tptn_thumbnail":["https:\/\/imagazine.it\/wp-content\/uploads\/2024\/08\/ok-250x210.jpg",250,210,true],"sow-carousel-default":["https:\/\/imagazine.it\/wp-content\/uploads\/2024\/08\/ok-272x182.jpg",272,182,true]},"rttpg_author":{"display_name":"redazione","author_link":"https:\/\/imagazine.it\/home_desk\/author\/redazione\/"},"rttpg_comment":0,"rttpg_category":"<a href=\"https:\/\/imagazine.it\/home_desk\/category\/attualita\/\" rel=\"category tag\">ATTUALIT\u00c0<\/a>","rttpg_excerpt":"In gestione 8mila e 400 metri quadri con spedizioni in Italia e nel resto d'Europa, oltre alla logistica interna di spazi e merci","_links":{"self":[{"href":"https:\/\/imagazine.it\/home_desk\/wp-json\/wp\/v2\/posts\/58110","targetHints":{"allow":["GET"]}}],"collection":[{"href":"https:\/\/imagazine.it\/home_desk\/wp-json\/wp\/v2\/posts"}],"about":[{"href":"https:\/\/imagazine.it\/home_desk\/wp-json\/wp\/v2\/types\/post"}],"author":[{"embeddable":true,"href":"https:\/\/imagazine.it\/home_desk\/wp-json\/wp\/v2\/users\/28"}],"replies":[{"embeddable":true,"href":"https:\/\/imagazine.it\/home_desk\/wp-json\/wp\/v2\/comments?post=58110"}],"version-history":[{"count":0,"href":"https:\/\/imagazine.it\/home_desk\/wp-json\/wp\/v2\/posts\/58110\/revisions"}],"wp:featuredmedia":[{"embeddable":true,"href":"https:\/\/imagazine.it\/home_desk\/wp-json\/wp\/v2\/media\/58112"}],"wp:attachment":[{"href":"https:\/\/imagazine.it\/home_desk\/wp-json\/wp\/v2\/media?parent=58110"}],"wp:term":[{"taxonomy":"category","embeddable":true,"href":"https:\/\/imagazine.it\/home_desk\/wp-json\/wp\/v2\/categories?post=58110"},{"taxonomy":"post_tag","embeddable":true,"href":"https:\/\/imagazine.it\/home_desk\/wp-json\/wp\/v2\/tags?post=58110"}],"curies":[{"name":"wp","href":"https:\/\/api.w.org\/{rel}","templated":true}]}}