{"id":58005,"date":"2024-08-20T15:33:39","date_gmt":"2024-08-20T13:33:39","guid":{"rendered":"https:\/\/imagazine.it\/home_desk\/?p=58005"},"modified":"2024-08-23T16:02:30","modified_gmt":"2024-08-23T14:02:30","slug":"gradisca-torna-il-festival-urbano-multimediale","status":"publish","type":"post","link":"https:\/\/imagazine.it\/home_desk\/gradisca-torna-il-festival-urbano-multimediale\/","title":{"rendered":"Gradisca: torna il festival urbano multimediale"},"content":{"rendered":"<p><em><span style=\"font-size: 10pt;\">Da sinistra Alessandro Cattunar, Gioele Peressini, Miriam Paschini, Alessandro Pagotto e Marco Zanolla<\/span><\/em><\/p>\n<p>GRADISCA D\u2019ISONZO \u2013 <strong><em>In\\Visible Cities<\/em><\/strong> festeggia la sua decima edizione con un calendario eventi lungo dieci giorni, durante i quali sono in programma 35 appuntamenti tra cui 5 nuove produzioni performative.<\/p>\n<p>Tre i comuni (<strong>Gradisca d\u2019Isonzo, Gorizia e Nova Gorica<\/strong>) che ospiteranno oltre 70 artisti protagonisti del <strong>festival urbano multimediale<\/strong>, organizzato dall\u2019associazione Quarantasettezeroquattro e co-finanziato dalla Regione Friuli Venezia Giulia, dal Comune di Gradisca d\u2019Isonzo e dalla Fondazione Carigo; parte della rete Intersezioni.<\/p>\n<p>L\u2019edizione in calendario a partire dal <strong>28 al 31 agosto a Gorizia, il 1\u00b0 settembre a Nova Gorica e dal 4 all\u20198 settembre a Gradisca d\u2019Isonzo<\/strong> \u00e8 stata presentata da <strong>Alessandro Cattunar<\/strong>, <strong>Miriam Paschini<\/strong> e <strong>Gioele Peressini<\/strong>, direttori artistici di In\\Visible Cities; <strong>Alessandro Pagotto<\/strong>, sindaco del Comune di Gradisca d\u2019Isonzo; <strong>Marco Zanolla<\/strong>, assessore alla Cultura del Comune di Gradisca d\u2019Isonzo; <strong>Alberto Bergamin<\/strong>, presidente della Fondazione Cassa di Risparmio di Gorizia.<\/p>\n<h3><strong>Prime nazionali e regionali<\/strong><\/h3>\n<p>Fra le \u201cassolute\u201d da segnalare ci sono due nuove produzioni dell\u2019associazione Quarantasettezeroquattro: \u201c<em>Gorizia Cold Case<\/em>\u201d (28 agosto), performance itinerante partecipativa, firmata da <strong>Riccardo Tabilio e Stefano Beghi<\/strong>, un vero e proprio mistero da risolvere camminando a cavallo del confine; e \u201c<em>Brucia prigione brucia &#8211; Basaglia a corpo libero<\/em>\u201d (31 agosto) con <strong>House of Ivona e Circolo Bergman<\/strong> che per mesi hanno lavorato al Parco Basaglia fondendo danza e narrazione.<\/p>\n<p>Altra prima assoluta sar\u00e0 \u201c<em>Un fiume. Paesaggio Sottile<\/em>\u201d (30 agosto), performance multimediale di <strong>Andrea Colbacchini e Andrea Ciommiento<\/strong> dedicata al fiume Isonzo e alle mille storie e declinazioni che lo vedono protagonista.<\/p>\n<p>Torna sempre Gorizia la pluripremiata compagnia catalana <strong>Agrupac\u00f3n Se\u00f1or Serrano<\/strong> con il secondo capitolo di una trilogia teatrale dedicata ai miti greci e rivolta esclusivamente ai bambini, \u201c<em>Olympus Kids-Demetra<\/em>\u201d (30 agosto).<\/p>\n<p>A Gradisca d\u2019Isonzo, le prime regionali si moltiplicheranno. Si comincer\u00e0 il con \u201c<em>Genoma scenico<\/em>\u201d (4 settembre), una performance interattiva di danza. Ma ci sar\u00e0 pure \u201c<em>Canto d\u2019Acqua<\/em>\u201d (4 settembre), con il cantautore e frontman dei Marlene Kuntz, <strong>Cristiano Godano<\/strong>, in dialogo con <strong>Telmo Pievani<\/strong>, biologo evoluzionista.<\/p>\n<p>Altra prima regionale sar\u00e0 lo spettacolo multimediale \u201c<em>Romantic Disaster<\/em>\u201d (4 settembre). In entrambi i casi il focus sar\u00e0 il cambiamento climatico.<\/p>\n<p>\u201c<em>Dear Chatbot<\/em>\u201d (6 settembre), invece, porter\u00e0 in scena un progetto coreografico in cui l\u2019interazione con l\u2019AI metter\u00e0 in moto un meccanismo performativo variabile in cui il pubblico sar\u00e0 protagonista. Sar\u00e0 la prima volta in Fvg anche per lo spettacolo multimediale \u201c<em>Between me and P.<\/em>\u201d (6 settembre) e per \u201c<em>Ladies Body Show<\/em>\u201d (7 settembre) di Qui e Ora Residenza teatrale con le coreografie di <strong>Silvia Gribaudi<\/strong>, entrambi accessibili a un pubblico sordo, cieco e ipovedente.<\/p>\n<p>Quindi sar\u00e0 la volta \u201c<em>Di pratica e di evanescenza<\/em>\u201d (7 settembre), progetto selezionato attraverso la call Richiedo Asilo Artistico, promossa con CSS di Udine e PimOff di Milano; e quindi della performance partecipativa \u201c<em>The Game<\/em>\u201d del pluripremiato collettivo svizzero Trickster-p; dello spettacolo di danza \u201c<em>Invisibilia<\/em>\u201d e di quello teatrale \u201c<em>Foresto<\/em>\u201d, ultima produzione di Babilonia Teatri (entrambi l\u20198 settembre).<\/p>\n<h3>Nuove generazioni<\/h3>\n<p>Rinnovata la collaborazione con CTA &#8211; Centro Teatro Animazione e Figure di Gorizia, attesa per gli spettacoli \u201c<em>Il cielo in due. Storie di coraggio sui muri<\/em>\u201d (28 agosto), risultato dei laboratori di narrazione con quattrocento ragazzi e ragazze delle scuole superiori di Udine e Gorizia; e ancora \u201c<em>C\u2019era una svolta<\/em>\u201d (28 agosto) con cui gli artisti del Teatro dell\u2019Argine cercheranno di portare i pi\u00f9 giovani a capire l\u2019importanza di coltivare i sogni e rompere gli schemi; o \u201c<em>Dear Chatbot<\/em>\u201d (6 settembre), progetto selezionato dai giovani che hanno partecipato al progetto &#8220;Visioni Future&#8221;. Infine, il 7 settembre, a Gradisca, sar\u00e0 la volta di \u201c<em>Arcipelago<\/em>\u201d: un\u2019installazione teatrale agita e resa viva dai bambini stessi nella magnifica cornice del cortile interno del Castello di Gradisca.<\/p>\n<h3>Zero gradi di separazione<\/h3>\n<p>Per questa decima edizione si conferma anche il percorso \u201c<em>Zero gradi di separazione<\/em>\u201d, intrapreso nel 2023, e che mira all\u2019inclusione delle persone con disabilit\u00e0 nella progettazione culturale.<\/p>\n<p>La rassegna presenta al pubblico spettacoli creati e portati\u00a0in scena da artisti con disabilit\u00e0 e propone performance teatrali e di danza accessibili.<\/p>\n<p>In queste occasioni (come sperimentato positivamente l\u2019anno passato) tutto il pubblico pu\u00f2 provare strumenti come l\u2019audio descrizione poetica e riflettere su questi temi.<\/p>\n<p>Fra gli spettacoli in programma: \u201c<em>Audiobus<\/em>\u201d, un format creativo di Zeroidee che si sviluppa sugli autobus urbani, un viaggio che racconta la relazione tra persone e citt\u00e0, tra mobilit\u00e0 e disabilit\u00e0.<\/p>\n<p>Confermata anche la rassegna \u201c<em>ARS. arti, relazioni, scienze<\/em>\u201d che promuove il dialogo tra discipline, visioni del mondo, approcci e modalit\u00e0 espressive apparentemente agli antipodi.<\/p>\n<p>\u00ab<em>Al quarto anno di rassegna<\/em> \u2013 spiega <strong>Giada Rossi <\/strong>di Kaleidoscienza \u2013, <em>il programma si arricchisce con un\u2019offerta sempre pi\u00f9 ampia, con 13 eventi scelti per affascinare il pubblico e sensibilizzarlo su tematiche di forte attualit\u00e0<\/em>\u00bb.<\/p>\n<p>Tutti gli eventi sono a <strong>ingresso gratuito fino a esaurimento posti<\/strong>. \u00c8 raccomandata la prenotazione tramite WhatsApp o sms al <strong>328 8535125<\/strong>, indicando nome, cognome, spettacolo, numero di biglietti.<\/p>\n<p>Eventuali spostamenti d\u2019orario o di location saranno comunicati sui canali social e via messaggio agli iscritti.<\/p>\n","protected":false},"excerpt":{"rendered":"<p>Presentato il programma della decima edizione di In\\Visible Cities, che coinvolger\u00e0 anche Gorizia e Nova Gorica <\/p>\n","protected":false},"author":28,"featured_media":58006,"comment_status":"closed","ping_status":"closed","sticky":false,"template":"","format":"image","meta":{"dwc-title":[""],"dwc-content":[""],"footnotes":""},"categories":[37],"tags":[165,58,43,254,184],"class_list":["post-58005","post","type-post","status-publish","format-image","has-post-thumbnail","hentry","category-cultura-e-spettacolo","tag-arte","tag-festival","tag-gorizia","tag-gradisca","tag-nova-gorica","post_format-post-format-image"],"rttpg_featured_image_url":{"full":["https:\/\/imagazine.it\/wp-content\/uploads\/2024\/08\/Presentazione_Invisible_Cities_2024_1.jpg",1366,741,false],"landscape":["https:\/\/imagazine.it\/wp-content\/uploads\/2024\/08\/Presentazione_Invisible_Cities_2024_1.jpg",1366,741,false],"portraits":["https:\/\/imagazine.it\/wp-content\/uploads\/2024\/08\/Presentazione_Invisible_Cities_2024_1.jpg",1366,741,false],"thumbnail":["https:\/\/imagazine.it\/wp-content\/uploads\/2024\/08\/Presentazione_Invisible_Cities_2024_1-150x150.jpg",150,150,true],"medium":["https:\/\/imagazine.it\/wp-content\/uploads\/2024\/08\/Presentazione_Invisible_Cities_2024_1-300x163.jpg",300,163,true],"large":["https:\/\/imagazine.it\/wp-content\/uploads\/2024\/08\/Presentazione_Invisible_Cities_2024_1-1024x555.jpg",640,347,true],"thumblist":["https:\/\/imagazine.it\/wp-content\/uploads\/2024\/08\/Presentazione_Invisible_Cities_2024_1-300x300.jpg",300,300,true],"thumbrelated":["https:\/\/imagazine.it\/wp-content\/uploads\/2024\/08\/Presentazione_Invisible_Cities_2024_1-500x500.jpg",500,500,true],"meccarouselthumb":["https:\/\/imagazine.it\/wp-content\/uploads\/2024\/08\/Presentazione_Invisible_Cities_2024_1-474x324.jpg",474,324,true],"gridsquare":["https:\/\/imagazine.it\/wp-content\/uploads\/2024\/08\/Presentazione_Invisible_Cities_2024_1-391x260.jpg",391,260,true],"tileview":["https:\/\/imagazine.it\/wp-content\/uploads\/2024\/08\/Presentazione_Invisible_Cities_2024_1-300x400.jpg",300,400,true],"1536x1536":["https:\/\/imagazine.it\/wp-content\/uploads\/2024\/08\/Presentazione_Invisible_Cities_2024_1.jpg",1366,741,false],"2048x2048":["https:\/\/imagazine.it\/wp-content\/uploads\/2024\/08\/Presentazione_Invisible_Cities_2024_1.jpg",1366,741,false],"newsup-slider-full":["https:\/\/imagazine.it\/wp-content\/uploads\/2024\/08\/Presentazione_Invisible_Cities_2024_1-1280x720.jpg",1280,720,true],"newsup-featured":["https:\/\/imagazine.it\/wp-content\/uploads\/2024\/08\/Presentazione_Invisible_Cities_2024_1-1024x555.jpg",1024,555,true],"newsup-medium":["https:\/\/imagazine.it\/wp-content\/uploads\/2024\/08\/Presentazione_Invisible_Cities_2024_1-720x380.jpg",720,380,true],"tptn_thumbnail":["https:\/\/imagazine.it\/wp-content\/uploads\/2024\/08\/Presentazione_Invisible_Cities_2024_1-250x210.jpg",250,210,true],"sow-carousel-default":["https:\/\/imagazine.it\/wp-content\/uploads\/2024\/08\/Presentazione_Invisible_Cities_2024_1-272x182.jpg",272,182,true]},"rttpg_author":{"display_name":"redazione","author_link":"https:\/\/imagazine.it\/home_desk\/author\/redazione\/"},"rttpg_comment":0,"rttpg_category":"<a href=\"https:\/\/imagazine.it\/home_desk\/category\/cultura-e-spettacolo\/\" rel=\"category tag\">CULTURA&amp;SPETTACOLO<\/a>","rttpg_excerpt":"Presentato il programma della decima edizione di In\\Visible Cities, che coinvolger\u00e0 anche Gorizia e Nova Gorica","_links":{"self":[{"href":"https:\/\/imagazine.it\/home_desk\/wp-json\/wp\/v2\/posts\/58005","targetHints":{"allow":["GET"]}}],"collection":[{"href":"https:\/\/imagazine.it\/home_desk\/wp-json\/wp\/v2\/posts"}],"about":[{"href":"https:\/\/imagazine.it\/home_desk\/wp-json\/wp\/v2\/types\/post"}],"author":[{"embeddable":true,"href":"https:\/\/imagazine.it\/home_desk\/wp-json\/wp\/v2\/users\/28"}],"replies":[{"embeddable":true,"href":"https:\/\/imagazine.it\/home_desk\/wp-json\/wp\/v2\/comments?post=58005"}],"version-history":[{"count":0,"href":"https:\/\/imagazine.it\/home_desk\/wp-json\/wp\/v2\/posts\/58005\/revisions"}],"wp:featuredmedia":[{"embeddable":true,"href":"https:\/\/imagazine.it\/home_desk\/wp-json\/wp\/v2\/media\/58006"}],"wp:attachment":[{"href":"https:\/\/imagazine.it\/home_desk\/wp-json\/wp\/v2\/media?parent=58005"}],"wp:term":[{"taxonomy":"category","embeddable":true,"href":"https:\/\/imagazine.it\/home_desk\/wp-json\/wp\/v2\/categories?post=58005"},{"taxonomy":"post_tag","embeddable":true,"href":"https:\/\/imagazine.it\/home_desk\/wp-json\/wp\/v2\/tags?post=58005"}],"curies":[{"name":"wp","href":"https:\/\/api.w.org\/{rel}","templated":true}]}}