{"id":58002,"date":"2024-08-20T12:36:48","date_gmt":"2024-08-20T10:36:48","guid":{"rendered":"https:\/\/imagazine.it\/home_desk\/?p=58002"},"modified":"2024-08-23T12:21:08","modified_gmt":"2024-08-23T10:21:08","slug":"trieste-pronto-il-museo-della-letteratura","status":"publish","type":"post","link":"https:\/\/imagazine.it\/home_desk\/trieste-pronto-il-museo-della-letteratura\/","title":{"rendered":"Trieste: pronto il Museo della Letteratura"},"content":{"rendered":"<p>TRIESTE \u2013 Il Museo LETS sar\u00e0 la casa della grande letteratura che ha Trieste come luogo privilegiato.<\/p>\n<p>Un\u2019eredit\u00e0 lasciata da generazioni di autori e autrici che si sono avvicendate, alimentando un numero straordinario di esperienze di altissimo livello di elaborazione poetica e narrativa: da <strong>Scipio Slataper a Claudio Magris, da Susanna Tamaro a Boris Pahor, a Giani Stuparich, Anita Pittoni, Virgilio Giotti, Sre\u010dko Kosovel, Giorgio Voghera, Carolus Cergoly, Fulvio Tomizza, Pier Antonio Quarantotti Gambini, Giorgio Pressburger, Paolo Rumiz, Pino Roveredo, Mauro Covacich<\/strong><strong>, Bobi Bazlen, Richard Francis Burton, Rainer Maria Rilke, Stelio Mattioni<\/strong> e altri ancora.<\/p>\n<p>Attraverso la loro opera hanno rappresentato e ricomposto le diverse anime e culture di Trieste e che, dalla fine dell&#8217;Ottocento ai giorni nostri hanno fatto e fanno di questa citt\u00e0 una capitale della letteratura europea modernista.<\/p>\n<p>Dopo l\u2019anteprima per la stampa di gioved\u00ec 12 settembre alle 11, a cui interverr\u00e0 anche lo scrittore, saggista e germanista <strong>Claudio Magris<\/strong>, il<strong> Museo LETS-Letteratura Trieste<\/strong> sar\u00e0 regolarmente aperto al pubblico dal giorno successivo,<strong> venerd\u00ec 13 settembre, ogni giorno dalle 10 alle 17, domenica dalle 10 alle 13 con ingresso libero. Chiusura settimanale: marted\u00ec. <\/strong><\/p>\n<p>Il primo <strong>Museo Sveviano<\/strong>, sorto dall&#8217;intuizione della figlia dello scrittore, <strong>Letizia Svevo Fonda Savio<\/strong>, che nel suo testamento lasciava al Comune di Trieste un fondo di libri, documenti e alcuni arredi e oggetti sopravvissuti al bombardamento del 1945 di Villa Veneziani, nasce nel 1997 all\u2019interno dello storico edificio della<strong> Biblioteca Civica <\/strong>di Trieste<strong>, Palazzo Biserini <\/strong>in piazza Hortis.<\/p>\n<p>Un luogo che il padre stesso raccontava di aver a lungo frequentato.<\/p>\n<p>Pochi anni dopo, <strong>nel 2004, centenario dell&#8217;arrivo a Trieste di James Joyce<\/strong> \u2013 il romanziere amico di Svevo, l\u2019autore di <em>Ulisse <\/em>e <em>Gente di Dublino <\/em>\u2013 viene inaugurato nelle sale attigue anche il<strong> Museo Joyce, <\/strong>su proposta di Renzo Crivelli, accademico e studioso emerito del genio letterario irlandese.<\/p>\n<p>Per oltre vent\u2019anni, i due musei, traslocati nel frattempo, insieme al <strong>Museo Petrarchesco Piccolomineo<\/strong>, in via Madonna del Mare, hanno accolto migliaia di visitatori di tutte le et\u00e0 e hanno sostenuto e promosso pubblicazioni, numerosi eventi internazionali e due festival: <em>Bloomsday <\/em>e <em>Buon compleanno Svevo.<\/em><\/p>\n<p>Ora, \u00ab<em>nel 2024, settantesimo anniversario del definitivo ritorno di Trieste all&#8217;Italia, il Comune di Trieste inaugura il suo Museo della Letteratura, casa di tutti gli scrittori che hanno raccontato al mondo la Citt\u00e0, il suo mare, il suo territorio<\/em>\u00bb: lo annuncia l&#8217;assessore alle Politiche dell&#8217;Educazione e della Famiglia del Comune di Trieste, <strong>Maurizio De Blasio<\/strong>.<\/p>\n<p>Il nuovo Museo <strong>LETS, acronimo di Letteratura Trieste<\/strong>, realizzato con il sostegno della <strong>Regione Friuli Venezia Giulia<\/strong> e di <strong>Trieste Trasporti<\/strong>, sar\u00e0 un contenitore culturale in cui la tradizione si sposa con la multimedialit\u00e0 e nel quale trover\u00e0 spazio anche il <strong>nuovo Museo Saba<\/strong>.<\/p>\n<p><strong>Museo LETS &#8211; Letteratura Trieste valorizza <\/strong>la <strong>Biblioteca Civica<\/strong> cittadina e nasce per la cura scientifica di <strong>Riccardo Cepach, Cristina Fenu, Laura Pelaschiar<\/strong> \u2013 Universit\u00e0 degli Studi di Trieste \u2013 e <strong>Susan Petri, <\/strong>con il coordinamento della direttrice del Servizio Biblioteche <strong>Manuela Salvadei<\/strong> e l\u2019impegno collettivo dei bibliotecari e archivisti della biblioteca Hortis, dei responsabili amministrativi e dei grafici.<\/p>\n<p>Hanno contribuito alla realizzazione, il direttore artistico e progettista dell&#8217;allestimento arch. <strong>Lorenzo Greppi<\/strong>, e la ditta Fallani.<\/p>\n","protected":false},"excerpt":{"rendered":"<p>Situato nello storico Palazzo Biserini, aprir\u00e0 al pubblico il 13 settembre. Tre spazi speciali per Italo Svevo, James Joyce e Umberto Saba<\/p>\n","protected":false},"author":28,"featured_media":58003,"comment_status":"closed","ping_status":"closed","sticky":false,"template":"","format":"image","meta":{"dwc-title":[""],"dwc-content":[""],"footnotes":""},"categories":[37],"tags":[2348,1851,273,1925,2349,2347,65],"class_list":["post-58002","post","type-post","status-publish","format-image","has-post-thumbnail","hentry","category-cultura-e-spettacolo","tag-joyce","tag-letteratura","tag-libri","tag-musei","tag-saba","tag-svevo","tag-trieste","post_format-post-format-image"],"rttpg_featured_image_url":{"full":["https:\/\/imagazine.it\/wp-content\/uploads\/2024\/08\/LETS-LIBRERIA-SCRITTORI.jpg",1366,834,false],"landscape":["https:\/\/imagazine.it\/wp-content\/uploads\/2024\/08\/LETS-LIBRERIA-SCRITTORI.jpg",1366,834,false],"portraits":["https:\/\/imagazine.it\/wp-content\/uploads\/2024\/08\/LETS-LIBRERIA-SCRITTORI.jpg",1366,834,false],"thumbnail":["https:\/\/imagazine.it\/wp-content\/uploads\/2024\/08\/LETS-LIBRERIA-SCRITTORI-150x150.jpg",150,150,true],"medium":["https:\/\/imagazine.it\/wp-content\/uploads\/2024\/08\/LETS-LIBRERIA-SCRITTORI-300x183.jpg",300,183,true],"large":["https:\/\/imagazine.it\/wp-content\/uploads\/2024\/08\/LETS-LIBRERIA-SCRITTORI-1024x625.jpg",640,391,true],"thumblist":["https:\/\/imagazine.it\/wp-content\/uploads\/2024\/08\/LETS-LIBRERIA-SCRITTORI-300x300.jpg",300,300,true],"thumbrelated":["https:\/\/imagazine.it\/wp-content\/uploads\/2024\/08\/LETS-LIBRERIA-SCRITTORI-500x500.jpg",500,500,true],"meccarouselthumb":["https:\/\/imagazine.it\/wp-content\/uploads\/2024\/08\/LETS-LIBRERIA-SCRITTORI-474x324.jpg",474,324,true],"gridsquare":["https:\/\/imagazine.it\/wp-content\/uploads\/2024\/08\/LETS-LIBRERIA-SCRITTORI-391x260.jpg",391,260,true],"tileview":["https:\/\/imagazine.it\/wp-content\/uploads\/2024\/08\/LETS-LIBRERIA-SCRITTORI-300x400.jpg",300,400,true],"1536x1536":["https:\/\/imagazine.it\/wp-content\/uploads\/2024\/08\/LETS-LIBRERIA-SCRITTORI.jpg",1366,834,false],"2048x2048":["https:\/\/imagazine.it\/wp-content\/uploads\/2024\/08\/LETS-LIBRERIA-SCRITTORI.jpg",1366,834,false],"newsup-slider-full":["https:\/\/imagazine.it\/wp-content\/uploads\/2024\/08\/LETS-LIBRERIA-SCRITTORI-1280x720.jpg",1280,720,true],"newsup-featured":["https:\/\/imagazine.it\/wp-content\/uploads\/2024\/08\/LETS-LIBRERIA-SCRITTORI-1024x625.jpg",1024,625,true],"newsup-medium":["https:\/\/imagazine.it\/wp-content\/uploads\/2024\/08\/LETS-LIBRERIA-SCRITTORI-720x380.jpg",720,380,true],"tptn_thumbnail":["https:\/\/imagazine.it\/wp-content\/uploads\/2024\/08\/LETS-LIBRERIA-SCRITTORI-250x210.jpg",250,210,true],"sow-carousel-default":["https:\/\/imagazine.it\/wp-content\/uploads\/2024\/08\/LETS-LIBRERIA-SCRITTORI-272x182.jpg",272,182,true]},"rttpg_author":{"display_name":"redazione","author_link":"https:\/\/imagazine.it\/home_desk\/author\/redazione\/"},"rttpg_comment":0,"rttpg_category":"<a href=\"https:\/\/imagazine.it\/home_desk\/category\/cultura-e-spettacolo\/\" rel=\"category tag\">CULTURA&amp;SPETTACOLO<\/a>","rttpg_excerpt":"Situato nello storico Palazzo Biserini, aprir\u00e0 al pubblico il 13 settembre. Tre spazi speciali per Italo Svevo, James Joyce e Umberto Saba","_links":{"self":[{"href":"https:\/\/imagazine.it\/home_desk\/wp-json\/wp\/v2\/posts\/58002","targetHints":{"allow":["GET"]}}],"collection":[{"href":"https:\/\/imagazine.it\/home_desk\/wp-json\/wp\/v2\/posts"}],"about":[{"href":"https:\/\/imagazine.it\/home_desk\/wp-json\/wp\/v2\/types\/post"}],"author":[{"embeddable":true,"href":"https:\/\/imagazine.it\/home_desk\/wp-json\/wp\/v2\/users\/28"}],"replies":[{"embeddable":true,"href":"https:\/\/imagazine.it\/home_desk\/wp-json\/wp\/v2\/comments?post=58002"}],"version-history":[{"count":0,"href":"https:\/\/imagazine.it\/home_desk\/wp-json\/wp\/v2\/posts\/58002\/revisions"}],"wp:featuredmedia":[{"embeddable":true,"href":"https:\/\/imagazine.it\/home_desk\/wp-json\/wp\/v2\/media\/58003"}],"wp:attachment":[{"href":"https:\/\/imagazine.it\/home_desk\/wp-json\/wp\/v2\/media?parent=58002"}],"wp:term":[{"taxonomy":"category","embeddable":true,"href":"https:\/\/imagazine.it\/home_desk\/wp-json\/wp\/v2\/categories?post=58002"},{"taxonomy":"post_tag","embeddable":true,"href":"https:\/\/imagazine.it\/home_desk\/wp-json\/wp\/v2\/tags?post=58002"}],"curies":[{"name":"wp","href":"https:\/\/api.w.org\/{rel}","templated":true}]}}