{"id":57957,"date":"2024-08-13T13:44:36","date_gmt":"2024-08-13T11:44:36","guid":{"rendered":"https:\/\/imagazine.it\/home_desk\/?p=57957"},"modified":"2024-08-19T12:28:42","modified_gmt":"2024-08-19T10:28:42","slug":"il-teatro-di-figura-invade-grado","status":"publish","type":"post","link":"https:\/\/imagazine.it\/home_desk\/il-teatro-di-figura-invade-grado\/","title":{"rendered":"Il teatro di figura invade Grado"},"content":{"rendered":"<p>&nbsp;<\/p>\n<p>Con il tema \u201c<strong>Illusioni<\/strong>\u201d si apre luned\u00ec 19 agosto la sezione estiva dell\u2019<strong><span style=\"text-decoration: underline;\"><a href=\"http:\/\/www.puppetfestival.it\" target=\"_blank\" rel=\"noopener\">Alpe Adria Puppet Festival<\/a><\/span>,\u00a0<\/strong>appuntamento internazionale e transfrontaliero di teatro di figura, giunto quest\u2019anno alla sua\u00a0<strong>33\u00aa edizione<\/strong>.<\/p>\n<p>Ideato e organizzato dal\u00a0<strong>CTA &#8211; Centro Teatro Animazione e Figure<\/strong>\u00a0di Gorizia, sotto la direzione artistica di\u00a0<strong>Roberto Piaggio<\/strong>, il Festival offre ogni anno una selezione di spettacoli italiani e stranieri tra i pi\u00f9 interessanti in circolazione ed \u00e8 anche un\u2019occasione di dialogo e incontro tra le persone.<\/p>\n<p>Da oltre 30 anni, infatti, durante le giornate del Festival si crea un laboratorio aperto e dinamico, dove si sperimentano multiculturalit\u00e0 e multilinguismo.<\/p>\n<p>La sezione di\u00a0<strong>Grado<\/strong>, sito storico di questo appuntamento con il teatro di figura, \u00e8 particolarmente dedicata al pubblico delle famiglie, italiane e straniere. Qui si possono scoprire interessanti sfaccettature del teatro di figura e, allo stesso tempo, angoli nascosti e siti affascinanti dell\u2019Isola del Sole.<\/p>\n<p>Novit\u00e0\u00a0di questa edizione sono le\u00a0<strong>Vetrine<\/strong>\u00a0di\u00a0<strong>San Floriano del Collio<\/strong>,\u00a0<strong>Cividale del Friuli<\/strong>,\u00a0<strong>Gradisca d\u2019Isonzo<\/strong>\u00a0e\u00a0<strong>San Canzian d\u2019Isonzo<\/strong>, quattro nuovi siti che permetteranno a un numero ancora maggiore di persone di scoprire un genere teatrale partecipativo\u00a0e coinvolgente.<\/p>\n<p>Luned\u00ec, a Grado, si partir\u00e0 al mattino con il laboratorio che durer\u00e0 cinque giornate e sfocer\u00e0 nel\u00a0<strong>Flash Art<\/strong>\u00a0di\u00a0venerd\u00ec 23 agosto, in Calle Tognon alle ore 22.<\/p>\n<p>Ogni giorno, dalle 10 alle 12 nella <strong>Biblioteca Civica Falco Marin<\/strong>,\u00a0bambini e genitori\u00a0potranno lavorare sulle emozioni, grazie a\u00a0<em>LA NUVOLA \/ THE THUNDERCLOUD<\/em>,\u00a0un percorso pensato e curato da\u00a0<strong>Claudio Milani<\/strong>, appositamente per il CTA. La partecipazione \u00e8 gratuita, ma la prenotazione obbligatoria al numero 0431 82630.<\/p>\n<p>All\u2019interno della sezione estiva, trova spazio\u00a0<em>Moun<\/em>, di\u00a0<strong>Teatro Gioco Vita<\/strong>\u00a0(23 agosto Grado), il primo appuntamento\u00a0che fa parte del\u00a0<strong>progetto Art&amp;Puppets<\/strong>, finanziato dall\u2019Unione europea nell\u2019ambito del Fondo per piccoli progetti (Small Project Fund) GO! 2025 del Programma Interreg VI-A Italia-Slovenia 2021-2027, gestito dal GECT GO.<\/p>\n<p>Nell\u2019arco della settimana, saranno ospitate compagnie italiane, da\u00a0<strong>Is Mascareddas<\/strong>\u00a0(Sardegna-Ita), con\u00a0<em>Burrasca<\/em>\u00a0(19 agosto, San Floriano del Collio e 20 agosto, Grado); a\u00a0<strong>Paolo Rech<\/strong>, vero e proprio mattatore del teatro di figura, in scena con\u00a0<em>Quel diavolo di Arlecchino<\/em>\u00a0(19 agosto, Grado e 20 agosto, Cividale); al\u00a0<strong>Granteatrino di Bari<\/strong>, che arriva al Puppet Festival con due grandi classici,\u00a0<em>I tre porcellini\u00a0<\/em>(20 agosto, Grado) e\u00a0<em>La Capra ballerina<\/em>\u00a0(21 agosto, San Canzian d\u2019Isonzo).<\/p>\n<p>Non mancheranno le compagnie straniere, come\u00a0<strong>Dirtz Theatre<\/strong>\u00a0(Francia), con\u00a0<em>Short Stories<\/em>, progetto vincitore del Bando EFFEA\u00a0 2023;\u00a0<strong>Barna Zsombor<\/strong>, poliedrico artista\u00a0ungherese\u00a0che porta in scena\u00a0<em>Vit\u00e9z L\u00e1szl\u00f3<\/em>\u00a0(21 agosto, Grado), burattino nato dalla fantasia del famoso Enrik Kemeny, artista che fu ospite della prima edizione dell\u2019Alpe Adria Puppet Festival, 33 anni fa; e il\u00a0<strong>Teatro Silfo<\/strong>\u00a0(Spagna), che arriver\u00e0 con\u00a0<em>Chatungla<\/em>, una giungla di \u201crottami metallici\u201d, grazie alla quale sar\u00e0 possibile scoprire tante creature originali.<\/p>\n<p>Tutti gli eventi della sezione estiva dell\u2019Alpe Adria Puppet Festival sono a ingresso libero e gratuito, ma due spettacoli sono su prenotazione\u00a0(cell. 335.1753049),\u00a0per gli spazi ridotti in cui verranno proposti:\u00a0<em>Antipodi<\/em>\u00a0(22 e 23 agosto, Grado), della\u00a0<strong>Compagnia Dromosofista<\/strong>\u00a0che viaggia e si esibisce su sul\u00a0CamionTeatro,\u00a0e la\u00a0<strong>produzione del CTA<\/strong>,\u00a0<em>Qui e l\u00e0\u00a0<\/em>(22 e 23 agosto, Grado).<\/p>\n","protected":false},"excerpt":{"rendered":"<p>Tutto pronto per l\u2019Alpe Adria Puppet: la rassegna internazionale che trasforma la citt\u00e0 in un laboratorio aperto e dinamico <\/p>\n","protected":false},"author":28,"featured_media":57958,"comment_status":"closed","ping_status":"closed","sticky":false,"template":"","format":"image","meta":{"dwc-title":[""],"dwc-content":[""],"footnotes":""},"categories":[37],"tags":[261,826,174,1492,2340,52],"class_list":["post-57957","post","type-post","status-publish","format-image","has-post-thumbnail","hentry","category-cultura-e-spettacolo","tag-eventi","tag-eventi-fvg","tag-grado","tag-marionette","tag-puppet-festival","tag-teatro","post_format-post-format-image"],"rttpg_featured_image_url":{"full":["https:\/\/imagazine.it\/wp-content\/uploads\/2024\/08\/Zombor-Barna1.jpg",1366,757,false],"landscape":["https:\/\/imagazine.it\/wp-content\/uploads\/2024\/08\/Zombor-Barna1.jpg",1366,757,false],"portraits":["https:\/\/imagazine.it\/wp-content\/uploads\/2024\/08\/Zombor-Barna1.jpg",1366,757,false],"thumbnail":["https:\/\/imagazine.it\/wp-content\/uploads\/2024\/08\/Zombor-Barna1-150x150.jpg",150,150,true],"medium":["https:\/\/imagazine.it\/wp-content\/uploads\/2024\/08\/Zombor-Barna1-300x166.jpg",300,166,true],"large":["https:\/\/imagazine.it\/wp-content\/uploads\/2024\/08\/Zombor-Barna1-1024x567.jpg",640,354,true],"thumblist":["https:\/\/imagazine.it\/wp-content\/uploads\/2024\/08\/Zombor-Barna1-300x300.jpg",300,300,true],"thumbrelated":["https:\/\/imagazine.it\/wp-content\/uploads\/2024\/08\/Zombor-Barna1-500x500.jpg",500,500,true],"meccarouselthumb":["https:\/\/imagazine.it\/wp-content\/uploads\/2024\/08\/Zombor-Barna1-474x324.jpg",474,324,true],"gridsquare":["https:\/\/imagazine.it\/wp-content\/uploads\/2024\/08\/Zombor-Barna1-391x260.jpg",391,260,true],"tileview":["https:\/\/imagazine.it\/wp-content\/uploads\/2024\/08\/Zombor-Barna1-300x400.jpg",300,400,true],"1536x1536":["https:\/\/imagazine.it\/wp-content\/uploads\/2024\/08\/Zombor-Barna1.jpg",1366,757,false],"2048x2048":["https:\/\/imagazine.it\/wp-content\/uploads\/2024\/08\/Zombor-Barna1.jpg",1366,757,false],"newsup-slider-full":["https:\/\/imagazine.it\/wp-content\/uploads\/2024\/08\/Zombor-Barna1-1280x720.jpg",1280,720,true],"newsup-featured":["https:\/\/imagazine.it\/wp-content\/uploads\/2024\/08\/Zombor-Barna1-1024x567.jpg",1024,567,true],"newsup-medium":["https:\/\/imagazine.it\/wp-content\/uploads\/2024\/08\/Zombor-Barna1-720x380.jpg",720,380,true],"tptn_thumbnail":["https:\/\/imagazine.it\/wp-content\/uploads\/2024\/08\/Zombor-Barna1-250x210.jpg",250,210,true],"sow-carousel-default":["https:\/\/imagazine.it\/wp-content\/uploads\/2024\/08\/Zombor-Barna1-272x182.jpg",272,182,true]},"rttpg_author":{"display_name":"redazione","author_link":"https:\/\/imagazine.it\/home_desk\/author\/redazione\/"},"rttpg_comment":0,"rttpg_category":"<a href=\"https:\/\/imagazine.it\/home_desk\/category\/cultura-e-spettacolo\/\" rel=\"category tag\">CULTURA&amp;SPETTACOLO<\/a>","rttpg_excerpt":"Tutto pronto per l\u2019Alpe Adria Puppet: la rassegna internazionale che trasforma la citt\u00e0 in un laboratorio aperto e dinamico","_links":{"self":[{"href":"https:\/\/imagazine.it\/home_desk\/wp-json\/wp\/v2\/posts\/57957","targetHints":{"allow":["GET"]}}],"collection":[{"href":"https:\/\/imagazine.it\/home_desk\/wp-json\/wp\/v2\/posts"}],"about":[{"href":"https:\/\/imagazine.it\/home_desk\/wp-json\/wp\/v2\/types\/post"}],"author":[{"embeddable":true,"href":"https:\/\/imagazine.it\/home_desk\/wp-json\/wp\/v2\/users\/28"}],"replies":[{"embeddable":true,"href":"https:\/\/imagazine.it\/home_desk\/wp-json\/wp\/v2\/comments?post=57957"}],"version-history":[{"count":0,"href":"https:\/\/imagazine.it\/home_desk\/wp-json\/wp\/v2\/posts\/57957\/revisions"}],"wp:featuredmedia":[{"embeddable":true,"href":"https:\/\/imagazine.it\/home_desk\/wp-json\/wp\/v2\/media\/57958"}],"wp:attachment":[{"href":"https:\/\/imagazine.it\/home_desk\/wp-json\/wp\/v2\/media?parent=57957"}],"wp:term":[{"taxonomy":"category","embeddable":true,"href":"https:\/\/imagazine.it\/home_desk\/wp-json\/wp\/v2\/categories?post=57957"},{"taxonomy":"post_tag","embeddable":true,"href":"https:\/\/imagazine.it\/home_desk\/wp-json\/wp\/v2\/tags?post=57957"}],"curies":[{"name":"wp","href":"https:\/\/api.w.org\/{rel}","templated":true}]}}