{"id":57919,"date":"2024-08-12T12:46:53","date_gmt":"2024-08-12T10:46:53","guid":{"rendered":"https:\/\/imagazine.it\/home_desk\/?p=57919"},"modified":"2024-08-13T10:11:06","modified_gmt":"2024-08-13T08:11:06","slug":"al-via-la-raccolta-delle-mele-in-fvg","status":"publish","type":"post","link":"https:\/\/imagazine.it\/home_desk\/al-via-la-raccolta-delle-mele-in-fvg\/","title":{"rendered":"Al via la raccolta delle mele in FVG"},"content":{"rendered":"<p>SPILIMBERGO \u2013 Ha preso avvio oggi la raccolta delle mele nella pi\u00f9 grande cooperativa di frutticoltori del Friuli Venezia Giulia.<\/p>\n<p>Con la variet\u00e0 \u201cGala\u201d, FruttaFriuli ha aperto ufficialmente le danze.<\/p>\n<p>A seguire, fino a inizio novembre, le altre variet\u00e0, mentre per il kiwi si partir\u00e0 a ottobre con la variet\u00e0 gialla per proseguire con quelle verde e rossa.<\/p>\n<p>Si prevede una <strong>raccolta in aumento rispetto allo scorso anno<\/strong>.<\/p>\n<p>In pi\u00f9 sono stati completati i lavori di ammodernamento dell\u2019area selezione, stoccaggio e conservazione della sede centrale, per una filiera di gestione della frutta moderna e funzionale.<\/p>\n<p>\u201cFino a qui \u2013 commenta il direttore <strong>Armando Paoli<\/strong> \u2013 abbiamo potuto contare su una stagione non particolarmente problematica a livello meteorologico. Forse un po\u2019 troppa acqua in primavera, ma questo permette ora di avere riserve idriche a sufficienza per il proseguimento dell\u2019estate. Avendo i nostri soci investito nelle reti di protezione, che hanno colore scuro, sia il troppo sole che le grandinate non hanno destato particolari problemi\u201d.<\/p>\n<p>\u201cPer quanto riguarda le mele \u2013 aggiunge \u2013 ci attendiamo quindi di <strong>superare i 200 mila quintali di raccolta<\/strong>, come da noi preventivato nel piano di sviluppo pluriennale. Per i kiwi sar\u00e0 da attendere settembre per avere delle previsioni pi\u00f9 certe, ma siamo fiduciosi per una buona raccolta. Nell\u2019attesa del prodotto nuovo, abbiamo dei soddisfacenti livelli di magazzino per far fronte alle domande della clientela\u201d.<\/p>\n<p>\u201cIn questa raccolta 2024 \u2013 conclude il direttore Paoli \u2013 potremo contare sulla nuova calibratrice e sull\u2019ammodernamento dell\u2019intera catena del freddo all\u2019interno del nostro ciclo di selezione e stoccaggio della frutta. Prossimo passaggio sar\u00e0 la riqualificazione degli uffici ma gi\u00e0 adesso la parte produttiva \u00e8 tutta ampliata, ammodernata ed energeticamente sostenibile: un grande traguardo dopo intensi lavori in questi ultimi anni, anche durante l\u2019emergenza COVID-19, visto che non ci siamo mai fermati\u201d.<\/p>\n","protected":false},"excerpt":{"rendered":"<p>Iniziate le operazione nella pi\u00f9 grande cooperativa di frutticoltori della regione. Previsioni positive. A ottobre i kiwi<\/p>\n","protected":false},"author":28,"featured_media":57920,"comment_status":"closed","ping_status":"closed","sticky":false,"template":"","format":"image","meta":{"dwc-title":[""],"dwc-content":[""],"footnotes":""},"categories":[6],"tags":[1373,2329,472,2328,302],"class_list":["post-57919","post","type-post","status-publish","format-image","has-post-thumbnail","hentry","category-societa","tag-agricoltura","tag-frutta","tag-lavoro","tag-mele","tag-spilimbergo","post_format-post-format-image"],"rttpg_featured_image_url":{"full":["https:\/\/imagazine.it\/wp-content\/uploads\/2024\/08\/raccolta-meleOK.jpg",1366,792,false],"landscape":["https:\/\/imagazine.it\/wp-content\/uploads\/2024\/08\/raccolta-meleOK.jpg",1366,792,false],"portraits":["https:\/\/imagazine.it\/wp-content\/uploads\/2024\/08\/raccolta-meleOK.jpg",1366,792,false],"thumbnail":["https:\/\/imagazine.it\/wp-content\/uploads\/2024\/08\/raccolta-meleOK-150x150.jpg",150,150,true],"medium":["https:\/\/imagazine.it\/wp-content\/uploads\/2024\/08\/raccolta-meleOK-300x174.jpg",300,174,true],"large":["https:\/\/imagazine.it\/wp-content\/uploads\/2024\/08\/raccolta-meleOK-1024x594.jpg",640,371,true],"thumblist":["https:\/\/imagazine.it\/wp-content\/uploads\/2024\/08\/raccolta-meleOK-300x300.jpg",300,300,true],"thumbrelated":["https:\/\/imagazine.it\/wp-content\/uploads\/2024\/08\/raccolta-meleOK-500x500.jpg",500,500,true],"meccarouselthumb":["https:\/\/imagazine.it\/wp-content\/uploads\/2024\/08\/raccolta-meleOK-474x324.jpg",474,324,true],"gridsquare":["https:\/\/imagazine.it\/wp-content\/uploads\/2024\/08\/raccolta-meleOK-391x260.jpg",391,260,true],"tileview":["https:\/\/imagazine.it\/wp-content\/uploads\/2024\/08\/raccolta-meleOK-300x400.jpg",300,400,true],"1536x1536":["https:\/\/imagazine.it\/wp-content\/uploads\/2024\/08\/raccolta-meleOK.jpg",1366,792,false],"2048x2048":["https:\/\/imagazine.it\/wp-content\/uploads\/2024\/08\/raccolta-meleOK.jpg",1366,792,false],"newsup-slider-full":["https:\/\/imagazine.it\/wp-content\/uploads\/2024\/08\/raccolta-meleOK-1280x720.jpg",1280,720,true],"newsup-featured":["https:\/\/imagazine.it\/wp-content\/uploads\/2024\/08\/raccolta-meleOK-1024x594.jpg",1024,594,true],"newsup-medium":["https:\/\/imagazine.it\/wp-content\/uploads\/2024\/08\/raccolta-meleOK-720x380.jpg",720,380,true],"tptn_thumbnail":["https:\/\/imagazine.it\/wp-content\/uploads\/2024\/08\/raccolta-meleOK-250x210.jpg",250,210,true],"sow-carousel-default":["https:\/\/imagazine.it\/wp-content\/uploads\/2024\/08\/raccolta-meleOK-272x182.jpg",272,182,true]},"rttpg_author":{"display_name":"redazione","author_link":"https:\/\/imagazine.it\/home_desk\/author\/redazione\/"},"rttpg_comment":0,"rttpg_category":"<a href=\"https:\/\/imagazine.it\/home_desk\/category\/societa\/\" rel=\"category tag\">SOCIET\u00c0<\/a>","rttpg_excerpt":"Iniziate le operazione nella pi\u00f9 grande cooperativa di frutticoltori della regione. Previsioni positive. A ottobre i kiwi","_links":{"self":[{"href":"https:\/\/imagazine.it\/home_desk\/wp-json\/wp\/v2\/posts\/57919","targetHints":{"allow":["GET"]}}],"collection":[{"href":"https:\/\/imagazine.it\/home_desk\/wp-json\/wp\/v2\/posts"}],"about":[{"href":"https:\/\/imagazine.it\/home_desk\/wp-json\/wp\/v2\/types\/post"}],"author":[{"embeddable":true,"href":"https:\/\/imagazine.it\/home_desk\/wp-json\/wp\/v2\/users\/28"}],"replies":[{"embeddable":true,"href":"https:\/\/imagazine.it\/home_desk\/wp-json\/wp\/v2\/comments?post=57919"}],"version-history":[{"count":0,"href":"https:\/\/imagazine.it\/home_desk\/wp-json\/wp\/v2\/posts\/57919\/revisions"}],"wp:featuredmedia":[{"embeddable":true,"href":"https:\/\/imagazine.it\/home_desk\/wp-json\/wp\/v2\/media\/57920"}],"wp:attachment":[{"href":"https:\/\/imagazine.it\/home_desk\/wp-json\/wp\/v2\/media?parent=57919"}],"wp:term":[{"taxonomy":"category","embeddable":true,"href":"https:\/\/imagazine.it\/home_desk\/wp-json\/wp\/v2\/categories?post=57919"},{"taxonomy":"post_tag","embeddable":true,"href":"https:\/\/imagazine.it\/home_desk\/wp-json\/wp\/v2\/tags?post=57919"}],"curies":[{"name":"wp","href":"https:\/\/api.w.org\/{rel}","templated":true}]}}