{"id":57903,"date":"2024-08-09T15:47:39","date_gmt":"2024-08-09T13:47:39","guid":{"rendered":"https:\/\/imagazine.it\/home_desk\/?p=57903"},"modified":"2024-08-09T15:47:39","modified_gmt":"2024-08-09T13:47:39","slug":"da-strassoldo-a-barbana-due-secoli-di-tradizione","status":"publish","type":"post","link":"https:\/\/imagazine.it\/home_desk\/da-strassoldo-a-barbana-due-secoli-di-tradizione\/","title":{"rendered":"Da Strassoldo a Barbana: due secoli di tradizione"},"content":{"rendered":"<p>CERVIGNANO DEL FRIULI \u2013 Sono 201 anni da quando i <strong>fratelli Magrini<\/strong>, due muratori di <strong>Strassoldo<\/strong>, stavano lavorando e caddero da un&#8217;impalcatura alta. Invocarono la Madonna di Barbana e, miracolosamente, non si fecero male.<\/p>\n<p>Per ringraziarla, promisero di andare in pellegrinaggio a Barbana ogni anno.<\/p>\n<p>Nel 1823, tutto il paese di Strassoldo decise di andare con loro.<\/p>\n<p>Questo voto \u00e8 raffigurato su una vetrata nella chiesa di San Nicol\u00f2 a Strassoldo: vegnarin simpri a V\u00f4 tal prim miarcui di avost (verremo sempre da Voi il primo mercoled\u00ec di agosto).<\/p>\n<p>Da allora gli abitanti di Strassoldo, fedeli alla loro promessa, si recano ogni anno a Barbana nel primo mercoled\u00ec di agosto.<\/p>\n<p>Anche quest&#8217;anno, un numeroso gruppo di pellegrini si \u00e8 radunato all&#8217;imbarcadero per intraprendere la tradizionale traversata.<\/p>\n<p>Accolti da <strong>fra Gregorio<\/strong> con la Croce di Aquileia, i fedeli hanno partecipato alla processione, accompagnata dal canto delle litanie lauretane.<\/p>\n<p>Dopo le confessioni, il parroco <strong>don Sinuhe Marotta<\/strong> ha celebrato la messa.<\/p>\n<p>Tra i pellegrini, spiccavano figure come <strong>Franco Edvige<\/strong>, <strong>Angelo Benacchio<\/strong> e <strong>Riccarda Di Biagio<\/strong>, ottuagenari che hanno vissuto l&#8217;evoluzione di questa tradizione. Hanno ricordano con nostalgia i tempi della loro infanzia, quando il pellegrinaggio a Barbana era un evento attesissimo, era la vacanza pi\u00f9 bella, un&#8217;esperienza che univa tutta la comunit\u00e0.<\/p>\n<p>I ricordi si sono fatti pi\u00f9 vivi quando hanno descritto i viaggi in carro fino a Belvedere, un&#8217;avventura che durava ore e che li faceva sentire parte di qualcosa di pi\u00f9 grande; salire sul vaporetto era come varcare una soglia verso un mondo sacro. Ma il momento pi\u00f9 intenso era senza dubbio il pranzo comunitario, un&#8217;occasione per condividere cibo, storie e preghiere. Quella tavola imbandita era un simbolo di unione e di fede.<\/p>\n","protected":false},"excerpt":{"rendered":"<p>Il primo mercoled\u00ec di agosto la comunit\u00e0 strassoldina ha rinnovato il voto fatto nel 1823 dai fratelli Magrini e condiviso da tutti<\/p>\n","protected":false},"author":22,"featured_media":57904,"comment_status":"closed","ping_status":"closed","sticky":false,"template":"","format":"image","meta":{"dwc-title":[""],"dwc-content":[""],"footnotes":""},"categories":[5],"tags":[2008,119,1720,120,419],"class_list":["post-57903","post","type-post","status-publish","format-image","has-post-thumbnail","hentry","category-attualita","tag-barbana","tag-cervignano","tag-pellegrinaggio","tag-strassoldo","tag-tradizioni","post_format-post-format-image"],"rttpg_featured_image_url":{"full":["https:\/\/imagazine.it\/wp-content\/uploads\/2024\/08\/2024.jpg",1366,709,false],"landscape":["https:\/\/imagazine.it\/wp-content\/uploads\/2024\/08\/2024.jpg",1366,709,false],"portraits":["https:\/\/imagazine.it\/wp-content\/uploads\/2024\/08\/2024.jpg",1366,709,false],"thumbnail":["https:\/\/imagazine.it\/wp-content\/uploads\/2024\/08\/2024-150x150.jpg",150,150,true],"medium":["https:\/\/imagazine.it\/wp-content\/uploads\/2024\/08\/2024-300x156.jpg",300,156,true],"large":["https:\/\/imagazine.it\/wp-content\/uploads\/2024\/08\/2024-1024x531.jpg",640,332,true],"thumblist":["https:\/\/imagazine.it\/wp-content\/uploads\/2024\/08\/2024-300x300.jpg",300,300,true],"thumbrelated":["https:\/\/imagazine.it\/wp-content\/uploads\/2024\/08\/2024-500x500.jpg",500,500,true],"meccarouselthumb":["https:\/\/imagazine.it\/wp-content\/uploads\/2024\/08\/2024-474x324.jpg",474,324,true],"gridsquare":["https:\/\/imagazine.it\/wp-content\/uploads\/2024\/08\/2024-391x260.jpg",391,260,true],"tileview":["https:\/\/imagazine.it\/wp-content\/uploads\/2024\/08\/2024-300x400.jpg",300,400,true],"1536x1536":["https:\/\/imagazine.it\/wp-content\/uploads\/2024\/08\/2024.jpg",1366,709,false],"2048x2048":["https:\/\/imagazine.it\/wp-content\/uploads\/2024\/08\/2024.jpg",1366,709,false],"newsup-slider-full":["https:\/\/imagazine.it\/wp-content\/uploads\/2024\/08\/2024-1280x709.jpg",1280,709,true],"newsup-featured":["https:\/\/imagazine.it\/wp-content\/uploads\/2024\/08\/2024-1024x531.jpg",1024,531,true],"newsup-medium":["https:\/\/imagazine.it\/wp-content\/uploads\/2024\/08\/2024-720x380.jpg",720,380,true],"tptn_thumbnail":["https:\/\/imagazine.it\/wp-content\/uploads\/2024\/08\/2024-250x210.jpg",250,210,true],"sow-carousel-default":["https:\/\/imagazine.it\/wp-content\/uploads\/2024\/08\/2024-272x182.jpg",272,182,true]},"rttpg_author":{"display_name":"Livio Nonis","author_link":"https:\/\/imagazine.it\/home_desk\/author\/nonis\/"},"rttpg_comment":0,"rttpg_category":"<a href=\"https:\/\/imagazine.it\/home_desk\/category\/attualita\/\" rel=\"category tag\">ATTUALIT\u00c0<\/a>","rttpg_excerpt":"Il primo mercoled\u00ec di agosto la comunit\u00e0 strassoldina ha rinnovato il voto fatto nel 1823 dai fratelli Magrini e condiviso da tutti","_links":{"self":[{"href":"https:\/\/imagazine.it\/home_desk\/wp-json\/wp\/v2\/posts\/57903","targetHints":{"allow":["GET"]}}],"collection":[{"href":"https:\/\/imagazine.it\/home_desk\/wp-json\/wp\/v2\/posts"}],"about":[{"href":"https:\/\/imagazine.it\/home_desk\/wp-json\/wp\/v2\/types\/post"}],"author":[{"embeddable":true,"href":"https:\/\/imagazine.it\/home_desk\/wp-json\/wp\/v2\/users\/22"}],"replies":[{"embeddable":true,"href":"https:\/\/imagazine.it\/home_desk\/wp-json\/wp\/v2\/comments?post=57903"}],"version-history":[{"count":0,"href":"https:\/\/imagazine.it\/home_desk\/wp-json\/wp\/v2\/posts\/57903\/revisions"}],"wp:featuredmedia":[{"embeddable":true,"href":"https:\/\/imagazine.it\/home_desk\/wp-json\/wp\/v2\/media\/57904"}],"wp:attachment":[{"href":"https:\/\/imagazine.it\/home_desk\/wp-json\/wp\/v2\/media?parent=57903"}],"wp:term":[{"taxonomy":"category","embeddable":true,"href":"https:\/\/imagazine.it\/home_desk\/wp-json\/wp\/v2\/categories?post=57903"},{"taxonomy":"post_tag","embeddable":true,"href":"https:\/\/imagazine.it\/home_desk\/wp-json\/wp\/v2\/tags?post=57903"}],"curies":[{"name":"wp","href":"https:\/\/api.w.org\/{rel}","templated":true}]}}