{"id":57804,"date":"2024-08-06T18:00:49","date_gmt":"2024-08-06T16:00:49","guid":{"rendered":"https:\/\/imagazine.it\/home_desk\/?p=57804"},"modified":"2024-08-07T16:57:29","modified_gmt":"2024-08-07T14:57:29","slug":"furti-di-bici-a-bibione-e-lignano-arrestati","status":"publish","type":"post","link":"https:\/\/imagazine.it\/home_desk\/furti-di-bici-a-bibione-e-lignano-arrestati\/","title":{"rendered":"Furti di bici a Bibione e Lignano: arrestati"},"content":{"rendered":"<p><span style=\"font-size: 10pt;\"><em>Le bici recuperate dalla Polizia locale<\/em><\/span><\/p>\n<p>SAN MICHELE AL TAGLIAMENTO \u2013 La Polizia Locale di San Michele al Tagliamento \u2013 Bibione \u00e8 riuscita a individuare una\u00a0<strong>banda di cittadini rumeni <\/strong>ritenuti responsabili di una serie di furti di biciclette di valore tra Bibione e Lignano.<\/p>\n<p>Ammonta a<strong> circa duecento mila euro<\/strong>\u00a0il valore dei beni sottratti,\u00a0in gran parte recuperati e gi\u00e0 restituiti ai legittimi proprietari.<\/p>\n<p>La banda era composta da quattro persone. Provenienti dalla Romania stanziavano alcuni giorni a Bibione per poi procedere con i furti e portare le bici in madrepatria.<\/p>\n<h3>Le indagini<\/h3>\n<p>Durante la seconda trasferta il Nucleo di polizia giudiziaria della Polizia Locale di San Michele al Tagliamento \u2013 Bibione \u00e8 riuscito a individuare il gruppo grazie a\u00a0<strong>un\u2019indagine<\/strong>\u00a0condotta anche con l\u2019ausilio dei sistemi di videosorveglianza comunale e privati.<\/p>\n<p>La banda usciva di casa esclusivamente per effettuare sopralluoghi e per poi compiere i furti.<\/p>\n<p>Alla terza trasferta la Polizia Locale li stava gi\u00e0 attendendo e, non appena attraversato il confine con l\u2019Italia, sono stati posti sotto osservazione.<\/p>\n<h3>Di giorno a Lignano, di notte a Bibione<\/h3>\n<p><strong>Quattro giorni di pedinamenti e attivit\u00e0 di osservazione<\/strong>\u00a0hanno permesso di accertare che il sodalizio criminoso si muoveva con attenzione tra le due localit\u00e0 di mare confinanti:\u00a0<strong>di giorno si portavano a Lignano Pineda e Riviera<\/strong>, dove sul lungomare rubavano i velocipedi ai turisti che si trovavano al mare, mentre\u00a0<strong>di notte effettuavano i furti a Bibione<\/strong>\u00a0presso gli hotel e i residence.<\/p>\n<p>Appena appurato che erano pronti per portare il carico in Romania, la Polizia Locale, in coordinamento con la Procura della Repubblica di Pordenone, \u00e8 intervenuta facendo irruzione nella villetta che avevano affittato vicino a Bibione.<\/p>\n<p>I quattro non hanno opposto resistenza e sono stati sottoposti a fermo di polizia giudiziaria per poi essere trasferiti presso il carcere di Pordenone e di Trieste.<\/p>\n<p><strong>Il GIP in sede di convalida ha disposto la custodia cautelare in carcere per tutti e quattro i fermati.<\/strong><\/p>\n<p>All\u2019interno dell\u2019abitazione sono state rinvenute decine di biciclette delle varie marche pi\u00f9 prestigiose, rubate tra Lignano Sabbiadoro e Bibione, mezzi del <strong>valore ricompreso tra i 5 e 10 mila euro l\u2019una<\/strong>.<\/p>\n<p><em>\u201cErano giunte numerose denunce di furto da parte di turisti, disperati per l\u2019ingente danno economico patito<\/em>\u00a0\u2013 spiega il\u00a0<strong>Comandante della Polizia Locale, commissario Matteo Cusan<\/strong> \u2013 <em>e il nucleo di polizia giudiziaria si \u00e8 attivato prontamente per dare una pronta risposta a questa serie di furti, con un attivit\u00e0 d\u2019indagine complessa che ha permesso di ricostruire dettagliatamente ogni spostamento e attivit\u00e0 compiuti della banda, nonch\u00e9 il loro modus operandi che li ha portati per\u00f2 a cadere nella rete della giustizia\u201d.<\/em><\/p>\n<p><strong>Alcune bicilette non sono ancora state riconosciute.<\/strong>\u00a0Chi avesse subito un furto di velocipede di valore tra Lignano e Bibione,\u00a0nel periodo tra il 22 ed il 25 luglio, pu\u00f2 contattare la Polizia Locale di Bibione (0431-444800 o all\u2019indirizzo mail\u00a0<a href=\"mailto:pg@comunesanmichele.it\">pg@comunesanmichele.it<\/a>)<\/p>\n","protected":false},"excerpt":{"rendered":"<p>Quattro cittadini rumeni in carcere a Pordenone e Trieste. Sottratti mezzi dal valore complessivo di 200mila euro. In gran parte recuperati<\/p>\n","protected":false},"author":28,"featured_media":57805,"comment_status":"closed","ping_status":"closed","sticky":false,"template":"","format":"image","meta":{"dwc-title":[""],"dwc-content":[""],"footnotes":""},"categories":[5],"tags":[1161,194,225,541,534],"class_list":["post-57804","post","type-post","status-publish","format-image","has-post-thumbnail","hentry","category-attualita","tag-bibione","tag-bici","tag-lignano","tag-polizia","tag-sicurezza","post_format-post-format-image"],"rttpg_featured_image_url":{"full":["https:\/\/imagazine.it\/wp-content\/uploads\/2024\/08\/furto-bici.jpg",1366,708,false],"landscape":["https:\/\/imagazine.it\/wp-content\/uploads\/2024\/08\/furto-bici.jpg",1366,708,false],"portraits":["https:\/\/imagazine.it\/wp-content\/uploads\/2024\/08\/furto-bici.jpg",1366,708,false],"thumbnail":["https:\/\/imagazine.it\/wp-content\/uploads\/2024\/08\/furto-bici-150x150.jpg",150,150,true],"medium":["https:\/\/imagazine.it\/wp-content\/uploads\/2024\/08\/furto-bici-300x155.jpg",300,155,true],"large":["https:\/\/imagazine.it\/wp-content\/uploads\/2024\/08\/furto-bici-1024x531.jpg",640,332,true],"thumblist":["https:\/\/imagazine.it\/wp-content\/uploads\/2024\/08\/furto-bici-300x300.jpg",300,300,true],"thumbrelated":["https:\/\/imagazine.it\/wp-content\/uploads\/2024\/08\/furto-bici-500x500.jpg",500,500,true],"meccarouselthumb":["https:\/\/imagazine.it\/wp-content\/uploads\/2024\/08\/furto-bici-474x324.jpg",474,324,true],"gridsquare":["https:\/\/imagazine.it\/wp-content\/uploads\/2024\/08\/furto-bici-391x260.jpg",391,260,true],"tileview":["https:\/\/imagazine.it\/wp-content\/uploads\/2024\/08\/furto-bici-300x400.jpg",300,400,true],"1536x1536":["https:\/\/imagazine.it\/wp-content\/uploads\/2024\/08\/furto-bici.jpg",1366,708,false],"2048x2048":["https:\/\/imagazine.it\/wp-content\/uploads\/2024\/08\/furto-bici.jpg",1366,708,false],"newsup-slider-full":["https:\/\/imagazine.it\/wp-content\/uploads\/2024\/08\/furto-bici-1280x708.jpg",1280,708,true],"newsup-featured":["https:\/\/imagazine.it\/wp-content\/uploads\/2024\/08\/furto-bici-1024x531.jpg",1024,531,true],"newsup-medium":["https:\/\/imagazine.it\/wp-content\/uploads\/2024\/08\/furto-bici-720x380.jpg",720,380,true],"tptn_thumbnail":["https:\/\/imagazine.it\/wp-content\/uploads\/2024\/08\/furto-bici-250x210.jpg",250,210,true],"sow-carousel-default":["https:\/\/imagazine.it\/wp-content\/uploads\/2024\/08\/furto-bici-272x182.jpg",272,182,true]},"rttpg_author":{"display_name":"redazione","author_link":"https:\/\/imagazine.it\/home_desk\/author\/redazione\/"},"rttpg_comment":0,"rttpg_category":"<a href=\"https:\/\/imagazine.it\/home_desk\/category\/attualita\/\" rel=\"category tag\">ATTUALIT\u00c0<\/a>","rttpg_excerpt":"Quattro cittadini rumeni in carcere a Pordenone e Trieste. Sottratti mezzi dal valore complessivo di 200mila euro. In gran parte recuperati","_links":{"self":[{"href":"https:\/\/imagazine.it\/home_desk\/wp-json\/wp\/v2\/posts\/57804","targetHints":{"allow":["GET"]}}],"collection":[{"href":"https:\/\/imagazine.it\/home_desk\/wp-json\/wp\/v2\/posts"}],"about":[{"href":"https:\/\/imagazine.it\/home_desk\/wp-json\/wp\/v2\/types\/post"}],"author":[{"embeddable":true,"href":"https:\/\/imagazine.it\/home_desk\/wp-json\/wp\/v2\/users\/28"}],"replies":[{"embeddable":true,"href":"https:\/\/imagazine.it\/home_desk\/wp-json\/wp\/v2\/comments?post=57804"}],"version-history":[{"count":0,"href":"https:\/\/imagazine.it\/home_desk\/wp-json\/wp\/v2\/posts\/57804\/revisions"}],"wp:featuredmedia":[{"embeddable":true,"href":"https:\/\/imagazine.it\/home_desk\/wp-json\/wp\/v2\/media\/57805"}],"wp:attachment":[{"href":"https:\/\/imagazine.it\/home_desk\/wp-json\/wp\/v2\/media?parent=57804"}],"wp:term":[{"taxonomy":"category","embeddable":true,"href":"https:\/\/imagazine.it\/home_desk\/wp-json\/wp\/v2\/categories?post=57804"},{"taxonomy":"post_tag","embeddable":true,"href":"https:\/\/imagazine.it\/home_desk\/wp-json\/wp\/v2\/tags?post=57804"}],"curies":[{"name":"wp","href":"https:\/\/api.w.org\/{rel}","templated":true}]}}