{"id":57712,"date":"2024-08-02T17:51:07","date_gmt":"2024-08-02T15:51:07","guid":{"rendered":"https:\/\/imagazine.it\/home_desk\/?p=57712"},"modified":"2024-08-06T16:00:03","modified_gmt":"2024-08-06T14:00:03","slug":"estranei-ultime-riprese-in-fvg-per-la-serie-rai","status":"publish","type":"post","link":"https:\/\/imagazine.it\/home_desk\/estranei-ultime-riprese-in-fvg-per-la-serie-rai\/","title":{"rendered":"Estranei: ultime riprese in FVG per la serie Rai"},"content":{"rendered":"<p><span style=\"font-size: 10pt;\"><em>Giulio Scarpati e Ricky Memphis sul set<\/em><\/span><\/p>\n<p>UDINE \u2013 Sono in corso in Friuli Venezia Giulia le riprese di<strong>\u00a0\u201c<em>Estranei<\/em>\u201d<\/strong>, la nuova serie crime in 4 serate (8&#215;50\u2019) prossimamente\u00a0<strong>in onda su Rai2. <\/strong><\/p>\n<p>La serie \u00e8 diretta da <strong>Cosimo Alem\u00e0<\/strong>, con <strong>Elena Radonicich, Ricky Memphis, Marco Cocci, Kel Giordano, Maurizio Donadoni, Eleonora Giovanardi<\/strong>, con la partecipazione di <strong>Giulio Scarpati<\/strong> e <strong>Isabella Ferrari<\/strong>.<\/p>\n<p>\u201c<em>Estranei<\/em>\u201d \u00e8 una coproduzione di Rai Fiction, Eagle Original Content, Rai Com realizzata con il sostegno della\u00a0<strong>Friuli Venezia Giulia Film Commission &#8211; PromoTurismoFVG<\/strong>\u00a0e della Regione Emilia-Romagna attraverso Emilia-Romagna Film Commission.<\/p>\n<figure id=\"attachment_57713\" aria-describedby=\"caption-attachment-57713\" style=\"width: 640px\" class=\"wp-caption aligncenter\"><img loading=\"lazy\" decoding=\"async\" class=\"size-large wp-image-57713\" src=\"https:\/\/imagazine.it\/wp-content\/uploads\/2024\/08\/CAMPO-BASE_ex-ospedale-psichiatrico-provinciale-di-Udine-1024x614.jpg\" alt=\"\" width=\"640\" height=\"384\" title=\"\" srcset=\"https:\/\/imagazine.it\/wp-content\/uploads\/2024\/08\/CAMPO-BASE_ex-ospedale-psichiatrico-provinciale-di-Udine-1024x614.jpg 1024w, https:\/\/imagazine.it\/wp-content\/uploads\/2024\/08\/CAMPO-BASE_ex-ospedale-psichiatrico-provinciale-di-Udine-300x180.jpg 300w, https:\/\/imagazine.it\/wp-content\/uploads\/2024\/08\/CAMPO-BASE_ex-ospedale-psichiatrico-provinciale-di-Udine-768x460.jpg 768w, https:\/\/imagazine.it\/wp-content\/uploads\/2024\/08\/CAMPO-BASE_ex-ospedale-psichiatrico-provinciale-di-Udine.jpg 1366w\" sizes=\"auto, (max-width: 640px) 100vw, 640px\" \/><figcaption id=\"caption-attachment-57713\" class=\"wp-caption-text\">Campo base all&#8217;ex ospedale psichiatrico provinciale di Udine<\/figcaption><\/figure>\n<p>Terminate le riprese in Emilia-Romagna, il set \u00e8 giunto il 19 luglio in Friuli Venezia Giulia. La produzione ha utilizzato come principali <em>location<\/em>\u00a0<strong>Udine<\/strong>\u00a0e dintorni. Le riprese si sono svolte nel centro di Udine, coinvolgendo diverse vie della citt\u00e0 come via Viola, via Gorgo, via Magrini, via della Rosta, via Villalta, via Baldissera e via Castellana, oltre ad altre strade locali.<\/p>\n<p>Successivamente, il set si \u00e8 spostato a\u00a0<strong>Tavagnacco<\/strong>, al cimitero militare inglese di Adegliacco, l&#8217;unico <em>War Cemetery<\/em> in Friuli, e a\u00a0<strong>Cividale del Friuli<\/strong>.<\/p>\n<p>Le principali ambientazioni sono state ricostruite all&#8217;ex ospedale psichiatrico di via Pozzuolo, che ha permesso di creare pi\u00f9 set, trasformandosi in una piccola Cinecitt\u00e0 a Udine. La troupe rimarr\u00e0 nella nostra regione fino a luned\u00ec 5 agosto, concludendo le riprese a<strong>\u00a0Trieste<\/strong>\u00a0in Piazza Unit\u00e0 al Palazzo della Regione, che per esigenze di set si trasformer\u00e0 in una banca.<\/p>\n<h3>La trama<\/h3>\n<p>Al centro di <em>Estranei<\/em>, una piccola cittadina tra i campi e la nebbia di pianura dove vive, da sempre in armonia con la comunit\u00e0 locale, una delle pi\u00f9 grandi comunit\u00e0 Sikh d\u2019Europa.<\/p>\n<p>La scomparsa di due innamorati, Camilla Ruggeri e Manraj Singh \u2013 due moderni Romeo e Giulietta appartenenti a realt\u00e0 apparentemente molto distanti \u2013 mina per\u00f2 questo fragile equilibrio dando il via a una sequenza di morte, rivalit\u00e0 e verit\u00e0 non dette.<\/p>\n<p>A indagare su questo caso dai risvolti inaspettati sar\u00e0 la talentuosa carabiniera Laura Macchi tornata al suo paese nativo per prendersi cura dell\u2019anziano padre, il sindaco Antonio Macchi.<\/p>\n<p>Nel tentativo di preservare quel delicato equilibrio tra le due comunit\u00e0 che suo padre aveva costruito nel tempo con grande dedizione, Laura si trover\u00e0 a scavare in un passato torbido, facendo emergere inquietanti segreti che coinvolgono l\u2019intera cittadina. Tutti dovranno fare i conti con un\u2019amara verit\u00e0: il bene e il male albergano in ognuno di noi. Nessuno escluso.<\/p>\n","protected":false},"excerpt":{"rendered":"<p>Dopo Udine, Tavagnacco e Cividale, luned\u00ec riprese in piazza Unit\u00e0 a Trieste. Tra gli attori Ricky Memphis e Isabella Ferrari<\/p>\n","protected":false},"author":28,"featured_media":57714,"comment_status":"closed","ping_status":"closed","sticky":false,"template":"","format":"image","meta":{"dwc-title":[""],"dwc-content":[""],"footnotes":""},"categories":[37],"tags":[170,1410,2295,2294,1252,65,1020,101],"class_list":["post-57712","post","type-post","status-publish","format-image","has-post-thumbnail","hentry","category-cultura-e-spettacolo","tag-cividale","tag-film","tag-rai","tag-serie","tag-tavagnacco","tag-trieste","tag-tv","tag-udine","post_format-post-format-image"],"rttpg_featured_image_url":{"full":["https:\/\/imagazine.it\/wp-content\/uploads\/2024\/08\/Giulio-ScarpatiRicky-Memphis_.jpg",1366,782,false],"landscape":["https:\/\/imagazine.it\/wp-content\/uploads\/2024\/08\/Giulio-ScarpatiRicky-Memphis_.jpg",1366,782,false],"portraits":["https:\/\/imagazine.it\/wp-content\/uploads\/2024\/08\/Giulio-ScarpatiRicky-Memphis_.jpg",1366,782,false],"thumbnail":["https:\/\/imagazine.it\/wp-content\/uploads\/2024\/08\/Giulio-ScarpatiRicky-Memphis_-150x150.jpg",150,150,true],"medium":["https:\/\/imagazine.it\/wp-content\/uploads\/2024\/08\/Giulio-ScarpatiRicky-Memphis_-300x172.jpg",300,172,true],"large":["https:\/\/imagazine.it\/wp-content\/uploads\/2024\/08\/Giulio-ScarpatiRicky-Memphis_-1024x586.jpg",640,366,true],"thumblist":["https:\/\/imagazine.it\/wp-content\/uploads\/2024\/08\/Giulio-ScarpatiRicky-Memphis_-300x300.jpg",300,300,true],"thumbrelated":["https:\/\/imagazine.it\/wp-content\/uploads\/2024\/08\/Giulio-ScarpatiRicky-Memphis_-500x500.jpg",500,500,true],"meccarouselthumb":["https:\/\/imagazine.it\/wp-content\/uploads\/2024\/08\/Giulio-ScarpatiRicky-Memphis_-474x324.jpg",474,324,true],"gridsquare":["https:\/\/imagazine.it\/wp-content\/uploads\/2024\/08\/Giulio-ScarpatiRicky-Memphis_-391x260.jpg",391,260,true],"tileview":["https:\/\/imagazine.it\/wp-content\/uploads\/2024\/08\/Giulio-ScarpatiRicky-Memphis_-300x400.jpg",300,400,true],"1536x1536":["https:\/\/imagazine.it\/wp-content\/uploads\/2024\/08\/Giulio-ScarpatiRicky-Memphis_.jpg",1366,782,false],"2048x2048":["https:\/\/imagazine.it\/wp-content\/uploads\/2024\/08\/Giulio-ScarpatiRicky-Memphis_.jpg",1366,782,false],"newsup-slider-full":["https:\/\/imagazine.it\/wp-content\/uploads\/2024\/08\/Giulio-ScarpatiRicky-Memphis_-1280x720.jpg",1280,720,true],"newsup-featured":["https:\/\/imagazine.it\/wp-content\/uploads\/2024\/08\/Giulio-ScarpatiRicky-Memphis_-1024x586.jpg",1024,586,true],"newsup-medium":["https:\/\/imagazine.it\/wp-content\/uploads\/2024\/08\/Giulio-ScarpatiRicky-Memphis_-720x380.jpg",720,380,true],"tptn_thumbnail":["https:\/\/imagazine.it\/wp-content\/uploads\/2024\/08\/Giulio-ScarpatiRicky-Memphis_-250x210.jpg",250,210,true],"sow-carousel-default":["https:\/\/imagazine.it\/wp-content\/uploads\/2024\/08\/Giulio-ScarpatiRicky-Memphis_-272x182.jpg",272,182,true]},"rttpg_author":{"display_name":"redazione","author_link":"https:\/\/imagazine.it\/home_desk\/author\/redazione\/"},"rttpg_comment":0,"rttpg_category":"<a href=\"https:\/\/imagazine.it\/home_desk\/category\/cultura-e-spettacolo\/\" rel=\"category tag\">CULTURA&amp;SPETTACOLO<\/a>","rttpg_excerpt":"Dopo Udine, Tavagnacco e Cividale, luned\u00ec riprese in piazza Unit\u00e0 a Trieste. Tra gli attori Ricky Memphis e Isabella Ferrari","_links":{"self":[{"href":"https:\/\/imagazine.it\/home_desk\/wp-json\/wp\/v2\/posts\/57712","targetHints":{"allow":["GET"]}}],"collection":[{"href":"https:\/\/imagazine.it\/home_desk\/wp-json\/wp\/v2\/posts"}],"about":[{"href":"https:\/\/imagazine.it\/home_desk\/wp-json\/wp\/v2\/types\/post"}],"author":[{"embeddable":true,"href":"https:\/\/imagazine.it\/home_desk\/wp-json\/wp\/v2\/users\/28"}],"replies":[{"embeddable":true,"href":"https:\/\/imagazine.it\/home_desk\/wp-json\/wp\/v2\/comments?post=57712"}],"version-history":[{"count":0,"href":"https:\/\/imagazine.it\/home_desk\/wp-json\/wp\/v2\/posts\/57712\/revisions"}],"wp:featuredmedia":[{"embeddable":true,"href":"https:\/\/imagazine.it\/home_desk\/wp-json\/wp\/v2\/media\/57714"}],"wp:attachment":[{"href":"https:\/\/imagazine.it\/home_desk\/wp-json\/wp\/v2\/media?parent=57712"}],"wp:term":[{"taxonomy":"category","embeddable":true,"href":"https:\/\/imagazine.it\/home_desk\/wp-json\/wp\/v2\/categories?post=57712"},{"taxonomy":"post_tag","embeddable":true,"href":"https:\/\/imagazine.it\/home_desk\/wp-json\/wp\/v2\/tags?post=57712"}],"curies":[{"name":"wp","href":"https:\/\/api.w.org\/{rel}","templated":true}]}}