{"id":57709,"date":"2024-08-02T17:17:15","date_gmt":"2024-08-02T15:17:15","guid":{"rendered":"https:\/\/imagazine.it\/home_desk\/?p=57709"},"modified":"2024-08-06T11:09:37","modified_gmt":"2024-08-06T09:09:37","slug":"croazia-e-friuli-studiano-il-relitto-di-sipar","status":"publish","type":"post","link":"https:\/\/imagazine.it\/home_desk\/croazia-e-friuli-studiano-il-relitto-di-sipar\/","title":{"rendered":"Croazia e Friuli studiano il relitto di Sipar"},"content":{"rendered":"<p><span style=\"font-size: 10pt;\"><em>La penisola di Sipar dall&#8217;alto<\/em><\/span><\/p>\n<p>UDINE \u2013 Il <strong>relitto della penisola di Sipar<\/strong>, al largo di <strong>Umago<\/strong> in Croazia, dovrebbe risalire al XII secolo.<\/p>\n<p>La parte di scafo conservata e documentata misura circa 6&#215;2 metri ed \u00e8 costituita da elementi del fondo e di una delle due fiancate della imbarcazione, mentre non \u00e8 stata registrata la presenza di un carico, probabilmente perch\u00e9 gi\u00e0 recuperato in passato, vista la profondit\u00e0 di soli due metri del fondale.<\/p>\n<p>Sono questi i primi risultati della <strong>prima campagna di archeologia subacquea<\/strong> conclusa ai primi di luglio, coordinata dal <strong>Museo Civico di Umago<\/strong>\u00a0nell&#8217;ambito del programma per la protezione del patrimonio culturale umaghese, finanziato dal Ministero della Cultura e dei Media della Repubblica di Croazia e la Citt\u00e0 di Umago e a cui sono stati chiamati a far parte <strong>anche gli archeologi dell\u2019Universit\u00e0 di Udine<\/strong>.<\/p>\n<p>Il Museo Civico di Umago ha coinvolto un team internazionale di esperti archeologi subacquei e navali.<\/p>\n<h3>La ricerca<\/h3>\n<p>La ricerca, che\u00a0si \u00e8 concentrata lungo il versante meridionale della penisola di Sipar, dove giace il relitto,\u00a0\u00e8 stata condotta dalla professoressa <strong>Tea Katunari\u0107 Kirjakov<\/strong> dell&#8217;Universit\u00e0 di Spalato, in collaborazione con il professor <strong>Massimo Capulli<\/strong> del dipartimento di Studi Umanistici e del Patrimonio Culturale dell&#8217;Universit\u00e0 di Udine, e <strong>Du\u0161anka Romanovi\u0107<\/strong>, curatrice senior del Dipartimento di Archeologia Subacquea del Museo Archeologico di Zara.<\/p>\n<p>Lo scavo ha visto anche la collaborazione attiva degli studenti dell\u2019ateneo friulano, come sottolinea\u00a0<strong>Massimo Capulli<\/strong> docente di Archeologia Subacquea e Navale: \u00abGli studenti hanno potuto osservare uno scafo medievale, osservarne i dettagli costruttivi e partecipare al rilievo fotogrammetrico tridimensionale realizzato proprio dalla nostra Universit\u00e0. A questo va aggiunto che lavorare in un team internazionale costituisce sempre un arricchimento\u00bb.<\/p>\n<p>La ricerca archeologica subacquea sistematica delle acque di Sipar \u00e8 stata avviata nel 2022 su iniziativa della responsabile delle ricerche terrestri sulla omonima penisola, l&#8217;archeologa <strong>Branka Milo\u0161evi\u0107 Zaki\u0107<\/strong>.<\/p>\n<p>In quell\u2019occasione furono individuati due frangiflutti che proteggevano l&#8217;ingresso alla baia e al centro di questo specchio acqueo fu osservata anche una sorta di isola artificiale.<\/p>\n<p>Su quest\u2019ultima, in particolare, \u00e8 leggibile la presenza di una struttura rettangolare che ha fatto ipotizzare l\u2019esistenza di un faro, dando impulso alle future ricerche, che nel 2023 hanno portato alla individuazione dei resti di una nave medievale.<\/p>\n","protected":false},"excerpt":{"rendered":"<p>Missione internazionale coordinata dal Museo di Umago. I risultati della prima campagna attestano che i resti della nave medievale dovrebbero risalire al XII secolo<\/p>\n","protected":false},"author":28,"featured_media":57710,"comment_status":"closed","ping_status":"closed","sticky":false,"template":"","format":"image","meta":{"dwc-title":[""],"dwc-content":[""],"footnotes":""},"categories":[5],"tags":[2197,1181,175,98,101,206],"class_list":["post-57709","post","type-post","status-publish","format-image","has-post-thumbnail","hentry","category-attualita","tag-archeologia","tag-croazia","tag-mare","tag-ricerca","tag-udine","tag-uniud","post_format-post-format-image"],"rttpg_featured_image_url":{"full":["https:\/\/imagazine.it\/wp-content\/uploads\/2024\/08\/immagine-dallalto-della-penisola-di-Sipar.jpg",1366,775,false],"landscape":["https:\/\/imagazine.it\/wp-content\/uploads\/2024\/08\/immagine-dallalto-della-penisola-di-Sipar.jpg",1366,775,false],"portraits":["https:\/\/imagazine.it\/wp-content\/uploads\/2024\/08\/immagine-dallalto-della-penisola-di-Sipar.jpg",1366,775,false],"thumbnail":["https:\/\/imagazine.it\/wp-content\/uploads\/2024\/08\/immagine-dallalto-della-penisola-di-Sipar-150x150.jpg",150,150,true],"medium":["https:\/\/imagazine.it\/wp-content\/uploads\/2024\/08\/immagine-dallalto-della-penisola-di-Sipar-300x170.jpg",300,170,true],"large":["https:\/\/imagazine.it\/wp-content\/uploads\/2024\/08\/immagine-dallalto-della-penisola-di-Sipar-1024x581.jpg",640,363,true],"thumblist":["https:\/\/imagazine.it\/wp-content\/uploads\/2024\/08\/immagine-dallalto-della-penisola-di-Sipar-300x300.jpg",300,300,true],"thumbrelated":["https:\/\/imagazine.it\/wp-content\/uploads\/2024\/08\/immagine-dallalto-della-penisola-di-Sipar-500x500.jpg",500,500,true],"meccarouselthumb":["https:\/\/imagazine.it\/wp-content\/uploads\/2024\/08\/immagine-dallalto-della-penisola-di-Sipar-474x324.jpg",474,324,true],"gridsquare":["https:\/\/imagazine.it\/wp-content\/uploads\/2024\/08\/immagine-dallalto-della-penisola-di-Sipar-391x260.jpg",391,260,true],"tileview":["https:\/\/imagazine.it\/wp-content\/uploads\/2024\/08\/immagine-dallalto-della-penisola-di-Sipar-300x400.jpg",300,400,true],"1536x1536":["https:\/\/imagazine.it\/wp-content\/uploads\/2024\/08\/immagine-dallalto-della-penisola-di-Sipar.jpg",1366,775,false],"2048x2048":["https:\/\/imagazine.it\/wp-content\/uploads\/2024\/08\/immagine-dallalto-della-penisola-di-Sipar.jpg",1366,775,false],"newsup-slider-full":["https:\/\/imagazine.it\/wp-content\/uploads\/2024\/08\/immagine-dallalto-della-penisola-di-Sipar-1280x720.jpg",1280,720,true],"newsup-featured":["https:\/\/imagazine.it\/wp-content\/uploads\/2024\/08\/immagine-dallalto-della-penisola-di-Sipar-1024x581.jpg",1024,581,true],"newsup-medium":["https:\/\/imagazine.it\/wp-content\/uploads\/2024\/08\/immagine-dallalto-della-penisola-di-Sipar-720x380.jpg",720,380,true],"tptn_thumbnail":["https:\/\/imagazine.it\/wp-content\/uploads\/2024\/08\/immagine-dallalto-della-penisola-di-Sipar-250x210.jpg",250,210,true],"sow-carousel-default":["https:\/\/imagazine.it\/wp-content\/uploads\/2024\/08\/immagine-dallalto-della-penisola-di-Sipar-272x182.jpg",272,182,true]},"rttpg_author":{"display_name":"redazione","author_link":"https:\/\/imagazine.it\/home_desk\/author\/redazione\/"},"rttpg_comment":0,"rttpg_category":"<a href=\"https:\/\/imagazine.it\/home_desk\/category\/attualita\/\" rel=\"category tag\">ATTUALIT\u00c0<\/a>","rttpg_excerpt":"Missione internazionale coordinata dal Museo di Umago. I risultati della prima campagna attestano che i resti della nave medievale dovrebbero risalire al XII secolo","_links":{"self":[{"href":"https:\/\/imagazine.it\/home_desk\/wp-json\/wp\/v2\/posts\/57709","targetHints":{"allow":["GET"]}}],"collection":[{"href":"https:\/\/imagazine.it\/home_desk\/wp-json\/wp\/v2\/posts"}],"about":[{"href":"https:\/\/imagazine.it\/home_desk\/wp-json\/wp\/v2\/types\/post"}],"author":[{"embeddable":true,"href":"https:\/\/imagazine.it\/home_desk\/wp-json\/wp\/v2\/users\/28"}],"replies":[{"embeddable":true,"href":"https:\/\/imagazine.it\/home_desk\/wp-json\/wp\/v2\/comments?post=57709"}],"version-history":[{"count":0,"href":"https:\/\/imagazine.it\/home_desk\/wp-json\/wp\/v2\/posts\/57709\/revisions"}],"wp:featuredmedia":[{"embeddable":true,"href":"https:\/\/imagazine.it\/home_desk\/wp-json\/wp\/v2\/media\/57710"}],"wp:attachment":[{"href":"https:\/\/imagazine.it\/home_desk\/wp-json\/wp\/v2\/media?parent=57709"}],"wp:term":[{"taxonomy":"category","embeddable":true,"href":"https:\/\/imagazine.it\/home_desk\/wp-json\/wp\/v2\/categories?post=57709"},{"taxonomy":"post_tag","embeddable":true,"href":"https:\/\/imagazine.it\/home_desk\/wp-json\/wp\/v2\/tags?post=57709"}],"curies":[{"name":"wp","href":"https:\/\/api.w.org\/{rel}","templated":true}]}}