{"id":57702,"date":"2024-08-02T13:11:17","date_gmt":"2024-08-02T11:11:17","guid":{"rendered":"https:\/\/imagazine.it\/home_desk\/?p=57702"},"modified":"2024-08-03T17:10:46","modified_gmt":"2024-08-03T15:10:46","slug":"pallanuoto-trieste-a-napoli-per-il-sogno-scudetto","status":"publish","type":"post","link":"https:\/\/imagazine.it\/home_desk\/pallanuoto-trieste-a-napoli-per-il-sogno-scudetto\/","title":{"rendered":"Pallanuoto Trieste: a Napoli per il sogno scudetto"},"content":{"rendered":"<p><span style=\"font-size: 10pt;\"><em>Gli Allievi della Pallanuoto Trieste<\/em><\/span><\/p>\n<p>TRIESTE \u2013 Un sogno tricolore per i ragazzi alabardati.<\/p>\n<p>Tra sabato 3 e marted\u00ec 6 agosto la piscina \u201cScandone\u201d di Napoli ospiter\u00e0 le fi<strong>nali scudetto della categoria Allievi<\/strong>.<\/p>\n<p>Sono otto le squadre in lizza, la <strong>Pallanuoto Trieste<\/strong> \u00e8 stata inserita nel girone 1 assieme a Pro Recco, Lazio Nuoto e Ortigia Academy; nel girone 2 Brescia Waterpolo, Quinto Genova, Roma Vis Nova e Cn Salerno.<\/p>\n<p>Gi\u00e0 stilato il calendario delle partite: si inizia sabato con la Pro Recco (ore 16.30), domenica doppio impegno con Lazio Nuoto (ore 10.00) e Ortigia Academy (ore 17.00).<\/p>\n<p>Luned\u00ec mattina i quarti di finale con sfide incrociate a seconda del posizionamento nei rispettivi gironi, luned\u00ec pomeriggio le semifinali. Marted\u00ec 6 agosto le gare per le medaglie, la finalissima \u00e8 in programma alle ore 12.00.<\/p>\n<p>\u201cSiamo arrivati al momento decisivo della stagione \u2013 analizza l\u2019allenatore <strong>Alberto Petrucci<\/strong> \u2013 per una squadra come la nostra, composta interamente da atleti cresciuti in societ\u00e0, non \u00e8 assolutamente facile confermarsi a livelli cos\u00ec alti. Siamo molto migliorati e cresciuti nel corso di questi mesi, andiamo a Napoli con tanto entusiasmo e voglia di fare bene. Gli avversari sono davvero forti, siamo capitati in un girone assai tosto, l\u2019obiettivo sar\u00e0 quello di raggiungere un buon piazzamento in vista dei quarti di finale. Poi vedremo quello che succeder\u00e0, noi comunque proveremo a giocarcela con tutti\u201d.<\/p>\n<p><strong>I convocati per le finali scudetto di Napoli:<\/strong> Luca Cozzolino, Federico Fumo, Alessandro Casavola, Max Cernecca, Brando Rosic, Andrea De Simone, Marco Tikic, Sasha Villan, Luka Fatovic, Francesco Zavattin, Cristian Fusaro, Giorgio Bianco, Diego Kavalic, Lorenzo Cernivc, Jacopo Gianni, Tom Campanile.<\/p>\n","protected":false},"excerpt":{"rendered":"<p>La squadra alabardata tra le otto finaliste che si contenderanno il titolo nazionale nella categoria Allievi<\/p>\n","protected":false},"author":28,"featured_media":57703,"comment_status":"closed","ping_status":"closed","sticky":false,"template":"","format":"image","meta":{"dwc-title":[""],"dwc-content":[""],"footnotes":""},"categories":[38],"tags":[2292,83,1817,1966,65],"class_list":["post-57702","post","type-post","status-publish","format-image","has-post-thumbnail","hentry","category-sport","tag-finali","tag-giovani","tag-napoli","tag-pallanuoto","tag-trieste","post_format-post-format-image"],"rttpg_featured_image_url":{"full":["https:\/\/imagazine.it\/wp-content\/uploads\/2024\/08\/allievi_finali_scudetto.jpg",1366,756,false],"landscape":["https:\/\/imagazine.it\/wp-content\/uploads\/2024\/08\/allievi_finali_scudetto.jpg",1366,756,false],"portraits":["https:\/\/imagazine.it\/wp-content\/uploads\/2024\/08\/allievi_finali_scudetto.jpg",1366,756,false],"thumbnail":["https:\/\/imagazine.it\/wp-content\/uploads\/2024\/08\/allievi_finali_scudetto-150x150.jpg",150,150,true],"medium":["https:\/\/imagazine.it\/wp-content\/uploads\/2024\/08\/allievi_finali_scudetto-300x166.jpg",300,166,true],"large":["https:\/\/imagazine.it\/wp-content\/uploads\/2024\/08\/allievi_finali_scudetto-1024x567.jpg",640,354,true],"thumblist":["https:\/\/imagazine.it\/wp-content\/uploads\/2024\/08\/allievi_finali_scudetto-300x300.jpg",300,300,true],"thumbrelated":["https:\/\/imagazine.it\/wp-content\/uploads\/2024\/08\/allievi_finali_scudetto-500x500.jpg",500,500,true],"meccarouselthumb":["https:\/\/imagazine.it\/wp-content\/uploads\/2024\/08\/allievi_finali_scudetto-474x324.jpg",474,324,true],"gridsquare":["https:\/\/imagazine.it\/wp-content\/uploads\/2024\/08\/allievi_finali_scudetto-391x260.jpg",391,260,true],"tileview":["https:\/\/imagazine.it\/wp-content\/uploads\/2024\/08\/allievi_finali_scudetto-300x400.jpg",300,400,true],"1536x1536":["https:\/\/imagazine.it\/wp-content\/uploads\/2024\/08\/allievi_finali_scudetto.jpg",1366,756,false],"2048x2048":["https:\/\/imagazine.it\/wp-content\/uploads\/2024\/08\/allievi_finali_scudetto.jpg",1366,756,false],"newsup-slider-full":["https:\/\/imagazine.it\/wp-content\/uploads\/2024\/08\/allievi_finali_scudetto-1280x720.jpg",1280,720,true],"newsup-featured":["https:\/\/imagazine.it\/wp-content\/uploads\/2024\/08\/allievi_finali_scudetto-1024x567.jpg",1024,567,true],"newsup-medium":["https:\/\/imagazine.it\/wp-content\/uploads\/2024\/08\/allievi_finali_scudetto-720x380.jpg",720,380,true],"tptn_thumbnail":["https:\/\/imagazine.it\/wp-content\/uploads\/2024\/08\/allievi_finali_scudetto-250x210.jpg",250,210,true],"sow-carousel-default":["https:\/\/imagazine.it\/wp-content\/uploads\/2024\/08\/allievi_finali_scudetto-272x182.jpg",272,182,true]},"rttpg_author":{"display_name":"redazione","author_link":"https:\/\/imagazine.it\/home_desk\/author\/redazione\/"},"rttpg_comment":0,"rttpg_category":"<a href=\"https:\/\/imagazine.it\/home_desk\/category\/sport\/\" rel=\"category tag\">SPORT<\/a>","rttpg_excerpt":"La squadra alabardata tra le otto finaliste che si contenderanno il titolo nazionale nella categoria Allievi","_links":{"self":[{"href":"https:\/\/imagazine.it\/home_desk\/wp-json\/wp\/v2\/posts\/57702","targetHints":{"allow":["GET"]}}],"collection":[{"href":"https:\/\/imagazine.it\/home_desk\/wp-json\/wp\/v2\/posts"}],"about":[{"href":"https:\/\/imagazine.it\/home_desk\/wp-json\/wp\/v2\/types\/post"}],"author":[{"embeddable":true,"href":"https:\/\/imagazine.it\/home_desk\/wp-json\/wp\/v2\/users\/28"}],"replies":[{"embeddable":true,"href":"https:\/\/imagazine.it\/home_desk\/wp-json\/wp\/v2\/comments?post=57702"}],"version-history":[{"count":0,"href":"https:\/\/imagazine.it\/home_desk\/wp-json\/wp\/v2\/posts\/57702\/revisions"}],"wp:featuredmedia":[{"embeddable":true,"href":"https:\/\/imagazine.it\/home_desk\/wp-json\/wp\/v2\/media\/57703"}],"wp:attachment":[{"href":"https:\/\/imagazine.it\/home_desk\/wp-json\/wp\/v2\/media?parent=57702"}],"wp:term":[{"taxonomy":"category","embeddable":true,"href":"https:\/\/imagazine.it\/home_desk\/wp-json\/wp\/v2\/categories?post=57702"},{"taxonomy":"post_tag","embeddable":true,"href":"https:\/\/imagazine.it\/home_desk\/wp-json\/wp\/v2\/tags?post=57702"}],"curies":[{"name":"wp","href":"https:\/\/api.w.org\/{rel}","templated":true}]}}