{"id":57662,"date":"2024-08-01T12:14:56","date_gmt":"2024-08-01T10:14:56","guid":{"rendered":"https:\/\/imagazine.it\/home_desk\/?p=57662"},"modified":"2024-08-01T12:21:21","modified_gmt":"2024-08-01T10:21:21","slug":"poste-a-trieste-la-sportellista-piu-giovane-della-provincia","status":"publish","type":"post","link":"https:\/\/imagazine.it\/home_desk\/poste-a-trieste-la-sportellista-piu-giovane-della-provincia\/","title":{"rendered":"Poste Italiane svela la sportellista pi\u00f9 giovane di Trieste"},"content":{"rendered":"<p><span style=\"font-size: 10pt;\"><em>Giada Grassi<\/em><\/span><\/p>\n<p>TRIESTE \u2013\u00a0<strong>Giada Grassi<\/strong>, di Trieste, con i suoi 22 anni \u00e8 la pi\u00f9 giovane sportellista della provincia.<\/p>\n<p>Lavora nell\u2019<strong>ufficio<\/strong> <strong>postale di Trieste Centro<\/strong>, ma \u00e8 entrata in azienda all\u2019et\u00e0 di 20 anni.<\/p>\n<p>Nelle scorse settimane l\u2019azienda aveva presentato <span style=\"text-decoration: underline;\"><a href=\"https:\/\/imagazine.it\/home_desk\/poste-a-monfalcone-lo-sportellista-piu-giovane-della-provincia\/\">lo sportellista pi\u00f9 giovane in provincia di Gorizia<\/a><\/span>.<\/p>\n<p><strong>Giada, come sei arrivata a Poste Italiane?<\/strong><\/p>\n<p><em>\u00ab<\/em>Ho terminato il liceo Dante, indirizzo Economico sociale, con le idee molto chiare: volevo lavorare. Ho preso al volo le prime opportunit\u00e0 che mi hanno offerto: un posto come barista e dopo come commessa in un negozio. In breve, per\u00f2, ho capito che non faceva per me. Cercavo qualcosa di diverso: apprezzavo il contatto con il pubblico, ma volevo imparare cose nuove, crescere professionalmente. Cercando in rete mi sono imbattuta nel sito di Poste Italiane che stava cercando personale per lo sportello. Non mi sono lasciata scappare questa opportunit\u00e0, ma mai avrei pensato che mi avrebbero chiamato dopo cos\u00ec poco tempo. Superato il periodo di prova, mi hanno proposto un contratto a tempo indeterminato<em>\u00bb. <\/em><\/p>\n<p><strong>Cosa apprezzi di pi\u00f9 del tuo lavoro<\/strong>?<\/p>\n<p>\u00abLa variet\u00e0, il contatto con le persone, la formazione continua e lavorare per obiettivi. Sono applicata allo sportello in Poste Centrali a Trieste, la realt\u00e0 pi\u00f9 grande e complessa del mio territorio: qui nessun giorno \u00e8 uguale all\u2019altro. Mi sto specializzando nel settore finanziario e in quello assicurativo. Lavorare in Poste Italiane mi permette di crescere e guardare al futuro con serenit\u00e0, coltivando ambizioni di crescita professionale e umana. Vorrei comprare una casa tutta mia. Mi considero molto fortunata perch\u00e9 sono giovane ma posso permettermi di pensare in grande\u00bb.<\/p>\n<p><strong>Come reagiscono i clienti quando vedono un volto cos\u00ec giovane? <\/strong><\/p>\n<p><em>\u00ab<\/em>Non \u00e8 mai stato un ostacolo: dopo un primo momento di sorpresa, apprezzano la professionalit\u00e0 e la gentilezza. Pi\u00f9 di qualcuno per\u00f2, che ha figli e nipoti della mia et\u00e0, mi chiede come sia arrivata qui cos\u00ec giovane. Io faccio presente che, come per tutte le grandi aziende, c\u2019\u00e8 una sezione fissa dedicata alla ricerca di personale, ma molti ancora lo ignorano, specialmente i miei coetanei<em>\u00bb.<\/em><\/p>\n<p>A tal proposito Poste Italiani ha aperto la ricerca di persone in Friuli Venezia Giulia. In particolare laureati o laureandi motivati a intraprendere un percorso di formazione e crescita professionale come consulenti finanziari.<\/p>\n<p>\u00c8 possibile inviare la propria <strong>candidatura entro il 1\u00b0 settembre<\/strong> accedendo al sito <span style=\"text-decoration: underline;\"><a href=\"http:\/\/posteitaliane.it\" target=\"_blank\" rel=\"noopener\">posteitaliane.it<\/a><\/span>, nella sezione \u201cCarriere\u201d dedicata a \u201cPosizioni Aperte\u201d in cui sono indicati i requisiti per partecipare alla selezione.<\/p>\n<p>Il candidato ideale, laureato o laureando (sia triennale che magistrale), dovr\u00e0 dimostrare interesse verso il mondo dei mercati finanziari, assicurativi e degli investimenti.<\/p>\n<p>Nel processo di selezione costituiranno requisiti preferenziali il possesso di un titolo di studio in discipline economico \u2013 giuridiche e la conoscenza delle normative vigenti in materia di investimenti e\/o distribuzione di prodotti assicurativi.<\/p>\n","protected":false},"excerpt":{"rendered":"<p>Si tratta della ventiduenne Giada Grassi, assunta due anni fa. Nel frattempo l&#8217;azienda apre a nuove assunzioni: domande entro inizio settembre<\/p>\n","protected":false},"author":28,"featured_media":57663,"comment_status":"closed","ping_status":"closed","sticky":false,"template":"","format":"image","meta":{"dwc-title":[""],"dwc-content":[""],"footnotes":""},"categories":[5],"tags":[83,472,1036],"class_list":["post-57662","post","type-post","status-publish","format-image","has-post-thumbnail","hentry","category-attualita","tag-giovani","tag-lavoro","tag-poste","post_format-post-format-image"],"rttpg_featured_image_url":{"full":["https:\/\/imagazine.it\/wp-content\/uploads\/2024\/08\/Giada-Grassi.jpg",1366,844,false],"landscape":["https:\/\/imagazine.it\/wp-content\/uploads\/2024\/08\/Giada-Grassi.jpg",1366,844,false],"portraits":["https:\/\/imagazine.it\/wp-content\/uploads\/2024\/08\/Giada-Grassi.jpg",1366,844,false],"thumbnail":["https:\/\/imagazine.it\/wp-content\/uploads\/2024\/08\/Giada-Grassi-150x150.jpg",150,150,true],"medium":["https:\/\/imagazine.it\/wp-content\/uploads\/2024\/08\/Giada-Grassi-300x185.jpg",300,185,true],"large":["https:\/\/imagazine.it\/wp-content\/uploads\/2024\/08\/Giada-Grassi-1024x633.jpg",640,396,true],"thumblist":["https:\/\/imagazine.it\/wp-content\/uploads\/2024\/08\/Giada-Grassi-300x300.jpg",300,300,true],"thumbrelated":["https:\/\/imagazine.it\/wp-content\/uploads\/2024\/08\/Giada-Grassi-500x500.jpg",500,500,true],"meccarouselthumb":["https:\/\/imagazine.it\/wp-content\/uploads\/2024\/08\/Giada-Grassi-474x324.jpg",474,324,true],"gridsquare":["https:\/\/imagazine.it\/wp-content\/uploads\/2024\/08\/Giada-Grassi-391x260.jpg",391,260,true],"tileview":["https:\/\/imagazine.it\/wp-content\/uploads\/2024\/08\/Giada-Grassi-300x400.jpg",300,400,true],"1536x1536":["https:\/\/imagazine.it\/wp-content\/uploads\/2024\/08\/Giada-Grassi.jpg",1366,844,false],"2048x2048":["https:\/\/imagazine.it\/wp-content\/uploads\/2024\/08\/Giada-Grassi.jpg",1366,844,false],"newsup-slider-full":["https:\/\/imagazine.it\/wp-content\/uploads\/2024\/08\/Giada-Grassi-1280x720.jpg",1280,720,true],"newsup-featured":["https:\/\/imagazine.it\/wp-content\/uploads\/2024\/08\/Giada-Grassi-1024x633.jpg",1024,633,true],"newsup-medium":["https:\/\/imagazine.it\/wp-content\/uploads\/2024\/08\/Giada-Grassi-720x380.jpg",720,380,true],"tptn_thumbnail":["https:\/\/imagazine.it\/wp-content\/uploads\/2024\/08\/Giada-Grassi-250x210.jpg",250,210,true],"sow-carousel-default":["https:\/\/imagazine.it\/wp-content\/uploads\/2024\/08\/Giada-Grassi-272x182.jpg",272,182,true]},"rttpg_author":{"display_name":"redazione","author_link":"https:\/\/imagazine.it\/home_desk\/author\/redazione\/"},"rttpg_comment":0,"rttpg_category":"<a href=\"https:\/\/imagazine.it\/home_desk\/category\/attualita\/\" rel=\"category tag\">ATTUALIT\u00c0<\/a>","rttpg_excerpt":"Si tratta della ventiduenne Giada Grassi, assunta due anni fa. Nel frattempo l'azienda apre a nuove assunzioni: domande entro inizio settembre","_links":{"self":[{"href":"https:\/\/imagazine.it\/home_desk\/wp-json\/wp\/v2\/posts\/57662","targetHints":{"allow":["GET"]}}],"collection":[{"href":"https:\/\/imagazine.it\/home_desk\/wp-json\/wp\/v2\/posts"}],"about":[{"href":"https:\/\/imagazine.it\/home_desk\/wp-json\/wp\/v2\/types\/post"}],"author":[{"embeddable":true,"href":"https:\/\/imagazine.it\/home_desk\/wp-json\/wp\/v2\/users\/28"}],"replies":[{"embeddable":true,"href":"https:\/\/imagazine.it\/home_desk\/wp-json\/wp\/v2\/comments?post=57662"}],"version-history":[{"count":0,"href":"https:\/\/imagazine.it\/home_desk\/wp-json\/wp\/v2\/posts\/57662\/revisions"}],"wp:featuredmedia":[{"embeddable":true,"href":"https:\/\/imagazine.it\/home_desk\/wp-json\/wp\/v2\/media\/57663"}],"wp:attachment":[{"href":"https:\/\/imagazine.it\/home_desk\/wp-json\/wp\/v2\/media?parent=57662"}],"wp:term":[{"taxonomy":"category","embeddable":true,"href":"https:\/\/imagazine.it\/home_desk\/wp-json\/wp\/v2\/categories?post=57662"},{"taxonomy":"post_tag","embeddable":true,"href":"https:\/\/imagazine.it\/home_desk\/wp-json\/wp\/v2\/tags?post=57662"}],"curies":[{"name":"wp","href":"https:\/\/api.w.org\/{rel}","templated":true}]}}