{"id":57655,"date":"2024-08-01T11:28:18","date_gmt":"2024-08-01T09:28:18","guid":{"rendered":"https:\/\/imagazine.it\/home_desk\/?p=57655"},"modified":"2024-08-01T18:18:55","modified_gmt":"2024-08-01T16:18:55","slug":"monfalcone-potenzia-la-videosorveglianza","status":"publish","type":"post","link":"https:\/\/imagazine.it\/home_desk\/monfalcone-potenzia-la-videosorveglianza\/","title":{"rendered":"Monfalcone potenzia la videosorveglianza"},"content":{"rendered":"<p>MONFALCONE \u2013 Nuove <strong>telecamere di videosorveglianza<\/strong> in arrivo a Monfalcone.<\/p>\n<p>Utilizzando\u00a0i fondi messi a disposizione dalla Regione per l\u2019estensione della videosorveglianza in zone cittadine di particolare interesse e ancora sprovviste delle telecamere, cominceranno nel mese di agosto i lavori per l\u2019installazione di <strong>ulteriori 5 apparati di ripresa<\/strong>.<\/p>\n<p>Gli interventi, oltre all\u2019installazione delle nuove telecamere, prevedono alcune opere accessorie, sia edilizie che impiantistiche, per consentire le necessarie connessioni alla rete comunale, la fornitura e la messa in esercizio.<\/p>\n<p>L&#8217;incarico di progettazione, coordinazione della sicurezza in fase di progettazione ed esecuzione, direzione lavori, tenuta della contabilit\u00e0 e collaudo \u00e8 stato affidato al professionista Sileno Giudizio, mentre sar\u00e0 la ditta RTCB Impianti\u00a0s.r.l. a\u00a0eseguire i lavori, per complessivi 33.950,06 euro.<\/p>\n<p>\u201cSi tratta di lavori che verranno realizzati attingendo ai fondi resi disponibili dai finanziamenti regionali, facendo quindi salire a <strong>343 i punti ottici presenti in citt\u00e0<\/strong>\u201d, spiega il vicesindaco facente funzioni, <strong>Antonio Garritani<\/strong>.<\/p>\n<h3>Contributi per la sicurezza<\/h3>\n<p>Anche per il 2024, inoltre, il Comune di Monfalcone\u00a0promuove le iniziative finalizzate a incrementare la sicurezza delle abitazioni private, nelle parti comuni dei condomini e negli edifici dedicati alla comunit\u00e0 ubicati all\u2019interno del territorio comunale.<\/p>\n<p>I cittadini possono infatti accedere ai contributi per le spese sostenute dall\u20191 gennaio al 31 dicembre 2024 per l\u2019acquisto, l\u2019installazione, il potenziamento, l\u2019ampliamento e l\u2019attivazione di sistemi antifurto, antirapina, antintrusione e sistemi di videosorveglianza.<\/p>\n<p>Nello specifico, telecamere collegate con centri di vigilanza privati, impianti di video-citofonia, apparecchi rilevatori di prevenzione antifurto e relative centraline, sistemi di allarme antintrusione, rilevatori di effrazione sui serramenti; l\u2019acquisto e posa in opera di porte e persiane blindate o rinforzate, saracinesche e tapparelle metalliche con bloccaggi, porte e finestre con vetri antisfondamento, grate e inferriate su porte o finestre, serrature antieffrazione e spioncini su porte.<\/p>\n<p>Coloro che intendono richiedere il contributo dovranno presentare apposita domanda entro il 31 dicembre 2024, che dovr\u00e0 pervenire al Protocollo generale del Comune di Monfalcone tramite Raccomandata A.R. oppure utilizzando la Pec, al seguente indirizzo:\u00a0<a href=\"mailto:comune.monfalcone@certgov.fvg.it\">comune.monfalcone@certgov.fvg.it<\/a>.<\/p>\n<p>Ulteriori informazioni, il bando e il modulo di presentazione della domanda saranno presto reperibili <span style=\"text-decoration: underline;\"><a href=\"https:\/\/www.comune.monfalcone.go.it\/\" target=\"_blank\" rel=\"noopener\">sul sito del Comune di Monfalcone<\/a><\/span>.<\/p>\n","protected":false},"excerpt":{"rendered":"<p>Nel mese di agosto il via ai lavori per l\u2019installazione di ulteriori 5 apparati di ripresa grazie all&#8217;utilizzo di fondi regionali<\/p>\n","protected":false},"author":28,"featured_media":57675,"comment_status":"closed","ping_status":"closed","sticky":false,"template":"","format":"image","meta":{"dwc-title":[""],"dwc-content":[""],"footnotes":""},"categories":[5],"tags":[51,534,1656,2282],"class_list":["post-57655","post","type-post","status-publish","format-image","has-post-thumbnail","hentry","category-attualita","tag-monfalcone","tag-sicurezza","tag-telecamere","tag-videosorveglianza","post_format-post-format-image"],"rttpg_featured_image_url":{"full":["https:\/\/imagazine.it\/wp-content\/uploads\/2024\/08\/stemma-fontana-scaled.jpg",2560,1123,false],"landscape":["https:\/\/imagazine.it\/wp-content\/uploads\/2024\/08\/stemma-fontana-scaled.jpg",2560,1123,false],"portraits":["https:\/\/imagazine.it\/wp-content\/uploads\/2024\/08\/stemma-fontana-scaled.jpg",2560,1123,false],"thumbnail":["https:\/\/imagazine.it\/wp-content\/uploads\/2024\/08\/stemma-fontana-150x150.jpg",150,150,true],"medium":["https:\/\/imagazine.it\/wp-content\/uploads\/2024\/08\/stemma-fontana-300x132.jpg",300,132,true],"large":["https:\/\/imagazine.it\/wp-content\/uploads\/2024\/08\/stemma-fontana-1024x449.jpg",640,281,true],"thumblist":["https:\/\/imagazine.it\/wp-content\/uploads\/2024\/08\/stemma-fontana-300x300.jpg",300,300,true],"thumbrelated":["https:\/\/imagazine.it\/wp-content\/uploads\/2024\/08\/stemma-fontana-500x500.jpg",500,500,true],"meccarouselthumb":["https:\/\/imagazine.it\/wp-content\/uploads\/2024\/08\/stemma-fontana-474x324.jpg",474,324,true],"gridsquare":["https:\/\/imagazine.it\/wp-content\/uploads\/2024\/08\/stemma-fontana-391x260.jpg",391,260,true],"tileview":["https:\/\/imagazine.it\/wp-content\/uploads\/2024\/08\/stemma-fontana-300x400.jpg",300,400,true],"1536x1536":["https:\/\/imagazine.it\/wp-content\/uploads\/2024\/08\/stemma-fontana-1536x674.jpg",1536,674,true],"2048x2048":["https:\/\/imagazine.it\/wp-content\/uploads\/2024\/08\/stemma-fontana-2048x899.jpg",2048,899,true],"newsup-slider-full":["https:\/\/imagazine.it\/wp-content\/uploads\/2024\/08\/stemma-fontana-1280x720.jpg",1280,720,true],"newsup-featured":["https:\/\/imagazine.it\/wp-content\/uploads\/2024\/08\/stemma-fontana-1024x449.jpg",1024,449,true],"newsup-medium":["https:\/\/imagazine.it\/wp-content\/uploads\/2024\/08\/stemma-fontana-720x380.jpg",720,380,true],"tptn_thumbnail":["https:\/\/imagazine.it\/wp-content\/uploads\/2024\/08\/stemma-fontana-250x210.jpg",250,210,true],"sow-carousel-default":["https:\/\/imagazine.it\/wp-content\/uploads\/2024\/08\/stemma-fontana-272x182.jpg",272,182,true]},"rttpg_author":{"display_name":"redazione","author_link":"https:\/\/imagazine.it\/home_desk\/author\/redazione\/"},"rttpg_comment":0,"rttpg_category":"<a href=\"https:\/\/imagazine.it\/home_desk\/category\/attualita\/\" rel=\"category tag\">ATTUALIT\u00c0<\/a>","rttpg_excerpt":"Nel mese di agosto il via ai lavori per l\u2019installazione di ulteriori 5 apparati di ripresa grazie all'utilizzo di fondi regionali","_links":{"self":[{"href":"https:\/\/imagazine.it\/home_desk\/wp-json\/wp\/v2\/posts\/57655","targetHints":{"allow":["GET"]}}],"collection":[{"href":"https:\/\/imagazine.it\/home_desk\/wp-json\/wp\/v2\/posts"}],"about":[{"href":"https:\/\/imagazine.it\/home_desk\/wp-json\/wp\/v2\/types\/post"}],"author":[{"embeddable":true,"href":"https:\/\/imagazine.it\/home_desk\/wp-json\/wp\/v2\/users\/28"}],"replies":[{"embeddable":true,"href":"https:\/\/imagazine.it\/home_desk\/wp-json\/wp\/v2\/comments?post=57655"}],"version-history":[{"count":0,"href":"https:\/\/imagazine.it\/home_desk\/wp-json\/wp\/v2\/posts\/57655\/revisions"}],"wp:featuredmedia":[{"embeddable":true,"href":"https:\/\/imagazine.it\/home_desk\/wp-json\/wp\/v2\/media\/57675"}],"wp:attachment":[{"href":"https:\/\/imagazine.it\/home_desk\/wp-json\/wp\/v2\/media?parent=57655"}],"wp:term":[{"taxonomy":"category","embeddable":true,"href":"https:\/\/imagazine.it\/home_desk\/wp-json\/wp\/v2\/categories?post=57655"},{"taxonomy":"post_tag","embeddable":true,"href":"https:\/\/imagazine.it\/home_desk\/wp-json\/wp\/v2\/tags?post=57655"}],"curies":[{"name":"wp","href":"https:\/\/api.w.org\/{rel}","templated":true}]}}