{"id":57638,"date":"2024-07-31T15:43:19","date_gmt":"2024-07-31T13:43:19","guid":{"rendered":"https:\/\/imagazine.it\/home_desk\/?p=57638"},"modified":"2024-08-01T11:29:01","modified_gmt":"2024-08-01T09:29:01","slug":"monfalcone-prende-forma-la-via-dellarte","status":"publish","type":"post","link":"https:\/\/imagazine.it\/home_desk\/monfalcone-prende-forma-la-via-dellarte\/","title":{"rendered":"Monfalcone: prende forma &#8220;La via dell&#8217;arte&#8221;"},"content":{"rendered":"<p>MONFALCONE \u2013 A <strong>Monfalcone<\/strong> prende forma la \u201c<strong>Via dell\u2019arte<\/strong>\u201d.<\/p>\n<p>\u00c8 infatti iniziata la seconda fase del piano di rigenerazione urbana a favore del turismo e del commercio del centro citt\u00e0, denominato \u201cla via dell\u2019arte\u201d, che prevede l\u2019installazione in quota di opere artistiche legate a Monfalcone.<\/p>\n<p>Da questa mattina, entrando da entrambi i varchi di <strong>Corso del Popolo<\/strong>, i passanti guardando in alto potranno osservare le nuove installazioni temporanee, composte da un sole stilizzato e da una barca a vela: caratteri identitari di Monfalcone.<\/p>\n<p>Insieme alle installazioni temporanee, che cambieranno tema ogni 4 mesi, sono gi\u00e0 presenti le statue donate alla citt\u00e0 dall\u2019artista staranzanese <strong>Giovanni Pacor<\/strong>.<\/p>\n<p>Due statue sono poste all\u2019ingresso e alla fine di Corso del Popolo, e una terza \u00e8 collocata in piazza Cavour, a fare\u00a0mostra di s\u00e9 all&#8217;ingresso della Galleria d\u2019Arte Contemporanea (prima fase).<\/p>\n<p>La terza parte del progetto prevede invece l&#8217;installazione di un grande portale all\u2019inizio del Corso del Popolo che introdurr\u00e0 la passeggiata a turisti e cittadini, rendendo ulteriormente attraente la via dei commercianti. \u201cIl portale \u2013 spiega l\u2019architetto <strong>Francesco Morena<\/strong>\u00a0\u2013 \u00e8 realizzato con delle lastre di vetro sovrapposte che la sera si illumineranno creando elementi luminosi di accesso al corso\u201d.<\/p>\n<figure id=\"attachment_57639\" aria-describedby=\"caption-attachment-57639\" style=\"width: 1000px\" class=\"wp-caption aligncenter\"><img loading=\"lazy\" decoding=\"async\" class=\"size-full wp-image-57639\" src=\"https:\/\/imagazine.it\/wp-content\/uploads\/2024\/07\/RENDER-PORTALE-CORSO-DEL-POPOLO.jpg\" alt=\"\" width=\"1000\" height=\"657\" title=\"\" srcset=\"https:\/\/imagazine.it\/wp-content\/uploads\/2024\/07\/RENDER-PORTALE-CORSO-DEL-POPOLO.jpg 1000w, https:\/\/imagazine.it\/wp-content\/uploads\/2024\/07\/RENDER-PORTALE-CORSO-DEL-POPOLO-300x197.jpg 300w, https:\/\/imagazine.it\/wp-content\/uploads\/2024\/07\/RENDER-PORTALE-CORSO-DEL-POPOLO-768x505.jpg 768w\" sizes=\"auto, (max-width: 1000px) 100vw, 1000px\" \/><figcaption id=\"caption-attachment-57639\" class=\"wp-caption-text\">Rendering del portale in Corso del Popolo<\/figcaption><\/figure>\n<p>Recher\u00e0 la scritta \u201c<em>Corso del Popolo via dell\u2019arte<\/em>\u201d.<\/p>\n<p>\u201cLa via dell\u2019arte\u201d si affianca al progetto di riuso degli spazi sfitti del centro, in cui l&#8217;obiettivo del Comune \u00e8 concedere alle realt\u00e0 composte da under 35 negozi e locali vuoti a canoni agevolati per le loro attivit\u00e0.<\/p>\n","protected":false},"excerpt":{"rendered":"<p>In fase di posizionamento il primo ciclo di installazioni artistiche in quota. Sole stilizzato e barche a vela come caratteri identitari della citt\u00e0<\/p>\n","protected":false},"author":28,"featured_media":57640,"comment_status":"closed","ping_status":"closed","sticky":false,"template":"","format":"image","meta":{"dwc-title":[""],"dwc-content":[""],"footnotes":""},"categories":[5],"tags":[2274,2275,51],"class_list":["post-57638","post","type-post","status-publish","format-image","has-post-thumbnail","hentry","category-attualita","tag-arredo-urbano","tag-marketing","tag-monfalcone","post_format-post-format-image"],"rttpg_featured_image_url":{"full":["https:\/\/imagazine.it\/wp-content\/uploads\/2024\/07\/Immagineallegata-1.jpg",1366,813,false],"landscape":["https:\/\/imagazine.it\/wp-content\/uploads\/2024\/07\/Immagineallegata-1.jpg",1366,813,false],"portraits":["https:\/\/imagazine.it\/wp-content\/uploads\/2024\/07\/Immagineallegata-1.jpg",1366,813,false],"thumbnail":["https:\/\/imagazine.it\/wp-content\/uploads\/2024\/07\/Immagineallegata-1-150x150.jpg",150,150,true],"medium":["https:\/\/imagazine.it\/wp-content\/uploads\/2024\/07\/Immagineallegata-1-300x179.jpg",300,179,true],"large":["https:\/\/imagazine.it\/wp-content\/uploads\/2024\/07\/Immagineallegata-1-1024x609.jpg",640,381,true],"thumblist":["https:\/\/imagazine.it\/wp-content\/uploads\/2024\/07\/Immagineallegata-1-300x300.jpg",300,300,true],"thumbrelated":["https:\/\/imagazine.it\/wp-content\/uploads\/2024\/07\/Immagineallegata-1-500x500.jpg",500,500,true],"meccarouselthumb":["https:\/\/imagazine.it\/wp-content\/uploads\/2024\/07\/Immagineallegata-1-474x324.jpg",474,324,true],"gridsquare":["https:\/\/imagazine.it\/wp-content\/uploads\/2024\/07\/Immagineallegata-1-391x260.jpg",391,260,true],"tileview":["https:\/\/imagazine.it\/wp-content\/uploads\/2024\/07\/Immagineallegata-1-300x400.jpg",300,400,true],"1536x1536":["https:\/\/imagazine.it\/wp-content\/uploads\/2024\/07\/Immagineallegata-1.jpg",1366,813,false],"2048x2048":["https:\/\/imagazine.it\/wp-content\/uploads\/2024\/07\/Immagineallegata-1.jpg",1366,813,false],"newsup-slider-full":["https:\/\/imagazine.it\/wp-content\/uploads\/2024\/07\/Immagineallegata-1-1280x720.jpg",1280,720,true],"newsup-featured":["https:\/\/imagazine.it\/wp-content\/uploads\/2024\/07\/Immagineallegata-1-1024x609.jpg",1024,609,true],"newsup-medium":["https:\/\/imagazine.it\/wp-content\/uploads\/2024\/07\/Immagineallegata-1-720x380.jpg",720,380,true],"tptn_thumbnail":["https:\/\/imagazine.it\/wp-content\/uploads\/2024\/07\/Immagineallegata-1-250x210.jpg",250,210,true],"sow-carousel-default":["https:\/\/imagazine.it\/wp-content\/uploads\/2024\/07\/Immagineallegata-1-272x182.jpg",272,182,true]},"rttpg_author":{"display_name":"redazione","author_link":"https:\/\/imagazine.it\/home_desk\/author\/redazione\/"},"rttpg_comment":0,"rttpg_category":"<a href=\"https:\/\/imagazine.it\/home_desk\/category\/attualita\/\" rel=\"category tag\">ATTUALIT\u00c0<\/a>","rttpg_excerpt":"In fase di posizionamento il primo ciclo di installazioni artistiche in quota. Sole stilizzato e barche a vela come caratteri identitari della citt\u00e0","_links":{"self":[{"href":"https:\/\/imagazine.it\/home_desk\/wp-json\/wp\/v2\/posts\/57638","targetHints":{"allow":["GET"]}}],"collection":[{"href":"https:\/\/imagazine.it\/home_desk\/wp-json\/wp\/v2\/posts"}],"about":[{"href":"https:\/\/imagazine.it\/home_desk\/wp-json\/wp\/v2\/types\/post"}],"author":[{"embeddable":true,"href":"https:\/\/imagazine.it\/home_desk\/wp-json\/wp\/v2\/users\/28"}],"replies":[{"embeddable":true,"href":"https:\/\/imagazine.it\/home_desk\/wp-json\/wp\/v2\/comments?post=57638"}],"version-history":[{"count":0,"href":"https:\/\/imagazine.it\/home_desk\/wp-json\/wp\/v2\/posts\/57638\/revisions"}],"wp:featuredmedia":[{"embeddable":true,"href":"https:\/\/imagazine.it\/home_desk\/wp-json\/wp\/v2\/media\/57640"}],"wp:attachment":[{"href":"https:\/\/imagazine.it\/home_desk\/wp-json\/wp\/v2\/media?parent=57638"}],"wp:term":[{"taxonomy":"category","embeddable":true,"href":"https:\/\/imagazine.it\/home_desk\/wp-json\/wp\/v2\/categories?post=57638"},{"taxonomy":"post_tag","embeddable":true,"href":"https:\/\/imagazine.it\/home_desk\/wp-json\/wp\/v2\/tags?post=57638"}],"curies":[{"name":"wp","href":"https:\/\/api.w.org\/{rel}","templated":true}]}}