{"id":57608,"date":"2024-07-30T17:49:35","date_gmt":"2024-07-30T15:49:35","guid":{"rendered":"https:\/\/imagazine.it\/home_desk\/?p=57608"},"modified":"2024-07-31T15:43:54","modified_gmt":"2024-07-31T13:43:54","slug":"riciclo-capsule-esauste-di-caffe-fvg-leader-in-italia","status":"publish","type":"post","link":"https:\/\/imagazine.it\/home_desk\/riciclo-capsule-esauste-di-caffe-fvg-leader-in-italia\/","title":{"rendered":"Riciclo capsule esauste di caff\u00e9: FVG leader in Italia"},"content":{"rendered":"<p><span style=\"font-size: 10pt;\"><em>(ph. M\u00e1rta B\u00e1tonyi da Pixabay)<\/em><\/span><\/p>\n<p>UDINE \u2013 Grazie al progetto <strong><em>Recap<\/em><\/strong>, la raccolta e il recupero delle capsule esauste in plastica sar\u00e0 presto una realt\u00e0 per tutto il territorio regionale.<\/p>\n<p>Ci\u00f2 consentir\u00e0 al <strong>Friuli Venezia Giulia<\/strong> di diventare la <strong>prima regione italiana<\/strong> ad avere un circuito dedicato a questa tipologia di rifiuto, promuovendola quale esempio di economia circolare nel settore delle capsule esauste a livello europeo.<\/p>\n<p>Ad anticipare lo scenario \u00e8 stato l&#8217;assessore regionale alla Difesa dell&#8217;ambiente, energia e sviluppo sostenibile <strong>Fabio Scoccimarro<\/strong>, intervenuto in apertura all&#8217;incontro tra i protagonisti del progetto <em>Recap<\/em> e i funzionari regionali.<\/p>\n<p>&#8220;A breve \u2013 ha anticipato l\u2019assessore \u2013 verr\u00e0 avviata la seconda fase del programma. Ulteriori sviluppi del progetto potranno riguardare, a livello regionale, l&#8217;ampliamento del numero di centri di raccolta nonch\u00e9, a livello sovraregionale, l&#8217;auspicabile estensione della raccolta nelle regioni contermini e, se possibile, all&#8217;intero Nord Italia. Il Friuli Venezia Giulia si candida a essere apripista in questo modello di economia circolare&#8221;.<\/p>\n<p>La prima fase del progetto pilota, promosso e coordinato dal Servizio Rifiuti della Direzione Centrale alla difesa dell&#8217;ambiente, energia e sviluppo sostenibile, \u00e8 iniziata alla fine del 2021 e ha visto il coinvolgimento dei produttori di caff\u00e8 in capsule <strong>illy Spa<\/strong> e <strong>Nestl\u00e8 Spa<\/strong>, nonch\u00e9 dei gestori del servizio di gestione dei rifiuti urbani AcegasApsAmga Spa, Net Spa, A&amp;T2000 Spa, che hanno effettuato la raccolta delle capsule nei comuni di Trieste, Udine, Campoformido e Pasian di Prato.<\/p>\n<p>Le capsule sono state poi trattate presso l&#8217;<strong>impianto<\/strong> <strong>sperimentale Net Spa di Udine<\/strong>.<\/p>\n<p>Questa prima fase \u00e8 durata sei mesi, si \u00e8 conclusa nel luglio 2022 ed \u00e8 stata fondamentale per raccogliere dati sulla qualit\u00e0 del materiale raccolto, sulla possibile destinazione dei materiali recuperati nonch\u00e9 per ipotizzare possibili sviluppi concreti del progetto.<\/p>\n<p>Dopo un periodo di valutazione dei risultati ottenuti e dei vari scenari possibili, il gestore AcegasApsAmga Spa, con il supporto di illy Spa e Nestl\u00e8 Spa, si \u00e8 reso disponibile a proseguire le attivit\u00e0 passando dal livello sperimentale a quello industriale, coinvolgendo la societ\u00e0 <strong>Logica Srl<\/strong>, il cui impianto di trattamento rifiuti, in comune di Trieste, \u00e8 stato autorizzato nel 2023, per il trattamento delle capsule esauste.<\/p>\n<p>La seconda fase, che indicativamente si vorrebbe far partire il prossimo mese di settembre, vedr\u00e0 il coinvolgimento di tutti i gestori presenti nel territorio regionale (AcegasApsAmga Spa, A&amp;T2000 Spa, Ambiente Servizi Spa, Isontina Ambiente Srl, Net Spa, Gea Spa) che per l&#8217;occasione, in un&#8217;ottica di fattiva collaborazione, hanno messo <strong>a disposizione 32 centri di raccolta ubicati sul territorio regionale<\/strong>, nei quelli verr\u00e0 effettuata la raccolta delle capsule che verranno poi trattate presso l&#8217;impianto di Logica Srl.<\/p>\n<p>I costi derivanti da raccolta e trattamento saranno coperti da illy Spa e Nestl\u00e8 Spa.<\/p>\n","protected":false},"excerpt":{"rendered":"<p>A settembre la seconda fase del progetto Recap: prima regione italiana ad avere un circuito dedicato a questa tipologia di rifiuto<\/p>\n","protected":false},"author":28,"featured_media":57609,"comment_status":"closed","ping_status":"closed","sticky":false,"template":"","format":"image","meta":{"dwc-title":[""],"dwc-content":[""],"footnotes":""},"categories":[5],"tags":[66,411,1584,1708,1082],"class_list":["post-57608","post","type-post","status-publish","format-image","has-post-thumbnail","hentry","category-attualita","tag-ambiente","tag-caffe","tag-innovazione","tag-riciclo","tag-rifiuti","post_format-post-format-image"],"rttpg_featured_image_url":{"full":["https:\/\/imagazine.it\/wp-content\/uploads\/2024\/07\/coffee-MartaBatonyi.jpg",1366,641,false],"landscape":["https:\/\/imagazine.it\/wp-content\/uploads\/2024\/07\/coffee-MartaBatonyi.jpg",1366,641,false],"portraits":["https:\/\/imagazine.it\/wp-content\/uploads\/2024\/07\/coffee-MartaBatonyi.jpg",1366,641,false],"thumbnail":["https:\/\/imagazine.it\/wp-content\/uploads\/2024\/07\/coffee-MartaBatonyi-150x150.jpg",150,150,true],"medium":["https:\/\/imagazine.it\/wp-content\/uploads\/2024\/07\/coffee-MartaBatonyi-300x141.jpg",300,141,true],"large":["https:\/\/imagazine.it\/wp-content\/uploads\/2024\/07\/coffee-MartaBatonyi-1024x481.jpg",640,301,true],"thumblist":["https:\/\/imagazine.it\/wp-content\/uploads\/2024\/07\/coffee-MartaBatonyi-300x300.jpg",300,300,true],"thumbrelated":["https:\/\/imagazine.it\/wp-content\/uploads\/2024\/07\/coffee-MartaBatonyi-500x500.jpg",500,500,true],"meccarouselthumb":["https:\/\/imagazine.it\/wp-content\/uploads\/2024\/07\/coffee-MartaBatonyi-474x324.jpg",474,324,true],"gridsquare":["https:\/\/imagazine.it\/wp-content\/uploads\/2024\/07\/coffee-MartaBatonyi-391x260.jpg",391,260,true],"tileview":["https:\/\/imagazine.it\/wp-content\/uploads\/2024\/07\/coffee-MartaBatonyi-300x400.jpg",300,400,true],"1536x1536":["https:\/\/imagazine.it\/wp-content\/uploads\/2024\/07\/coffee-MartaBatonyi.jpg",1366,641,false],"2048x2048":["https:\/\/imagazine.it\/wp-content\/uploads\/2024\/07\/coffee-MartaBatonyi.jpg",1366,641,false],"newsup-slider-full":["https:\/\/imagazine.it\/wp-content\/uploads\/2024\/07\/coffee-MartaBatonyi-1280x641.jpg",1280,641,true],"newsup-featured":["https:\/\/imagazine.it\/wp-content\/uploads\/2024\/07\/coffee-MartaBatonyi-1024x481.jpg",1024,481,true],"newsup-medium":["https:\/\/imagazine.it\/wp-content\/uploads\/2024\/07\/coffee-MartaBatonyi-720x380.jpg",720,380,true],"tptn_thumbnail":["https:\/\/imagazine.it\/wp-content\/uploads\/2024\/07\/coffee-MartaBatonyi-250x210.jpg",250,210,true],"sow-carousel-default":["https:\/\/imagazine.it\/wp-content\/uploads\/2024\/07\/coffee-MartaBatonyi-272x182.jpg",272,182,true]},"rttpg_author":{"display_name":"redazione","author_link":"https:\/\/imagazine.it\/home_desk\/author\/redazione\/"},"rttpg_comment":0,"rttpg_category":"<a href=\"https:\/\/imagazine.it\/home_desk\/category\/attualita\/\" rel=\"category tag\">ATTUALIT\u00c0<\/a>","rttpg_excerpt":"A settembre la seconda fase del progetto Recap: prima regione italiana ad avere un circuito dedicato a questa tipologia di rifiuto","_links":{"self":[{"href":"https:\/\/imagazine.it\/home_desk\/wp-json\/wp\/v2\/posts\/57608","targetHints":{"allow":["GET"]}}],"collection":[{"href":"https:\/\/imagazine.it\/home_desk\/wp-json\/wp\/v2\/posts"}],"about":[{"href":"https:\/\/imagazine.it\/home_desk\/wp-json\/wp\/v2\/types\/post"}],"author":[{"embeddable":true,"href":"https:\/\/imagazine.it\/home_desk\/wp-json\/wp\/v2\/users\/28"}],"replies":[{"embeddable":true,"href":"https:\/\/imagazine.it\/home_desk\/wp-json\/wp\/v2\/comments?post=57608"}],"version-history":[{"count":0,"href":"https:\/\/imagazine.it\/home_desk\/wp-json\/wp\/v2\/posts\/57608\/revisions"}],"wp:featuredmedia":[{"embeddable":true,"href":"https:\/\/imagazine.it\/home_desk\/wp-json\/wp\/v2\/media\/57609"}],"wp:attachment":[{"href":"https:\/\/imagazine.it\/home_desk\/wp-json\/wp\/v2\/media?parent=57608"}],"wp:term":[{"taxonomy":"category","embeddable":true,"href":"https:\/\/imagazine.it\/home_desk\/wp-json\/wp\/v2\/categories?post=57608"},{"taxonomy":"post_tag","embeddable":true,"href":"https:\/\/imagazine.it\/home_desk\/wp-json\/wp\/v2\/tags?post=57608"}],"curies":[{"name":"wp","href":"https:\/\/api.w.org\/{rel}","templated":true}]}}