{"id":57580,"date":"2024-07-29T16:24:17","date_gmt":"2024-07-29T14:24:17","guid":{"rendered":"https:\/\/imagazine.it\/home_desk\/?p=57580"},"modified":"2024-07-29T16:24:17","modified_gmt":"2024-07-29T14:24:17","slug":"hotel-madridda","status":"publish","type":"post","link":"https:\/\/imagazine.it\/home_desk\/hotel-madridda\/","title":{"rendered":"Hotel Madridda"},"content":{"rendered":"<p>Romanzo breve ma potente. Sono123 pagine intense, nelle quali la trama \u00e8 intessuta di temi fondanti, mai abbastanza espressi e analizzati, quelli che <strong>Grazia Verasani<\/strong> dissemina nella narrazione di \u201c<em>Hotel Madridda<\/em>\u201d (Masilio, pagg. 123 euro15).<\/p>\n<h3>I TEMI<\/h3>\n<p>La forza della giovent\u00f9 e il valore degli ideali, la volont\u00e0 di stare assieme per sconfiggere la potenza del male, la difficolt\u00e0 di crescere e il peso dei sensi di colpa. Il mistero della bellezza della natura e dell\u2019arte.<\/p>\n<p>Il richiamo della vita, l\u2019istinto di sopravvivenza pi\u00f9 forte di qualunque insuccesso, il fascino della morte come gesto estremo di protesta, la magia dell\u2019incontro, il fascino della bellezza delle donne e la loro fragilit\u00e0 di fronte alla violenza, il valore della scrittura quale rifugio salvifico.<\/p>\n<h3>UN LIBRO CHE GHERMISCE<\/h3>\n<p>Un libro che non aspetta, dalla prima pagina ghermisce il lettore, visivo, olfattivo, tattile nella sua capacit\u00e0 di raccontare azioni semplici ma importanti, essenziali, che si svolgono nell\u2019arco di una manciata di giorni.<\/p>\n<p>Un conteso futuro, ma forse presente o anche passato; uno stato di negazione della libert\u00e0, il potere \u00e8 Deima, un nome senza storia, senza volto, che segrega artisti, scrittori, giornalisti, uomini e donne che vorrebbero non smettere di pensare.<\/p>\n<p>Che si oppongono a una dittatura brutale che tutto nega e regala droghe e alcool per inebetire. Pochi personaggi dalla profonda e intensa personalit\u00e0, definiti in modo netto, senza incertezze di azione e ruolo.<\/p>\n<h3>LA PROTAGONISTA<\/h3>\n<p>La protagonista \u00e8 Selma, una donna vecchia, dal passato combattivo, fedele a ideali e libera, convinta che la vera utopia \u00e8 la giustizia.<\/p>\n<p>La sua colpa aver osato scrivere un articolo di critica al potere, e dunque \u00e8 stata deportata, con tanti altri nella Balanskaja di fronte all\u2019Hotel Madridda.<\/p>\n<p>Granitica nella sua lucidit\u00e0 di tenere a bada la paura che distorce la realt\u00e0. Un paesaggio grigio, freddo, senza colori e luce dominato da un possente edificio di 10 piani, un tempo luogo di festa e spettacolo, residenza di artisti e oggi scheletro vuoto e saccheggiato.<\/p>\n<p>Con la sua mole ammorba la prigione a cielo aperto suddiviso in Zone dove Selma conduce una vita che \u00e8 \u201cuna continua ondata di nausea\u201d. Sono in molti i vecchi e le vecchie senza speranza come lei.<\/p>\n<h3>L\u2019IMPREVISTO TINO<\/h3>\n<p>L\u2019imprevisto arrivo di Tino, un ventenne minuto e timido, rifugiatosi nel suo loculo- appartamento per sfuggire alle guardie, cambia i suoi giorni e riaccende sentimenti che lei pensava morti.<\/p>\n<p>E in qualche modo anche la visione di altre persone che conducono vite da fossili, sue vicine di casa, che ritrovano, pur nella paura si essere scoperti, l\u2019ardore di stare assieme, parlarsi, scambiarsi parole e idee.<\/p>\n<h3>UN ROMANZO CHE INQUIETA<\/h3>\n<p>Un romanzo che inquieta come un film scritto da un bravo sceneggiatore e realizzato da un altrettanto valente regista: non per niente da uno dei primi romanzi di Grazia Verasani \u201c<em>Quo vadis baby<\/em>\u201d nel 2005 \u00e8 stato tratto l\u2019omonimo film di Gabriele Salvatores. E altri ne sono seguiti.<\/p>\n","protected":false},"excerpt":{"rendered":"<p>Il romanzo breve ma potente di Grazia Verasani. Un libro che ghermisce in uno stato di negazione della libert\u00e0 <\/p>\n","protected":false},"author":23,"featured_media":57581,"comment_status":"closed","ping_status":"closed","sticky":false,"template":"","format":"image","meta":{"dwc-title":[""],"dwc-content":[""],"footnotes":""},"categories":[37],"tags":[273,2264,2265],"class_list":["post-57580","post","type-post","status-publish","format-image","has-post-thumbnail","hentry","category-cultura-e-spettacolo","tag-libri","tag-recensioni","tag-verasani","post_format-post-format-image"],"rttpg_featured_image_url":{"full":["https:\/\/imagazine.it\/wp-content\/uploads\/2024\/07\/Copertina-Madridda-di-Verasani.jpg",1366,2095,false],"landscape":["https:\/\/imagazine.it\/wp-content\/uploads\/2024\/07\/Copertina-Madridda-di-Verasani.jpg",1366,2095,false],"portraits":["https:\/\/imagazine.it\/wp-content\/uploads\/2024\/07\/Copertina-Madridda-di-Verasani.jpg",1366,2095,false],"thumbnail":["https:\/\/imagazine.it\/wp-content\/uploads\/2024\/07\/Copertina-Madridda-di-Verasani-150x150.jpg",150,150,true],"medium":["https:\/\/imagazine.it\/wp-content\/uploads\/2024\/07\/Copertina-Madridda-di-Verasani-196x300.jpg",196,300,true],"large":["https:\/\/imagazine.it\/wp-content\/uploads\/2024\/07\/Copertina-Madridda-di-Verasani-668x1024.jpg",640,981,true],"thumblist":["https:\/\/imagazine.it\/wp-content\/uploads\/2024\/07\/Copertina-Madridda-di-Verasani-300x300.jpg",300,300,true],"thumbrelated":["https:\/\/imagazine.it\/wp-content\/uploads\/2024\/07\/Copertina-Madridda-di-Verasani-500x500.jpg",500,500,true],"meccarouselthumb":["https:\/\/imagazine.it\/wp-content\/uploads\/2024\/07\/Copertina-Madridda-di-Verasani-474x324.jpg",474,324,true],"gridsquare":["https:\/\/imagazine.it\/wp-content\/uploads\/2024\/07\/Copertina-Madridda-di-Verasani-391x260.jpg",391,260,true],"tileview":["https:\/\/imagazine.it\/wp-content\/uploads\/2024\/07\/Copertina-Madridda-di-Verasani-300x400.jpg",300,400,true],"1536x1536":["https:\/\/imagazine.it\/wp-content\/uploads\/2024\/07\/Copertina-Madridda-di-Verasani-1002x1536.jpg",1002,1536,true],"2048x2048":["https:\/\/imagazine.it\/wp-content\/uploads\/2024\/07\/Copertina-Madridda-di-Verasani-1335x2048.jpg",1335,2048,true],"newsup-slider-full":["https:\/\/imagazine.it\/wp-content\/uploads\/2024\/07\/Copertina-Madridda-di-Verasani-1280x720.jpg",1280,720,true],"newsup-featured":["https:\/\/imagazine.it\/wp-content\/uploads\/2024\/07\/Copertina-Madridda-di-Verasani-1024x1570.jpg",1024,1570,true],"newsup-medium":["https:\/\/imagazine.it\/wp-content\/uploads\/2024\/07\/Copertina-Madridda-di-Verasani-720x380.jpg",720,380,true],"tptn_thumbnail":["https:\/\/imagazine.it\/wp-content\/uploads\/2024\/07\/Copertina-Madridda-di-Verasani-250x210.jpg",250,210,true],"sow-carousel-default":["https:\/\/imagazine.it\/wp-content\/uploads\/2024\/07\/Copertina-Madridda-di-Verasani-272x182.jpg",272,182,true]},"rttpg_author":{"display_name":"Margherita Reguitti","author_link":"https:\/\/imagazine.it\/home_desk\/author\/reguitti\/"},"rttpg_comment":0,"rttpg_category":"<a href=\"https:\/\/imagazine.it\/home_desk\/category\/cultura-e-spettacolo\/\" rel=\"category tag\">CULTURA&amp;SPETTACOLO<\/a>","rttpg_excerpt":"Il romanzo breve ma potente di Grazia Verasani. Un libro che ghermisce in uno stato di negazione della libert\u00e0","_links":{"self":[{"href":"https:\/\/imagazine.it\/home_desk\/wp-json\/wp\/v2\/posts\/57580","targetHints":{"allow":["GET"]}}],"collection":[{"href":"https:\/\/imagazine.it\/home_desk\/wp-json\/wp\/v2\/posts"}],"about":[{"href":"https:\/\/imagazine.it\/home_desk\/wp-json\/wp\/v2\/types\/post"}],"author":[{"embeddable":true,"href":"https:\/\/imagazine.it\/home_desk\/wp-json\/wp\/v2\/users\/23"}],"replies":[{"embeddable":true,"href":"https:\/\/imagazine.it\/home_desk\/wp-json\/wp\/v2\/comments?post=57580"}],"version-history":[{"count":0,"href":"https:\/\/imagazine.it\/home_desk\/wp-json\/wp\/v2\/posts\/57580\/revisions"}],"wp:featuredmedia":[{"embeddable":true,"href":"https:\/\/imagazine.it\/home_desk\/wp-json\/wp\/v2\/media\/57581"}],"wp:attachment":[{"href":"https:\/\/imagazine.it\/home_desk\/wp-json\/wp\/v2\/media?parent=57580"}],"wp:term":[{"taxonomy":"category","embeddable":true,"href":"https:\/\/imagazine.it\/home_desk\/wp-json\/wp\/v2\/categories?post=57580"},{"taxonomy":"post_tag","embeddable":true,"href":"https:\/\/imagazine.it\/home_desk\/wp-json\/wp\/v2\/tags?post=57580"}],"curies":[{"name":"wp","href":"https:\/\/api.w.org\/{rel}","templated":true}]}}