{"id":57573,"date":"2024-07-29T15:04:44","date_gmt":"2024-07-29T13:04:44","guid":{"rendered":"https:\/\/imagazine.it\/home_desk\/?p=57573"},"modified":"2024-07-29T15:04:44","modified_gmt":"2024-07-29T13:04:44","slug":"ruda-larte-del-ricamo-conquista-tutti","status":"publish","type":"post","link":"https:\/\/imagazine.it\/home_desk\/ruda-larte-del-ricamo-conquista-tutti\/","title":{"rendered":"Ruda: l&#8217;arte del ricamo conquista tutti"},"content":{"rendered":"<p>RUDA \u2013 L\u2019arte del ricamo continua ad appassionare.<\/p>\n<p>Nonostante un&#8217;interruzione di quattro anni, causa covid, e un cambio di guida con la nuova maestra, Serena, che vanta 40 anni di esperienza all&#8217;interno di questo corso e ha deciso di mettersi in gioco anche come insegnante, l&#8217;adesione e l&#8217;interesse per questa arte antica non sono venuti meno.<\/p>\n<p>Al corso si sono iscritti 16 bambini e 3 adulti, con diverse altre richieste purtroppo non compatibili con l&#8217;orario mattutino delle lezioni.<\/p>\n<p>L&#8217;et\u00e0 dei partecipanti \u00e8 molto varia: dal pi\u00f9 piccolo di 7 anni, al pi\u00f9 grande di 73.<\/p>\n<p>Tra gli iscritti anche un maschietto, a dimostrazione che il ricamo non \u00e8 affatto un&#8217;attivit\u00e0 esclusiva delle donne.<\/p>\n<p>Due degli adulti hanno scelto di dedicarsi al cucito creativo, realizzando una borsa in tessuto interamente cucita a mano.<\/p>\n<p>I restanti partecipanti, tra cui la signora Valmina, si sono invece dedicati al ricamo imparando i punti fondamentali come l&#8217;orlo a giorno, il punto erba, il punto macchina e il punto croce, utilizzando un classico &#8220;imparaticcio&#8221; (un semplice pezzo di tessuto).<\/p>\n<p>Nonostante le alte temperature estive, tutti hanno lavorato con grande entusiasmo e compagnia, stringendo nuove amicizie tra bambini provenienti da diverse scuole (anche da fuori Ruda).<\/p>\n<p>Non sono mancati nemmeno i momenti di allegria, con canti intonati dalle ragazze pi\u00f9 grandi alle quali poi si sono unite anche le pi\u00f9 piccole.<\/p>\n<p>A differenza degli anni passati, il corso proseguir\u00e0 anche durante l&#8217;inverno con incontri quindicinali, compatibilmente con gli impegni scolastici, sportivi e di catechismo dei partecipanti.<\/p>\n<p>Le ragazze hanno gi\u00e0 espresso il desiderio di passare al cucito creativo con il pannolenci per ampliare le loro conoscenze e tecniche. C&#8217;\u00e8 gi\u00e0 una lista di attesa di persone che non hanno potuto partecipare a questo corso per motivi di lavoro, ma che sono interessate a iscriversi agli incontri quindicinali invernali.<\/p>\n","protected":false},"excerpt":{"rendered":"<p>Dai giovanissimi agli adulti, anche quest&#8217;anno il corso estivo tenuto dalla maestra Serena ha fatto il pieno. Tanto da essere riproposto anche in inverno<\/p>\n","protected":false},"author":22,"featured_media":57574,"comment_status":"closed","ping_status":"closed","sticky":false,"template":"","format":"image","meta":{"dwc-title":[""],"dwc-content":[""],"footnotes":""},"categories":[5],"tags":[2263,83,1785,212],"class_list":["post-57573","post","type-post","status-publish","format-image","has-post-thumbnail","hentry","category-attualita","tag-corsi","tag-giovani","tag-ricamo","tag-ruda","post_format-post-format-image"],"rttpg_featured_image_url":{"full":["https:\/\/imagazine.it\/wp-content\/uploads\/2024\/07\/ricamo.jpg",1366,926,false],"landscape":["https:\/\/imagazine.it\/wp-content\/uploads\/2024\/07\/ricamo.jpg",1366,926,false],"portraits":["https:\/\/imagazine.it\/wp-content\/uploads\/2024\/07\/ricamo.jpg",1366,926,false],"thumbnail":["https:\/\/imagazine.it\/wp-content\/uploads\/2024\/07\/ricamo-150x150.jpg",150,150,true],"medium":["https:\/\/imagazine.it\/wp-content\/uploads\/2024\/07\/ricamo-300x203.jpg",300,203,true],"large":["https:\/\/imagazine.it\/wp-content\/uploads\/2024\/07\/ricamo-1024x694.jpg",640,434,true],"thumblist":["https:\/\/imagazine.it\/wp-content\/uploads\/2024\/07\/ricamo-300x300.jpg",300,300,true],"thumbrelated":["https:\/\/imagazine.it\/wp-content\/uploads\/2024\/07\/ricamo-500x500.jpg",500,500,true],"meccarouselthumb":["https:\/\/imagazine.it\/wp-content\/uploads\/2024\/07\/ricamo-474x324.jpg",474,324,true],"gridsquare":["https:\/\/imagazine.it\/wp-content\/uploads\/2024\/07\/ricamo-391x260.jpg",391,260,true],"tileview":["https:\/\/imagazine.it\/wp-content\/uploads\/2024\/07\/ricamo-300x400.jpg",300,400,true],"1536x1536":["https:\/\/imagazine.it\/wp-content\/uploads\/2024\/07\/ricamo.jpg",1366,926,false],"2048x2048":["https:\/\/imagazine.it\/wp-content\/uploads\/2024\/07\/ricamo.jpg",1366,926,false],"newsup-slider-full":["https:\/\/imagazine.it\/wp-content\/uploads\/2024\/07\/ricamo-1280x720.jpg",1280,720,true],"newsup-featured":["https:\/\/imagazine.it\/wp-content\/uploads\/2024\/07\/ricamo-1024x694.jpg",1024,694,true],"newsup-medium":["https:\/\/imagazine.it\/wp-content\/uploads\/2024\/07\/ricamo-720x380.jpg",720,380,true],"tptn_thumbnail":["https:\/\/imagazine.it\/wp-content\/uploads\/2024\/07\/ricamo-250x210.jpg",250,210,true],"sow-carousel-default":["https:\/\/imagazine.it\/wp-content\/uploads\/2024\/07\/ricamo-272x182.jpg",272,182,true]},"rttpg_author":{"display_name":"Livio Nonis","author_link":"https:\/\/imagazine.it\/home_desk\/author\/nonis\/"},"rttpg_comment":0,"rttpg_category":"<a href=\"https:\/\/imagazine.it\/home_desk\/category\/attualita\/\" rel=\"category tag\">ATTUALIT\u00c0<\/a>","rttpg_excerpt":"Dai giovanissimi agli adulti, anche quest'anno il corso estivo tenuto dalla maestra Serena ha fatto il pieno. Tanto da essere riproposto anche in inverno","_links":{"self":[{"href":"https:\/\/imagazine.it\/home_desk\/wp-json\/wp\/v2\/posts\/57573","targetHints":{"allow":["GET"]}}],"collection":[{"href":"https:\/\/imagazine.it\/home_desk\/wp-json\/wp\/v2\/posts"}],"about":[{"href":"https:\/\/imagazine.it\/home_desk\/wp-json\/wp\/v2\/types\/post"}],"author":[{"embeddable":true,"href":"https:\/\/imagazine.it\/home_desk\/wp-json\/wp\/v2\/users\/22"}],"replies":[{"embeddable":true,"href":"https:\/\/imagazine.it\/home_desk\/wp-json\/wp\/v2\/comments?post=57573"}],"version-history":[{"count":0,"href":"https:\/\/imagazine.it\/home_desk\/wp-json\/wp\/v2\/posts\/57573\/revisions"}],"wp:featuredmedia":[{"embeddable":true,"href":"https:\/\/imagazine.it\/home_desk\/wp-json\/wp\/v2\/media\/57574"}],"wp:attachment":[{"href":"https:\/\/imagazine.it\/home_desk\/wp-json\/wp\/v2\/media?parent=57573"}],"wp:term":[{"taxonomy":"category","embeddable":true,"href":"https:\/\/imagazine.it\/home_desk\/wp-json\/wp\/v2\/categories?post=57573"},{"taxonomy":"post_tag","embeddable":true,"href":"https:\/\/imagazine.it\/home_desk\/wp-json\/wp\/v2\/tags?post=57573"}],"curies":[{"name":"wp","href":"https:\/\/api.w.org\/{rel}","templated":true}]}}