{"id":57568,"date":"2024-07-29T14:03:41","date_gmt":"2024-07-29T12:03:41","guid":{"rendered":"https:\/\/imagazine.it\/home_desk\/?p=57568"},"modified":"2024-07-31T13:08:38","modified_gmt":"2024-07-31T11:08:38","slug":"riparte-da-grado-lo-spettacolo-del-teatro-di-figura","status":"publish","type":"post","link":"https:\/\/imagazine.it\/home_desk\/riparte-da-grado-lo-spettacolo-del-teatro-di-figura\/","title":{"rendered":"Riparte da Grado lo spettacolo del Teatro di Figura"},"content":{"rendered":"<p><span style=\"font-size: 10pt;\"><em>Lo spettacolo &#8220;Dormosofista&#8221;<\/em><\/span><\/p>\n<p>GORIZIA \u2013 Nella sala Kubo del Gect di Gorizia, \u00e8 stata presentata la <strong>33\u00aa edizione dell\u2019Alpe Adria Puppet Festival<\/strong>.<\/p>\n<p>L\u2019appuntamento internazionale e transfrontaliero di teatro di figura \u00e8 ideato e organizzato dal <strong>CTA &#8211; Centro Teatro Animazione e Figure di Gorizia<\/strong>, sotto la direzione artistica di <strong>Roberto Piaggio<\/strong>, che quest\u2019anno avr\u00e0 come tema \u201c<strong><em>Illusioni<\/em><\/strong>\u201d.<\/p>\n<p>La prima parte del Festival si terr\u00e0 <strong>dal 19 al 23 agosto<\/strong> a <strong>Grado<\/strong> e nelle \u201c<strong>Vetrine<\/strong>\u201d di <strong>San Floriano del Collio, Cividale del Friuli, Gradisca d\u2019Isonzo e San Canzian d\u2019Isonzo<\/strong>.<\/p>\n<p>Quello a Grado e nelle Vetrine \u00e8 un appuntamento particolarmente vocato al pubblico delle famiglie, sia italiane che straniere.<\/p>\n<p>La seconda sezione, anch\u2019essa rivolta a tutti, \u00e8 in programma <strong>dall\u20191 al 6 ottobre a Gorizia e Nova Gorica<\/strong> e porr\u00e0 un focus sulle nuove tendenze del teatro di figura e di innovazione europeo.<\/p>\n<p>Durante le due sezioni del Festival, si snoder\u00e0 la prima parte di due progetti speciali: <strong><em>Art&amp;Puppets<\/em><\/strong>, finanziato dall\u2019Unione europea nell\u2019ambito del Fondo per piccoli progetti (Small Project Fund) GO! 2025 del Programma Interreg VI-A Italia-Slovenia 2021-2027, gestito dal GECT GO; e <strong><em>Transport<\/em><\/strong>, finanziato dal programma Europa Creativa 2021-2027.<\/p>\n<p>Il primo porter\u00e0 a Grado il laboratorio e l\u2019evento di flash art <em>La nuvola -The Thundercluod<\/em>, pensato appositamente dall\u2019artista <strong>Claudio Milani<\/strong> per il Festival e permetter\u00e0 a bambini e adulti di realizzare insieme una nuvola che si trasforma in un arcobaleno pieno di colori. Sempre ad agosto, per Art&amp;Puppets, arriveranno spettacoli come <em>Chatungla<\/em>, del <strong>Teatro Silfo<\/strong> (Spagna), e <em>Short Stories<\/em> di <strong>Dirtz Theatre<\/strong> (Francia).<\/p>\n<figure id=\"attachment_57570\" aria-describedby=\"caption-attachment-57570\" style=\"width: 1000px\" class=\"wp-caption aligncenter\"><img loading=\"lazy\" decoding=\"async\" class=\"size-full wp-image-57570\" src=\"https:\/\/imagazine.it\/wp-content\/uploads\/2024\/07\/teatroSilfo-Chatungla1.jpg\" alt=\"\" width=\"1000\" height=\"750\" title=\"\" srcset=\"https:\/\/imagazine.it\/wp-content\/uploads\/2024\/07\/teatroSilfo-Chatungla1.jpg 1000w, https:\/\/imagazine.it\/wp-content\/uploads\/2024\/07\/teatroSilfo-Chatungla1-300x225.jpg 300w, https:\/\/imagazine.it\/wp-content\/uploads\/2024\/07\/teatroSilfo-Chatungla1-768x576.jpg 768w\" sizes=\"auto, (max-width: 1000px) 100vw, 1000px\" \/><figcaption id=\"caption-attachment-57570\" class=\"wp-caption-text\">Lo spettacolo Chatungla del Teatro Silfo<\/figcaption><\/figure>\n<p>In autunno, fra gli altri, sempre per Art&amp;Puppets sbarcheranno a Gorizia e Nova Gorica gli spettacoli <em>Schattenwerfer-Shades Of Shadows<\/em>, di <strong>Tangram Collektiv<\/strong> (Germania); <em>Kidri\u010deva 29c<\/em> del <strong>Lutkovno <\/strong><strong>Gledali\u0161\u010de Ljubljana<\/strong>, con i giovanissimi artisti Martin Mlakar e Tajda Lipicer; <em>Five Lines<\/em> di <strong>Frau<\/strong> <strong>Trapp<\/strong> (Spagna) e <em>A Mano<\/em> della Compagnia <strong>El Patio<\/strong> (Spagna); il <em>Lighting Guerrilla<\/em>,\u00a0intervento di teatro di oggetto e luci, curato da <strong>Strip Core\/Forum Ljubljana<\/strong> e <em>Watching machine<\/em> di <strong>Macarena Recuerda<\/strong> <strong>Shepherd<\/strong> (Catalogna-Spagna), in perfetta linea con il tema del Puppet Festival di quest\u2019anno, \u201cIllusioni\u201d.<\/p>\n<p>Il progetto Transport mette in rete il CTA di GORIZIA con altri sei teatri europei: Lutkovno Gledali\u0161\u010de Ljubljana, Lutkovno Gledali\u0161\u010de Maribor (Slovenia), Divadlo Alfa (Rep. Ceca), Eesti Noorsooteater (Estonia), Klaip\u0117dos L\u0117li\u0173 Teatras (Lituania), Teatr Lalek (Polonia) sul tema dei trasporti in una dimensione globale. Quest\u2019anno andr\u00e0 in scena a Gorizia e a Nova Gorica la \u201cprima\u201d performance <em>Cargo <\/em>del Lutkovno Gledali\u0161\u010de Maribor (Slovenia).<\/p>\n<p>L\u2019Alpe Adria Puppet Festival fa parte anche del <strong>Progetto Cantiere<\/strong>, che promuove un percorso di accompagnamento alla produzione per giovani artisti e compagnie di Teatro di Figura nazionali ed europee, attraverso residenze teatrali e seminari nei 5 festival partner.<\/p>\n<p>A Gorizia, sar\u00e0 presente <strong>Carola Maternini<\/strong> con lo spettacolo <em>Louis<\/em>.<\/p>\n<p>Non mancheranno le prime assolute, che nascono da collaborazioni instaurate dal CTA con Teatri, Cooperative e Associazioni del territorio, come <em>Turandot Express<\/em> che unisce teatro d\u2019opera e teatro di figura, realizzato con <strong>Piccolo Opera Festival<\/strong>;\u00a0<em>2XGO<\/em>, che porta in scena teatro d\u2019oggetti e musica dal vivo, che nasce da una partneship con <strong>Slow Coop<\/strong>, e <em>Contimi, Crassigne<\/em>, progettato con il <strong>Teatri Stabil Furlan<\/strong> che mette insieme teatro d\u2019attore e pupazzi.<\/p>\n<p>Infine, il Teatro di figura d\u2019autore con un vero e proprio focus su artisti che sperimentano nuove modalit\u00e0 drammaturgiche ed espressive nel teatro di figura.<\/p>\n<p>In particolare, il duo <strong>Brunello\/Molnar<\/strong>, con gli spettacoli <em>Il Pane Quotidiano<\/em> e <em>Il Mago Balaton<\/em>; <strong>Claudio Montagna<\/strong> con il suo ormai famoso teatro da tavolo che proporr\u00e0 due interventi: <em>Aeroplani di carta<\/em> e <em>Trascinato sulla via del disonore<\/em> e, a chiudere il Festival,<strong> Come due Sorelle, <\/strong>il quarto percorso immersivo di Gorizia Nascosta, che pone uno sguardo all\u2019architettura del primo Novecento di Gorizia e Nova Gorica e un\u2019originale, quanto affascinante,\u00a0 versione di <em>Natale in casa Cupiello<\/em> di Edoardo delle compagnie napoletane <strong>Teatri associati\/Interno5<\/strong>.<\/p>\n","protected":false},"excerpt":{"rendered":"<p>Presentata la 33\u00aa edizione dell\u2019Alpe Adria Puppet Festival. Ad agosto l&#8217;appuntamento sul mare. A ottobre focus a Gorizia e Nova Gorica<\/p>\n","protected":false},"author":28,"featured_media":57569,"comment_status":"closed","ping_status":"closed","sticky":false,"template":"","format":"image","meta":{"dwc-title":[""],"dwc-content":[""],"footnotes":""},"categories":[37],"tags":[261,826,330,43,174,2262,821,52],"class_list":["post-57568","post","type-post","status-publish","format-image","has-post-thumbnail","hentry","category-cultura-e-spettacolo","tag-eventi","tag-eventi-fvg","tag-famiglie","tag-gorizia","tag-grado","tag-puppet","tag-spettacoli","tag-teatro","post_format-post-format-image"],"rttpg_featured_image_url":{"full":["https:\/\/imagazine.it\/wp-content\/uploads\/2024\/07\/Dromosofista-1.jpg",1366,910,false],"landscape":["https:\/\/imagazine.it\/wp-content\/uploads\/2024\/07\/Dromosofista-1.jpg",1366,910,false],"portraits":["https:\/\/imagazine.it\/wp-content\/uploads\/2024\/07\/Dromosofista-1.jpg",1366,910,false],"thumbnail":["https:\/\/imagazine.it\/wp-content\/uploads\/2024\/07\/Dromosofista-1-150x150.jpg",150,150,true],"medium":["https:\/\/imagazine.it\/wp-content\/uploads\/2024\/07\/Dromosofista-1-300x200.jpg",300,200,true],"large":["https:\/\/imagazine.it\/wp-content\/uploads\/2024\/07\/Dromosofista-1-1024x682.jpg",640,426,true],"thumblist":["https:\/\/imagazine.it\/wp-content\/uploads\/2024\/07\/Dromosofista-1-300x300.jpg",300,300,true],"thumbrelated":["https:\/\/imagazine.it\/wp-content\/uploads\/2024\/07\/Dromosofista-1-500x500.jpg",500,500,true],"meccarouselthumb":["https:\/\/imagazine.it\/wp-content\/uploads\/2024\/07\/Dromosofista-1-474x324.jpg",474,324,true],"gridsquare":["https:\/\/imagazine.it\/wp-content\/uploads\/2024\/07\/Dromosofista-1-391x260.jpg",391,260,true],"tileview":["https:\/\/imagazine.it\/wp-content\/uploads\/2024\/07\/Dromosofista-1-300x400.jpg",300,400,true],"1536x1536":["https:\/\/imagazine.it\/wp-content\/uploads\/2024\/07\/Dromosofista-1.jpg",1366,910,false],"2048x2048":["https:\/\/imagazine.it\/wp-content\/uploads\/2024\/07\/Dromosofista-1.jpg",1366,910,false],"newsup-slider-full":["https:\/\/imagazine.it\/wp-content\/uploads\/2024\/07\/Dromosofista-1-1280x720.jpg",1280,720,true],"newsup-featured":["https:\/\/imagazine.it\/wp-content\/uploads\/2024\/07\/Dromosofista-1-1024x682.jpg",1024,682,true],"newsup-medium":["https:\/\/imagazine.it\/wp-content\/uploads\/2024\/07\/Dromosofista-1-720x380.jpg",720,380,true],"tptn_thumbnail":["https:\/\/imagazine.it\/wp-content\/uploads\/2024\/07\/Dromosofista-1-250x210.jpg",250,210,true],"sow-carousel-default":["https:\/\/imagazine.it\/wp-content\/uploads\/2024\/07\/Dromosofista-1-272x182.jpg",272,182,true]},"rttpg_author":{"display_name":"redazione","author_link":"https:\/\/imagazine.it\/home_desk\/author\/redazione\/"},"rttpg_comment":0,"rttpg_category":"<a href=\"https:\/\/imagazine.it\/home_desk\/category\/cultura-e-spettacolo\/\" rel=\"category tag\">CULTURA&amp;SPETTACOLO<\/a>","rttpg_excerpt":"Presentata la 33\u00aa edizione dell\u2019Alpe Adria Puppet Festival. Ad agosto l'appuntamento sul mare. A ottobre focus a Gorizia e Nova Gorica","_links":{"self":[{"href":"https:\/\/imagazine.it\/home_desk\/wp-json\/wp\/v2\/posts\/57568","targetHints":{"allow":["GET"]}}],"collection":[{"href":"https:\/\/imagazine.it\/home_desk\/wp-json\/wp\/v2\/posts"}],"about":[{"href":"https:\/\/imagazine.it\/home_desk\/wp-json\/wp\/v2\/types\/post"}],"author":[{"embeddable":true,"href":"https:\/\/imagazine.it\/home_desk\/wp-json\/wp\/v2\/users\/28"}],"replies":[{"embeddable":true,"href":"https:\/\/imagazine.it\/home_desk\/wp-json\/wp\/v2\/comments?post=57568"}],"version-history":[{"count":0,"href":"https:\/\/imagazine.it\/home_desk\/wp-json\/wp\/v2\/posts\/57568\/revisions"}],"wp:featuredmedia":[{"embeddable":true,"href":"https:\/\/imagazine.it\/home_desk\/wp-json\/wp\/v2\/media\/57569"}],"wp:attachment":[{"href":"https:\/\/imagazine.it\/home_desk\/wp-json\/wp\/v2\/media?parent=57568"}],"wp:term":[{"taxonomy":"category","embeddable":true,"href":"https:\/\/imagazine.it\/home_desk\/wp-json\/wp\/v2\/categories?post=57568"},{"taxonomy":"post_tag","embeddable":true,"href":"https:\/\/imagazine.it\/home_desk\/wp-json\/wp\/v2\/tags?post=57568"}],"curies":[{"name":"wp","href":"https:\/\/api.w.org\/{rel}","templated":true}]}}